{"id":529906,"date":"2025-11-12T22:00:49","date_gmt":"2025-11-12T22:00:49","guid":{"rendered":"https:\/\/www.europesays.com\/fr\/529906\/"},"modified":"2025-11-12T22:00:49","modified_gmt":"2025-11-12T22:00:49","slug":"nantes-le-reseau-de-transport-ouvre-sa-troisieme-ligne-de-navibus-sur-la-loire","status":"publish","type":"post","link":"https:\/\/www.europesays.com\/fr\/529906\/","title":{"rendered":"Nantes : Le r\u00e9seau de transport ouvre sa troisi\u00e8me ligne de Navibus sur la Loire"},"content":{"rendered":"<p class=\"mb-4 text-lg md:leading-8 break-words\"><strong>transports en commun &#8211; Une troisi\u00e8me ligne de Navibus entre en service mercredi \u00e0 Nantes. Elle permet aux usagers de traverser la Loire entre Trentemoult et Bas-Chantenay<\/strong><\/p>\n<p class=\"mb-4 text-lg md:leading-8 break-words\">Dans la cit\u00e9 des ducs, les transports en commun ne se limitent pas qu\u2019aux bus et aux tramways. Travers\u00e9e par la <a href=\"https:\/\/www.20minutes.fr\/faits_divers\/4177485-20251006-loire-atlantique-voiture-tombe-loire-secours-interviennent?at_medium=RSS%20feed&amp;at_campaign=ynews&amp;utm_source=yahoo&amp;utm_medium=rss&amp;utm_campaign=news_feed&amp;utm_content=in_article_link\" rel=\"nofollow noopener\" target=\"_blank\" data-ylk=\"slk:Loire;elm:context_link;itc:0;sec:content-canvas\" class=\"link \">Loire<\/a>, la ville b\u00e9n\u00e9ficie de trois liaisons fluviales. L\u2019une d\u2019entre elles, la ligne Navibus N2, a \u00e9t\u00e9 inaugur\u00e9e mercredi matin en pr\u00e9sence de <a href=\"https:\/\/www.20minutes.fr\/dossier\/johanna_rolland?at_medium=RSS%20feed&amp;at_campaign=ynews&amp;utm_source=yahoo&amp;utm_medium=rss&amp;utm_campaign=news_feed&amp;utm_content=in_article_link\" rel=\"nofollow noopener\" target=\"_blank\" data-ylk=\"slk:Johanna Rolland;elm:context_link;itc:0;sec:content-canvas\" class=\"link \">Johanna Rolland<\/a>, maire socialiste.<\/p>\n<p class=\"mb-4 text-lg md:leading-8 break-words\">Cet am\u00e9nagement qui relie Trentemoult-Sabli\u00e8res \u00e0 Rez\u00e9, Bas-Chantenay et l\u2019\u00eele de <a href=\"https:\/\/www.20minutes.fr\/nantes\/?at_medium=RSS%20feed&amp;at_campaign=ynews&amp;utm_source=yahoo&amp;utm_medium=rss&amp;utm_campaign=news_feed&amp;utm_content=in_article_link\" rel=\"nofollow noopener\" target=\"_blank\" data-ylk=\"slk:Nantes;elm:context_link;itc:0;sec:content-canvas\" class=\"link \">Nantes<\/a>, fait suite \u00e0 \u00ab la concertation publique men\u00e9e en 2022, durant laquelle les habitantes et habitants ont exprim\u00e9 un fort soutien en faveur de ce franchissement [\u2026] qui facilite les d\u00e9placements quotidiens \u00bb entre les deux rives.<\/p>\n<p>140 places de parking<\/p>\n<p class=\"mb-4 text-lg md:leading-8 break-words\">Ce nouvel axe fluvial s\u2019inscrit dans le prolongement de la ligne de Navibus d\u00e9j\u00e0 existante reliant Bas-Chantenay au Hangar \u00e0 bananes avec \u00ab l\u2019am\u00e9nagement d\u2019un embarcad\u00e8re et d\u2019un parking-relais \u00bb de 140 places et une station de v\u00e9los en libre-service c\u00f4t\u00e9 Trentemoult, d\u00e9taille Nantes m\u00e9tropole dans un communiqu\u00e9.<\/p>\n<p class=\"mb-4 text-lg md:leading-8 break-words\">Cette nouvelle ligne est ouverte de 7 heures \u00e0 20 heures entre octobre et mai et de 7 heures \u00e0 minuit de juin \u00e0 septembre avec une navette toutes les 20 minutes aux heures de pointe et toutes les 32 minutes pendant les heures creuses.<\/p>\n<p class=\"mb-4 text-lg md:leading-8 break-words\"><a href=\"https:\/\/www.20minutes.fr\/nantes\/4185211-20251112-nantes-reseau-transport-ouvre-troisieme-ligne-navibus-loire?at_medium=RSS%20feed&amp;at_campaign=ynews&amp;utm_source=yahoo&amp;utm_medium=rss&amp;utm_campaign=news_feed&amp;utm_content=read_more_link&quot;\" rel=\"nofollow noopener\" target=\"_blank\" data-ylk=\"slk:Lire la suite sur 20minutes;elm:context_link;itc:0;sec:content-canvas\" class=\"link \">Lire la suite sur 20minutes<\/a><\/p>\n<p>\u00c0 lire aussi :<br \/><a href=\"https:\/\/www.20minutes.fr\/faits_divers\/faits-divers-nantes\/4184555-20251109-cinq-detenus-blesses-prison-nantes-apres-rixe-armes-blanches?at_medium=RSS%20feed&amp;at_campaign=ynews&amp;utm_source=yahoo&amp;utm_medium=rss&amp;utm_campaign=news_feed&amp;utm_content=related_content_link\" rel=\"nofollow noopener\" target=\"_blank\" data-ylk=\"slk:Cinq d\u00e9tenus bless\u00e9s \u00e0 la prison de Nantes apr\u00e8s \u00ab une rixe avec armes blanches \u00bb;elm:context_link;itc:0;sec:content-canvas\" class=\"link \">Cinq d\u00e9tenus bless\u00e9s \u00e0 la prison de Nantes apr\u00e8s \u00ab une rixe avec armes blanches \u00bb<\/a><br \/><a href=\"https:\/\/www.20minutes.fr\/nantes\/4184475-20251108-ligue-1-ultras-fc-nantes-attaquent-supporters-rennais-apres-match?at_medium=RSS%20feed&amp;at_campaign=ynews&amp;utm_source=yahoo&amp;utm_medium=rss&amp;utm_campaign=news_feed&amp;utm_content=related_content_link\" rel=\"nofollow noopener\" target=\"_blank\" data-ylk=\"slk:Ligue 1 : Des ultras du FC Nantes s\u2019attaquent \u00e0 des supporters rennais apr\u00e8s un match;elm:context_link;itc:0;sec:content-canvas\" class=\"link \">Ligue 1 : Des ultras du FC Nantes s\u2019attaquent \u00e0 des supporters rennais apr\u00e8s un match<\/a><\/p>\n","protected":false},"excerpt":{"rendered":"transports en commun &#8211; Une troisi\u00e8me ligne de Navibus entre en service mercredi \u00e0 Nantes. Elle permet aux&hellip;\n","protected":false},"author":2,"featured_media":529907,"comment_status":"","ping_status":"","sticky":false,"template":"","format":"standard","meta":{"footnotes":""},"categories":[2818],"tags":[1111,11,1777,674,1011,27,6945,766,63481,12,2636,25,2216,18021],"class_list":{"0":"post-529906","1":"post","2":"type-post","3":"status-publish","4":"format-standard","5":"has-post-thumbnail","7":"category-nantes","8":"tag-actu","9":"tag-actualites","10":"tag-eu","11":"tag-europe","12":"tag-fr","13":"tag-france","14":"tag-johanna-rolland","15":"tag-nantes","16":"tag-navibus","17":"tag-news","18":"tag-pays-de-la-loire","19":"tag-republique-francaise","20":"tag-transports-en-commun","21":"tag-trentemoult"},"share_on_mastodon":{"url":"https:\/\/pubeurope.com\/@fr\/115538983859899709","error":""},"_links":{"self":[{"href":"https:\/\/www.europesays.com\/fr\/wp-json\/wp\/v2\/posts\/529906","targetHints":{"allow":["GET"]}}],"collection":[{"href":"https:\/\/www.europesays.com\/fr\/wp-json\/wp\/v2\/posts"}],"about":[{"href":"https:\/\/www.europesays.com\/fr\/wp-json\/wp\/v2\/types\/post"}],"author":[{"embeddable":true,"href":"https:\/\/www.europesays.com\/fr\/wp-json\/wp\/v2\/users\/2"}],"replies":[{"embeddable":true,"href":"https:\/\/www.europesays.com\/fr\/wp-json\/wp\/v2\/comments?post=529906"}],"version-history":[{"count":0,"href":"https:\/\/www.europesays.com\/fr\/wp-json\/wp\/v2\/posts\/529906\/revisions"}],"wp:featuredmedia":[{"embeddable":true,"href":"https:\/\/www.europesays.com\/fr\/wp-json\/wp\/v2\/media\/529907"}],"wp:attachment":[{"href":"https:\/\/www.europesays.com\/fr\/wp-json\/wp\/v2\/media?parent=529906"}],"wp:term":[{"taxonomy":"category","embeddable":true,"href":"https:\/\/www.europesays.com\/fr\/wp-json\/wp\/v2\/categories?post=529906"},{"taxonomy":"post_tag","embeddable":true,"href":"https:\/\/www.europesays.com\/fr\/wp-json\/wp\/v2\/tags?post=529906"}],"curies":[{"name":"wp","href":"https:\/\/api.w.org\/{rel}","templated":true}]}}