{"id":529912,"date":"2025-11-12T22:04:12","date_gmt":"2025-11-12T22:04:12","guid":{"rendered":"https:\/\/www.europesays.com\/fr\/529912\/"},"modified":"2025-11-12T22:04:12","modified_gmt":"2025-11-12T22:04:12","slug":"une-salariee-de-laerospatiale-conduira-une-liste-de-revolution-permanente","status":"publish","type":"post","link":"https:\/\/www.europesays.com\/fr\/529912\/","title":{"rendered":"une salari\u00e9e de l\u2019a\u00e9rospatiale conduira une liste de R\u00e9volution Permanente"},"content":{"rendered":"<p>                    Par<br \/>\n        <strong><br \/>\n            <a href=\"https:\/\/actu.fr\/auteur\/guillaume-laurens\" title=\"Consulter tous les articles de Guillaume Laurens\" rel=\"nofollow noopener\" target=\"_blank\">Guillaume Laurens<\/a><br \/>\n                    <\/strong><\/p>\n<p>        Publi\u00e9 le<\/p>\n<p>            12 nov. 2025 \u00e0 19h32        <\/p>\n<p>Un nouvel acteur s\u2019invite dans la course au Capitole 2026. L\u2019organisation d\u2019extr\u00eame-gauche <strong>R\u00e9volution Permanente<\/strong> annonce en ce mois de novembre 2025 se pr\u00e9senter pour la premi\u00e8re fois aux <a href=\"https:\/\/actu.fr\/toulouse\/politique\/elections-municipales\" rel=\"nofollow noopener\" target=\"_blank\">\u00e9lections municipales \u00e0 <strong>Toulouse<\/strong><\/a>, afin de \u00ab\u00a0faire entendre la voix des travailleurs, de la jeunesse et des quartiers populaires\u00a0\u00bb. Une <strong>salari\u00e9e de l\u2019a\u00e9rospatiale<\/strong> m\u00e8nera sa liste.<\/p>\n<p>Haro sur le maire \u00ab\u00a0converti au macronisme\u00a0\u00bb<\/p>\n<p class=\" wall-content\">\u00ab\u00a0Jean-Luc Moudenc pr\u00e9sente un bilan d\u00e9sastreux pour les travailleurs et les classes populaires\u00a0\u00bb, selon R\u00e9volution Permanente, qui estime que \u00ab\u00a0depuis 2014, la politique de cet ex-LR converti au macronisme consiste \u00e0 appliquer \u00e0 la lettre les politiques aust\u00e9ritaires de destruction des services publics, de gentrification du centre-ville et de cadeaux aux grandes entreprises, et en particulier \u00e0 Airbus\u00a0\u00bb. Regrettant \u00ab\u00a0les coupes budg\u00e9taires importantes appliqu\u00e9es aux biblioth\u00e8ques municipales, aux cr\u00e8ches et aux \u00e9coles primaires\u00a0\u00bb, le parti trotskyste estime que \u00ab\u00a0le maire pr\u00e9f\u00e8re le financement massif de sa politique du <strong>tout-s\u00e9curitaire\u00a0\u00bb.\u00a0<\/strong><\/p>\n<p class=\" wall-content\">Il observe d\u2019ailleurs que \u00ab\u00a0dans ce d\u00e9but de campagne, <a href=\"https:\/\/actu.fr\/occitanie\/toulouse_31555\/municipales-2026-a-toulouse-jean-luc-moudenc-je-suis-candidat-pour-proteger-l-avenir-des-toulousains_63397737.html\" rel=\"nofollow noopener\" target=\"_blank\">les axes pr\u00e9sent\u00e9s par le maire sortant<\/a> d\u00e9montrent qu\u2019il entend poursuivre et accentuer cette politique\u00a0\u00bb et regrette \u00ab\u00a0le maintien du jumelage Toulouse \u2013 Tel Aviv\u00a0\u00bb, qui t\u00e9moigne selon le mouvement d\u2019un \u00ab\u00a0soutien ind\u00e9fectible \u00e0 la politique g\u00e9nocidaire d\u2019Isra\u00ebl en Palestine\u00a0\u00bb.<\/p>\n<p>Vanessa Pedinotti, t\u00eate de liste de R\u00e9volution Permanente<\/p>\n<p class=\" wall-content\">La liste sera men\u00e9e par <strong>Vanessa Pedinotti,\u00a0<\/strong>39 ans. Militante syndicale et <strong>salari\u00e9e dans l\u2019a\u00e9rospatiale<\/strong> \u00e0 Toulouse, elle est ing\u00e9nieure en recherche et d\u00e9veloppement. \u00ab\u00a0Dans son entreprise, elle a men\u00e9 de nombreuses luttes sur les conditions de travail, les salaires ou la question des violences sexistes et sexuelles\u00a0\u00bb, indique le parti r\u00e9volutionnaire.<\/p>\n<blockquote class=\"ac-article-quote wall-content\">\n<p>Elle a \u00e9t\u00e9 de toutes les batailles, des gilets jaunes \u00e0 la gr\u00e8ve contre la r\u00e9forme des retraites en passant par la lutte contre le g\u00e9nocide en Palestine.<\/p>\n<p>    <strong>R\u00e9volution Permanente<\/strong>\n            <\/p><\/blockquote>\n<p>Vid\u00e9os : en ce moment sur Actu<\/p>\n<p class=\" wall-content\">Vanessa Pedinotti sera \u00e9paul\u00e9e par <strong>L\u00e9o Loubieres<\/strong>, biblioth\u00e9caire \u00e0 la mairie de Toulouse, d\u00e9peint comme \u00ab\u00a0l\u2019un des visages de l\u2019opposition \u00e0 la politique aust\u00e9ritaire et aux coupes budg\u00e9taires de Jean-Luc Moudenc dans les services publics, la culture et la vie associative toulousaine\u00a0\u00bb. Dans <a href=\"https:\/\/www.facebook.com\/reel\/709448865525703\" rel=\"nofollow noopener\" target=\"_blank\">une vid\u00e9o<\/a> publi\u00e9e sur les r\u00e9seaux sociaux, o\u00f9 elle appelle \u00e0 \u00ab\u00a0d\u00e9gager Moudenc\u00a0\u00bb, la candidate donne le ton de sa campagne.<\/p>\n<p>    <a href=\"https:\/\/www.facebook.com\/plugins\/video.php?height=476&amp;href=https%3A%2F%2Fwww.facebook.com%2Freel%2F709448865525703%2F&amp;show_text=false&amp;width=350&amp;t=0\" title=\"Ouvrie le lien\" rel=\"nofollow noopener\" target=\"_blank\">Cliquez ici pour visualiser le contenu<\/a><\/p>\n<p>Votre r\u00e9gion, votre actu !<\/p>\n<p>Recevez chaque jour les infos qui comptent pour vous.<\/p>\n<p>\t<a href=\"https:\/\/actu.fr\/newsletter\" class=\"ac-btn ac-btn--corner ac-btn--medium ac-btn--blue800\" rel=\"nofollow noopener\" target=\"_blank\">S&rsquo;incrire<\/a><br \/>\nUne gauche \u00ab\u00a0de combat, anticapitaliste et r\u00e9volutionnaire\u00a0\u00bb<\/p>\n<p class=\" wall-content\">\u00ab\u00a0Cette liste a pour objectif de proposer<strong> une r\u00e9ponse radicale<\/strong> aux attaques de la droite, de l\u2019extr\u00eame droite, et de tous les alli\u00e9s du gouvernement\u00a0\u00bb, avance R\u00e9volution Permanente, qui n\u2019entend pas rejoindre <a href=\"https:\/\/actu.fr\/occitanie\/toulouse_31555\/toulouse-philippe-poutou-en-meeting-le-npa-en-discussions-avec-francois-piquemal-pour-les-municipales_63239777.html\" rel=\"nofollow noopener\" target=\"_blank\">la France insoumise, contrairement \u00e0 ses ex-alli\u00e9s du NPA, <\/a>qui s\u2019appr\u00eatent \u00e0 le faire.<\/p>\n<p class=\" wall-content\">\u00ab\u00a0Contrairement \u00e0 Fran\u00e7ois Piquemal (LFI) qui appelait il y a quelques mois encore \u00e0 une alliance avec le PS de Fran\u00e7ois Brian\u00e7on et Carole Delga\u00a0\u00bb, fustige la t\u00eate de liste, \u00ab\u00a0nous n\u2019avons aucune confiance dans les alliances avec la gauche institutionnelle qui ne cesse de trahir les classes populaires\u00a0\u00bb.<\/p>\n<p class=\" wall-content\">Vanessa Pedinotti portera dans ces \u00e9lections la voix d\u2019une<strong> \u00ab\u00a0gauche de combat, anticapitaliste<\/strong> et <strong>r\u00e9volutionnaire\u00a0\u00bb.<\/strong><\/p>\n<p>Un premier meeting avec le porte-parole national du mouvement<\/p>\n<p class=\" wall-content\">Cette liste organise un <strong>meeting de lancement<\/strong>, mardi 18 novembre, \u00e0 19 heures \u00e0 la salle Barcelone. Outre Vanessa Pedinotti et L\u00e9o Loubati\u00e8res, d\u2019autres figures du mouvement seront pr\u00e9sentes, notamment <strong>Anasse Kazib<\/strong>, cheminot et porte-parole national de R\u00e9volution Permanente, qui avait \u00e9chou\u00e9 \u00e0 recueillir les 500 parrainages n\u00e9cessaires pour se pr\u00e9senter \u00e0 la Pr\u00e9sidentielle de 2022.\u00a0\u00c9galement annonc\u00e9e : <strong>Rozenn Kevel<\/strong>, une ancienne salari\u00e9e de Chronodrive \u00e0 Toulouse, qui avait \u00e9t\u00e9 licenci\u00e9e en raison, estimait-elle, de son militantisme f\u00e9ministe dans l\u2019entreprise.<\/p>\n<p class=\" wall-content\">Personnalisez votre actualit\u00e9 en ajoutant vos villes et m\u00e9dias en favori avec <a href=\"https:\/\/moncompte.actu.fr\" title=\"D\u00e9couvez Mon Actu\" rel=\"nofollow noopener\" data-trk=\"{&quot;cta&quot;:{&quot;action&quot;:&quot;https:\\\/\\\/moncompte.actu.fr&quot;,&quot;category&quot;:&quot;mon compte&quot;,&quot;from&quot;:&quot;article footer&quot;,&quot;name&quot;:&quot;Mon actu&quot;,&quot;type&quot;:&quot;cta&quot;}}\" target=\"_blank\">Mon Actu<\/a>.<\/p>\n","protected":false},"excerpt":{"rendered":"Par Guillaume Laurens Publi\u00e9 le 12 nov. 2025 \u00e0 19h32 Un nouvel acteur s\u2019invite dans la course au&hellip;\n","protected":false},"author":2,"featured_media":529913,"comment_status":"","ping_status":"","sticky":false,"template":"","format":"standard","meta":{"footnotes":""},"categories":[2816],"tags":[1111,11,4188,1777,674,1011,27,3434,12,2680,316,25,2312],"class_list":{"0":"post-529912","1":"post","2":"type-post","3":"status-publish","4":"format-standard","5":"has-post-thumbnail","7":"category-toulouse","8":"tag-actu","9":"tag-actualites","10":"tag-elections-municipales","11":"tag-eu","12":"tag-europe","13":"tag-fr","14":"tag-france","15":"tag-municipales-2026","16":"tag-news","17":"tag-occitanie","18":"tag-politique","19":"tag-republique-francaise","20":"tag-toulouse"},"share_on_mastodon":{"url":"https:\/\/pubeurope.com\/@fr\/115538995708976739","error":""},"_links":{"self":[{"href":"https:\/\/www.europesays.com\/fr\/wp-json\/wp\/v2\/posts\/529912","targetHints":{"allow":["GET"]}}],"collection":[{"href":"https:\/\/www.europesays.com\/fr\/wp-json\/wp\/v2\/posts"}],"about":[{"href":"https:\/\/www.europesays.com\/fr\/wp-json\/wp\/v2\/types\/post"}],"author":[{"embeddable":true,"href":"https:\/\/www.europesays.com\/fr\/wp-json\/wp\/v2\/users\/2"}],"replies":[{"embeddable":true,"href":"https:\/\/www.europesays.com\/fr\/wp-json\/wp\/v2\/comments?post=529912"}],"version-history":[{"count":0,"href":"https:\/\/www.europesays.com\/fr\/wp-json\/wp\/v2\/posts\/529912\/revisions"}],"wp:featuredmedia":[{"embeddable":true,"href":"https:\/\/www.europesays.com\/fr\/wp-json\/wp\/v2\/media\/529913"}],"wp:attachment":[{"href":"https:\/\/www.europesays.com\/fr\/wp-json\/wp\/v2\/media?parent=529912"}],"wp:term":[{"taxonomy":"category","embeddable":true,"href":"https:\/\/www.europesays.com\/fr\/wp-json\/wp\/v2\/categories?post=529912"},{"taxonomy":"post_tag","embeddable":true,"href":"https:\/\/www.europesays.com\/fr\/wp-json\/wp\/v2\/tags?post=529912"}],"curies":[{"name":"wp","href":"https:\/\/api.w.org\/{rel}","templated":true}]}}