{"id":529920,"date":"2025-11-12T22:08:16","date_gmt":"2025-11-12T22:08:16","guid":{"rendered":"https:\/\/www.europesays.com\/fr\/529920\/"},"modified":"2025-11-12T22:08:16","modified_gmt":"2025-11-12T22:08:16","slug":"un-diner-a-4-mains-chez-dame-jeanne-a-marseille-avec-le-chef-guillaume-sourrieu-en-invite","status":"publish","type":"post","link":"https:\/\/www.europesays.com\/fr\/529920\/","title":{"rendered":"Un d\u00eener \u00e0 4 mains chez Dame Jeanne \u00e0 Marseille avec le chef Guillaume Sourrieu en invit\u00e9"},"content":{"rendered":"<p>Il a tourn\u00e9 la page de L\u2019\u00c9puisette, au vallon des Auffes, \u00e0 la toute fin de l\u2019ann\u00e9e\u00a02024. Avant cela, le chef Guillaume Sourrieu aura \u00e9t\u00e9 l\u2019une des valeurs culinaires les plus constantes de Marseille, \u00e9toil\u00e9 sans discontinuer pendant plus de vingt ans.<\/p>\n<p>Mais le cuisinier a toujours ses aficionados, qui ont donc l\u2019occasion de recroiser sa cuisine inventive et moderne le 19\u00a0novembre, au restaurant Dame Jeanne, rue Grignan (1er).<\/p>\n<p>Invit\u00e9 par le chef Samy Leroy et le p\u00e2tissier Ohannes Kachichian, tous deux propri\u00e9taires des lieux, Guillaume Sourrieu y proposera un menu en sept actes autour du rouget, du saint-pierre et de l\u2019agneau de la Crau.<\/p>\n<p>(Re) d\u00e9couvrir Dame Jeanne<\/p>\n<p>L\u2019opportunit\u00e9 est belle aussi pour ceux qui ne connaissent pas encore <a href=\"https:\/\/www.dame-jeanne-restaurant-marseille.fr\/\" target=\"_blank\" rel=\"noopener\">Dame Jeanne<\/a> (install\u00e9e dans les anciens locaux de Madame Jeanne) de d\u00e9couvrir cette recommandable table gastronomique qui a la bonne id\u00e9e de ne pas s\u2019envoler sur les prix, notamment le midi, avec des formules \u00e0 29 et 35\u00a0\u20ac.<\/p>\n<p>Le d\u00eener \u00e0 4 mains Sourrieu x Leroy sera, lui, \u00e0 155\u00a0\u20ac par personne (hors boisson).<\/p>\n<p>Dame Jeanne, 86 rue Grignan, Marseille (1er), 04\u00a091\u00a039\u00a001\u00a037.<\/p>\n","protected":false},"excerpt":{"rendered":"Il a tourn\u00e9 la page de L\u2019\u00c9puisette, au vallon des Auffes, \u00e0 la toute fin de l\u2019ann\u00e9e\u00a02024. Avant&hellip;\n","protected":false},"author":2,"featured_media":529921,"comment_status":"","ping_status":"","sticky":false,"template":"","format":"standard","meta":{"footnotes":""},"categories":[2814],"tags":[17,1111,11,3396,3530,10549,20070,1777,674,1011,27,5568,64866,884,12,882,16,25],"class_list":{"0":"post-529920","1":"post","2":"type-post","3":"status-publish","4":"format-standard","5":"has-post-thumbnail","7":"category-marseille","8":"tag-17","9":"tag-actu","10":"tag-actualites","11":"tag-avec","12":"tag-chez","13":"tag-dame","14":"tag-diner","15":"tag-eu","16":"tag-europe","17":"tag-fr","18":"tag-france","19":"tag-jeanne","20":"tag-mains","21":"tag-marseille","22":"tag-news","23":"tag-provence-alpes-cote-dazur","24":"tag-region","25":"tag-republique-francaise"},"share_on_mastodon":{"url":"https:\/\/pubeurope.com\/@fr\/115539011482232946","error":""},"_links":{"self":[{"href":"https:\/\/www.europesays.com\/fr\/wp-json\/wp\/v2\/posts\/529920","targetHints":{"allow":["GET"]}}],"collection":[{"href":"https:\/\/www.europesays.com\/fr\/wp-json\/wp\/v2\/posts"}],"about":[{"href":"https:\/\/www.europesays.com\/fr\/wp-json\/wp\/v2\/types\/post"}],"author":[{"embeddable":true,"href":"https:\/\/www.europesays.com\/fr\/wp-json\/wp\/v2\/users\/2"}],"replies":[{"embeddable":true,"href":"https:\/\/www.europesays.com\/fr\/wp-json\/wp\/v2\/comments?post=529920"}],"version-history":[{"count":0,"href":"https:\/\/www.europesays.com\/fr\/wp-json\/wp\/v2\/posts\/529920\/revisions"}],"wp:featuredmedia":[{"embeddable":true,"href":"https:\/\/www.europesays.com\/fr\/wp-json\/wp\/v2\/media\/529921"}],"wp:attachment":[{"href":"https:\/\/www.europesays.com\/fr\/wp-json\/wp\/v2\/media?parent=529920"}],"wp:term":[{"taxonomy":"category","embeddable":true,"href":"https:\/\/www.europesays.com\/fr\/wp-json\/wp\/v2\/categories?post=529920"},{"taxonomy":"post_tag","embeddable":true,"href":"https:\/\/www.europesays.com\/fr\/wp-json\/wp\/v2\/tags?post=529920"}],"curies":[{"name":"wp","href":"https:\/\/api.w.org\/{rel}","templated":true}]}}