{"id":529924,"date":"2025-11-12T22:10:12","date_gmt":"2025-11-12T22:10:12","guid":{"rendered":"https:\/\/www.europesays.com\/fr\/529924\/"},"modified":"2025-11-12T22:10:12","modified_gmt":"2025-11-12T22:10:12","slug":"un-jeune-homme-decede-dune-balle-dans-la-tete-pres-de-la-duchere","status":"publish","type":"post","link":"https:\/\/www.europesays.com\/fr\/529924\/","title":{"rendered":"un jeune homme d\u00e9c\u00e8de d&rsquo;une balle dans la t\u00eate pr\u00e8s de la Duch\u00e8re"},"content":{"rendered":"<p>Ce mercredi 12\u00a0novembre un peu avant 22 heures, un homme de 20 ans a \u00e9t\u00e9 bless\u00e9 par balle \u00e0 la t\u00eate chemin des cerisiers \u00c9cully.\u00a0Sur place, les\u00a0soignants ont prodigu\u00e9\u00a0les gestes de premiers secours et soins d&rsquo;urgence, en vain. La victime est d\u00e9c\u00e9d\u00e9e sur les lieux.<\/p>\n<p>Selon nos informations, la sc\u00e8ne se serait d\u00e9roul\u00e9e \u00e0 proximit\u00e9 de la pizzeria Saveurs O Barrio. Plusieurs dizaines de coups de feu auraient \u00e9t\u00e9 tir\u00e9s.\u00a0Le propri\u00e9taire d&rsquo;un restaurant aurait \u00e9t\u00e9 \u00e9galement touch\u00e9 aux jambes.<\/p>\n<p>Quatre engins et sept pompiers se sont d\u00e9plac\u00e9s sur les lieux de l\u2019intervention. Les forces de l\u2019ordre \u00e9taient \u00e9galement pr\u00e9sentes.<\/p>\n<p>  Des riverains de La Duch\u00e8re t\u00e9moignent\u00a0\u00a0<\/p>\n<p>On ignore pour l\u2019heure les circonstances ayant men\u00e9 \u00e0 ce drame.<\/p>\n<p>Sur les r\u00e9seaux sociaux, des riverains t\u00e9moignent \u00e9galement d&rsquo;une trentaine de coups de feu tir\u00e9s avenue Rosa Parks \u00e0 La Duch\u00e8re. La proximit\u00e9 avec le chemin des Cerisiers laisse pr\u00e9sager qu&rsquo;il s&rsquo;agit de la m\u00eame fusillade.<\/p>\n<p>Certains internautes \u00e9voquent \u00ab\u00a0des tirs de kalash\u00a0\u00bb.<\/p>\n<p>Ce contenu est bloqu\u00e9 car vous n&rsquo;avez pas accept\u00e9 les cookies et autres traceurs.<\/p>\n<p>En cliquant sur \u00ab J\u2019accepte \u00bb, les cookies et autres traceurs seront d\u00e9pos\u00e9s et vous pourrez visualiser les contenus  (<a href=\"\" class=\"consentModule_policy\" target=\"_blank\" title=\"Consulter la politique de protection des donn\u00e9es du fournisseur\">plus d&rsquo;informations<\/a>).<\/p>\n<p>En cliquant sur \u00ab J\u2019accepte tous les cookies \u00bb, vous autorisez des d\u00e9p\u00f4ts de cookies et autres traceurs pour le stockage de vos donn\u00e9es sur nos sites et applications \u00e0 des fins de personnalisation et de ciblage publicitaire.<\/p>\n<p class=\"consentModule_secondaryText\">Vous gardez la possibilit\u00e9 de retirer votre consentement \u00e0 tout moment en consultant notre <a href=\"https:\/\/www.leprogres.fr\/protection-des-donnees\" target=\"_blank\" title=\"Consulter notre politique de protection des donn\u00e9es\" rel=\"noopener\">politique de protection des donn\u00e9es<\/a>. <br \/>&#13;<br \/>\n            <a href=\"https:\/\/www.leprogres.fr\/faits-divers-justice\/2025\/11\/12\/javascript:Didomi.notice.show()\" class=\"consentModule_cmp\" target=\"_blank\" rel=\"noopener\">G\u00e9rer mes choix<\/a>&#13;\n        <\/p>\n<p>&#13;<br \/>\n                        J&rsquo;accepte&#13;<br \/>\n            J&rsquo;accepte tous les cookies&#13;\n        <\/p>\n<p>  De nombreuses fusillades sur fond de narcotrafic<\/p>\n<p>Si des investigations, confi\u00e9es \u00e0 la Division de la criminalit\u00e9 organis\u00e9e et sp\u00e9cialis\u00e9e (DCOS) devront faire la lumi\u00e8re sur cette soudaine flamb\u00e9e de violence, il convient de rappeler que la M\u00e9tropole de Lyon est r\u00e9guli\u00e8rement la sc\u00e8ne de fusillades, souvent en lien avec le narcotrafic.<\/p>\n<p>Depuis le d\u00e9but du mois de septembre, plusieurs individus ont \u00e9t\u00e9 touch\u00e9s par des tirs d\u2019armes \u00e0 feux dans la m\u00e9tropole. Le 10 septembre, un homme avait \u00e9t\u00e9 <a href=\"https:\/\/www.leprogres.fr\/faits-divers-justice\/2025\/09\/10\/un-jeune-homme-grievement-blesse-par-cinq-balles-un-riverain-a-vu-quatre-hommes-armes\" target=\"_blank\" rel=\"noopener\">gri\u00e8vement bless\u00e9 par cinq balles<\/a> \u00e0 proximit\u00e9 de la place Guichard (Lyon 3e).<\/p>\n<p>Dix jours plus tard, un individu <a href=\"https:\/\/www.leprogres.fr\/faits-divers-justice\/2025\/09\/21\/un-homme-blesse-par-balles-depose-aux-urgences\" target=\"_blank\" rel=\"noopener\">avait essuy\u00e9 des tirs<\/a> dans le quartier de Mermoz. D\u00e9but octobre, c\u2019est de nouveau dans le 3e arrondissement lyonnais qu\u2019un individu avait \u00e9t\u00e9 bless\u00e9 par balles au niveau du pied. Un suspect <a href=\"https:\/\/www.leprogres.fr\/faits-divers-justice\/2025\/10\/07\/homme-blesse-par-balle-vendredi-a-lyon-3-sup-e-sup-le-suspect-place-en-detention-provisoire\" target=\"_blank\" rel=\"noopener\">a \u00e9t\u00e9 mis en examen<\/a> quelques jours apr\u00e8s.\u00a0<\/p>\n","protected":false},"excerpt":{"rendered":"Ce mercredi 12\u00a0novembre un peu avant 22 heures, un homme de 20 ans a \u00e9t\u00e9 bless\u00e9 par balle&hellip;\n","protected":false},"author":2,"featured_media":529925,"comment_status":"","ping_status":"","sticky":false,"template":"","format":"standard","meta":{"footnotes":""},"categories":[1889],"tags":[1111,11,2430,271,272,8451,8452,3153,1777,674,274,107,1011,27,2428,12,25,2429],"class_list":{"0":"post-529924","1":"post","2":"type-post","3":"status-publish","4":"format-standard","5":"has-post-thumbnail","7":"category-lyon","8":"tag-actu","9":"tag-actualites","10":"tag-auvergne-rhone-alpes","11":"tag-crime","12":"tag-delit-et-contravention","13":"tag-ecully","14":"tag-ecully-bassin","15":"tag-edition-ouest-lyonnais","16":"tag-eu","17":"tag-europe","18":"tag-faits-divers-justice","19":"tag-fil-info","20":"tag-fr","21":"tag-france","22":"tag-lyon","23":"tag-news","24":"tag-republique-francaise","25":"tag-rhone"},"share_on_mastodon":{"url":"https:\/\/pubeurope.com\/@fr\/115539019347662576","error":""},"_links":{"self":[{"href":"https:\/\/www.europesays.com\/fr\/wp-json\/wp\/v2\/posts\/529924","targetHints":{"allow":["GET"]}}],"collection":[{"href":"https:\/\/www.europesays.com\/fr\/wp-json\/wp\/v2\/posts"}],"about":[{"href":"https:\/\/www.europesays.com\/fr\/wp-json\/wp\/v2\/types\/post"}],"author":[{"embeddable":true,"href":"https:\/\/www.europesays.com\/fr\/wp-json\/wp\/v2\/users\/2"}],"replies":[{"embeddable":true,"href":"https:\/\/www.europesays.com\/fr\/wp-json\/wp\/v2\/comments?post=529924"}],"version-history":[{"count":0,"href":"https:\/\/www.europesays.com\/fr\/wp-json\/wp\/v2\/posts\/529924\/revisions"}],"wp:featuredmedia":[{"embeddable":true,"href":"https:\/\/www.europesays.com\/fr\/wp-json\/wp\/v2\/media\/529925"}],"wp:attachment":[{"href":"https:\/\/www.europesays.com\/fr\/wp-json\/wp\/v2\/media?parent=529924"}],"wp:term":[{"taxonomy":"category","embeddable":true,"href":"https:\/\/www.europesays.com\/fr\/wp-json\/wp\/v2\/categories?post=529924"},{"taxonomy":"post_tag","embeddable":true,"href":"https:\/\/www.europesays.com\/fr\/wp-json\/wp\/v2\/tags?post=529924"}],"curies":[{"name":"wp","href":"https:\/\/api.w.org\/{rel}","templated":true}]}}