{"id":529926,"date":"2025-11-12T22:11:25","date_gmt":"2025-11-12T22:11:25","guid":{"rendered":"https:\/\/www.europesays.com\/fr\/529926\/"},"modified":"2025-11-12T22:11:25","modified_gmt":"2025-11-12T22:11:25","slug":"endrick-a-lyon-cest-valide","status":"publish","type":"post","link":"https:\/\/www.europesays.com\/fr\/529926\/","title":{"rendered":"Endrick \u00e0 Lyon, c&rsquo;est valid\u00e9 !"},"content":{"rendered":"<p>\u00a0Le joueur de 19 ans peine \u00e0 trouver du temps de jeu sous les ordres de Xabi Alonso, et un pr\u00eat a \u00e9t\u00e9 mis en place pour relancer sa carri\u00e8re apr\u00e8s des mois frustrants dans la capitale espagnole.\n<\/p>\n<p>Lyon a devanc\u00e9 Manchester United.<\/p>\n<p>Selon Globo Esporte, le Real a donn\u00e9 son accord de principe apr\u00e8s de longues n\u00e9gociations avec Lyon. Le club lyonnais occupe actuellement la septi\u00e8me place du classement de Ligue 1 sous la houlette de Paulo Fonseca et a devanc\u00e9 Manchester United et Aston Villa, qui \u00e9tudiaient des offres de pr\u00eat de derni\u00e8re minute. Les Red Devils souhaitaient recruter le Br\u00e9silien apr\u00e8s la blessure de Benjamin Sesko, mais leur approche est arriv\u00e9e trop tard, et Endrick avait d\u00e9j\u00e0 pris sa d\u00e9cision. L&rsquo;adolescent voit en Lyon un tremplin pour retrouver son meilleur niveau, avec un temps de jeu r\u00e9gulier et une place de titulaire qui pourrait potentiellement raviver ses espoirs de faire partie de la s\u00e9lection br\u00e9silienne pour la Coupe du Monde 2026.\n<\/p>\n<p>Lorsque le Real Madrid a recrut\u00e9 Endrick en provenance de Palmeiras en 2022, pour un montant pouvant atteindre 60 millions d&rsquo;euros (53 millions de livres sterling \/ 70 millions de dollars), il \u00e9tait pr\u00e9sent\u00e9 comme le prochain grand espoir br\u00e9silien, sur les traces de Vinicius Jr. et Rodrygo. Pourtant, son int\u00e9gration en Europe ne s&rsquo;est pas d\u00e9roul\u00e9e comme pr\u00e9vu. Lors de sa premi\u00e8re saison sous les ordres de Carlo Ancelotti, il a montr\u00e9 des signes prometteurs, inscrivant sept buts en 37 apparitions, mais sa deuxi\u00e8me saison a \u00e9t\u00e9 g\u00e2ch\u00e9e par les blessures et la concurrence. Une blessure aux ischio-jambiers l&rsquo;a contraint \u00e0 manquer la Coupe du Monde des Clubs et les premiers mois de la saison, et une fois r\u00e9tabli, Alonso a pr\u00e9f\u00e9r\u00e9 se tourner vers des joueurs plus exp\u00e9riment\u00e9s. Pour mettre les choses en perspective, Endrick n&rsquo;a disput\u00e9 que 11 minutes en championnat cette saison (2025-2026), sa seule apparition remontant \u00e0 la victoire 4-0 contre Valence en septembre.\n<\/p>\n<p>\u00ab Bien s\u00fbr, j&rsquo;aurais aim\u00e9 qu&rsquo;il ait d\u00e9j\u00e0 jou\u00e9 \u00bb, a admis l&rsquo;entra\u00eeneur du Real Madrid. \u00ab Mais nos derniers matchs ont \u00e9t\u00e9 tr\u00e8s serr\u00e9s depuis le retour d&rsquo;Endrick. J&rsquo;esp\u00e8re qu&rsquo;il pourra bient\u00f4t jouer. Il s&rsquo;entra\u00eene bien, il est pr\u00eat, mais il faut attendre le bon moment. \u00bb\n<\/p>\n<p>Le transfert \u00e0 Lyon devrait \u00eatre finalis\u00e9 \u00e0 l&rsquo;approche du mercato hivernal. Les deux clubs se sont mis d&rsquo;accord pour inclure une clause de rappel en cours de saison, permettant au Real Madrid de faire revenir Endrick en cas de blessure. Les n\u00e9gociations auraient d\u00e9but\u00e9 mi-octobre et, selon des sources proches du joueur, Endrick \u00e9tait impatient de rejoindre le club lyonnais. Il a d\u00e9j\u00e0 commenc\u00e9 \u00e0 chercher un logement \u00e0 Lyon, ce qui indique que les conditions personnelles sont convenues et qu&rsquo;il ne reste plus que les formalit\u00e9s administratives \u00e0 r\u00e9gler. Pour Lyon, il s&rsquo;agit d&rsquo;un v\u00e9ritable coup de ma\u00eetre. Les hommes de Fonseca ont pein\u00e9 \u00e0 marquer cette saison, et l&rsquo;attaquant tch\u00e8que Pavel Sulc est leur meilleur buteur avec seulement cinq r\u00e9alisations.\n<\/p>\n<p>La confiance du Real Madrid reste intacte.<\/p>\n<p>Le Real Madrid n&rsquo;a aucune intention de se s\u00e9parer d\u00e9finitivement d&rsquo;Endrick. Le club consid\u00e8re son transfert \u00e0 Lyon comme une \u00e9tape de son d\u00e9veloppement, \u00e0 l&rsquo;instar de celui de Dani Carvajal au Bayer Leverkusen. Le directeur sportif Juni Calafat, qui avait orchestr\u00e9 le transfert initial en provenance de Palmeiras, reste convaincu qu&rsquo;Endrick exploitera pleinement son potentiel en Espagne. Le Real Madrid avait initialement privil\u00e9gi\u00e9 un pr\u00eat au sein de la Liga, ce qui aurait facilit\u00e9 son int\u00e9gration dans l&rsquo;effectif d&rsquo;Alonso. De plus, l&rsquo;attaquant est \u00e0 six mois de l&rsquo;obtention de la nationalit\u00e9 espagnole, un autre argument en faveur d&rsquo;un transfert en Espagne. Mais Endrick a insist\u00e9 pour un d\u00e9part \u00e0 l&rsquo;\u00e9tranger, privil\u00e9giant un club capable de lui garantir un temps de jeu r\u00e9gulier. Carlo Ancelotti, actuel s\u00e9lectionneur du Br\u00e9sil, a soulign\u00e9 qu&rsquo;Endrick devait accumuler les minutes de jeu pour s&rsquo;imposer.<\/p>\n","protected":false},"excerpt":{"rendered":"\u00a0Le joueur de 19 ans peine \u00e0 trouver du temps de jeu sous les ordres de Xabi Alonso,&hellip;\n","protected":false},"author":2,"featured_media":529927,"comment_status":"","ping_status":"","sticky":false,"template":"","format":"standard","meta":{"footnotes":""},"categories":[1889],"tags":[1111,11,2430,1777,674,1011,27,44559,64867,19317,2428,1434,12,4790,25,28401],"class_list":{"0":"post-529926","1":"post","2":"type-post","3":"status-publish","4":"format-standard","5":"has-post-thumbnail","7":"category-lyon","8":"tag-actu","9":"tag-actualites","10":"tag-auvergne-rhone-alpes","11":"tag-eu","12":"tag-europe","13":"tag-fr","14":"tag-france","15":"tag-getafe","16":"tag-getafe-vs-real-madrid","17":"tag-laliga","18":"tag-lyon","19":"tag-mercato","20":"tag-news","21":"tag-real-madrid","22":"tag-republique-francaise","23":"tag-transfers"},"share_on_mastodon":{"url":"https:\/\/pubeurope.com\/@fr\/115539023163622686","error":""},"_links":{"self":[{"href":"https:\/\/www.europesays.com\/fr\/wp-json\/wp\/v2\/posts\/529926","targetHints":{"allow":["GET"]}}],"collection":[{"href":"https:\/\/www.europesays.com\/fr\/wp-json\/wp\/v2\/posts"}],"about":[{"href":"https:\/\/www.europesays.com\/fr\/wp-json\/wp\/v2\/types\/post"}],"author":[{"embeddable":true,"href":"https:\/\/www.europesays.com\/fr\/wp-json\/wp\/v2\/users\/2"}],"replies":[{"embeddable":true,"href":"https:\/\/www.europesays.com\/fr\/wp-json\/wp\/v2\/comments?post=529926"}],"version-history":[{"count":0,"href":"https:\/\/www.europesays.com\/fr\/wp-json\/wp\/v2\/posts\/529926\/revisions"}],"wp:featuredmedia":[{"embeddable":true,"href":"https:\/\/www.europesays.com\/fr\/wp-json\/wp\/v2\/media\/529927"}],"wp:attachment":[{"href":"https:\/\/www.europesays.com\/fr\/wp-json\/wp\/v2\/media?parent=529926"}],"wp:term":[{"taxonomy":"category","embeddable":true,"href":"https:\/\/www.europesays.com\/fr\/wp-json\/wp\/v2\/categories?post=529926"},{"taxonomy":"post_tag","embeddable":true,"href":"https:\/\/www.europesays.com\/fr\/wp-json\/wp\/v2\/tags?post=529926"}],"curies":[{"name":"wp","href":"https:\/\/api.w.org\/{rel}","templated":true}]}}