{"id":529938,"date":"2025-11-12T22:18:15","date_gmt":"2025-11-12T22:18:15","guid":{"rendered":"https:\/\/www.europesays.com\/fr\/529938\/"},"modified":"2025-11-12T22:18:15","modified_gmt":"2025-11-12T22:18:15","slug":"larmee-ukrainienne-reconnait-la-perte-de-deux-villages-de-loblast-de-zaporijia","status":"publish","type":"post","link":"https:\/\/www.europesays.com\/fr\/529938\/","title":{"rendered":"l\u2019arm\u00e9e ukrainienne reconna\u00eet la perte de deux villages de l\u2019oblast de Zaporijia"},"content":{"rendered":"\n<p class=\"post__live-container--answer-text post__space-node\">La forte croissance de l\u2019\u00e9conomie russe, li\u00e9e principalement \u00e0 l\u2019effort de guerre, semble d\u00e9sormais une p\u00e9riode r\u00e9volue. Pour la premi\u00e8re fois en quatre ans, le Kremlin est oblig\u00e9 de l\u00e9g\u00e8rement r\u00e9duire ses d\u00e9penses de d\u00e9fense, m\u00eame si<strong>\u00a0<\/strong>la part qui y est consacr\u00e9e, en comptant les investissements de s\u00e9curit\u00e9, se maintient \u00e0 8\u00a0% du produit int\u00e9rieur brut (PIB), ce qui reste \u00e9norme. La guerre, qui a d\u00e9j\u00e0 co\u00fbt\u00e9 228\u00a0milliards d\u2019euros entre 2022 et 2024, selon les donn\u00e9es officielles disponibles, demeure donc une priorit\u00e9, mais c\u2019est au prix d\u2019arbitrages douloureux. Dans un contexte de fort ralentissement de la croissance, pass\u00e9e de 4,3\u00a0% en\u00a02024\u00a0\u00e0 une pr\u00e9vision de 1\u00a0% pour 2025, et de baisse des recettes, le d\u00e9ficit budg\u00e9taire se creuse dangereusement, obligeant Vladimir Poutine \u00e0 renier sa parole de ne pas augmenter les imp\u00f4ts \u2013 la TVA sur de nombreux produits va passer de 20\u00a0% \u00e0 22\u00a0%.<\/p>\n<p class=\"post__live-container--answer-text post__space-node\">Les marges de man\u0153uvre sont d\u2019autant plus \u00e9troites que les recettes tir\u00e9es de la rente p\u00e9troli\u00e8re s\u2019amenuisent. Si les volumes d\u2019exportation restent stables gr\u00e2ce \u00e0 un contournement des sanctions occidentales, les revenus tir\u00e9s du p\u00e9trole ont chut\u00e9 de 19\u00a0% en glissement annuel sur les sept premiers mois de 2025. Une situation qui ne devrait pas s\u2019am\u00e9liorer alors que les Etats-Unis ont annonc\u00e9, le 22\u00a0octobre, des sanctions envers deux compagnies p\u00e9troli\u00e8res russes\u00a0: le groupe d\u2019Etat Rosneft et la compagnie priv\u00e9e Lukoil, <a href=\"https:\/\/www.lemonde.fr\/international\/article\/2025\/10\/23\/guerre-en-ukraine-l-administration-trump-adopte-des-sanctions-contre-la-russie-pour-limiter-sa-rente-petroliere_6648955_3210.html\" rel=\"nofollow noopener\" target=\"_blank\">qui repr\u00e9sentent pr\u00e8s de la moiti\u00e9 des exportations de p\u00e9trole russe<\/a>.<\/p>\n","protected":false},"excerpt":{"rendered":"La forte croissance de l\u2019\u00e9conomie russe, li\u00e9e principalement \u00e0 l\u2019effort de guerre, semble d\u00e9sormais une p\u00e9riode r\u00e9volue. Pour&hellip;\n","protected":false},"author":2,"featured_media":529939,"comment_status":"","ping_status":"","sticky":false,"template":"","format":"standard","meta":{"footnotes":""},"categories":[1591],"tags":[11,1887,12,1885,1886,132],"class_list":{"0":"post-529938","1":"post","2":"type-post","3":"status-publish","4":"format-standard","5":"has-post-thumbnail","7":"category-russie","8":"tag-actualites","9":"tag-federation-de-russie","10":"tag-news","11":"tag-russia","12":"tag-russian-federation","13":"tag-russie"},"share_on_mastodon":{"url":"https:\/\/pubeurope.com\/@fr\/115539050785565430","error":""},"_links":{"self":[{"href":"https:\/\/www.europesays.com\/fr\/wp-json\/wp\/v2\/posts\/529938","targetHints":{"allow":["GET"]}}],"collection":[{"href":"https:\/\/www.europesays.com\/fr\/wp-json\/wp\/v2\/posts"}],"about":[{"href":"https:\/\/www.europesays.com\/fr\/wp-json\/wp\/v2\/types\/post"}],"author":[{"embeddable":true,"href":"https:\/\/www.europesays.com\/fr\/wp-json\/wp\/v2\/users\/2"}],"replies":[{"embeddable":true,"href":"https:\/\/www.europesays.com\/fr\/wp-json\/wp\/v2\/comments?post=529938"}],"version-history":[{"count":0,"href":"https:\/\/www.europesays.com\/fr\/wp-json\/wp\/v2\/posts\/529938\/revisions"}],"wp:featuredmedia":[{"embeddable":true,"href":"https:\/\/www.europesays.com\/fr\/wp-json\/wp\/v2\/media\/529939"}],"wp:attachment":[{"href":"https:\/\/www.europesays.com\/fr\/wp-json\/wp\/v2\/media?parent=529938"}],"wp:term":[{"taxonomy":"category","embeddable":true,"href":"https:\/\/www.europesays.com\/fr\/wp-json\/wp\/v2\/categories?post=529938"},{"taxonomy":"post_tag","embeddable":true,"href":"https:\/\/www.europesays.com\/fr\/wp-json\/wp\/v2\/tags?post=529938"}],"curies":[{"name":"wp","href":"https:\/\/api.w.org\/{rel}","templated":true}]}}