{"id":529940,"date":"2025-11-12T22:19:18","date_gmt":"2025-11-12T22:19:18","guid":{"rendered":"https:\/\/www.europesays.com\/fr\/529940\/"},"modified":"2025-11-12T22:19:18","modified_gmt":"2025-11-12T22:19:18","slug":"un-cessez-le-feu-en-ukraine-est-necessaire-de-toute-urgence-estime-le-g7-alors-que-les-negociations-sont-au-point-mort","status":"publish","type":"post","link":"https:\/\/www.europesays.com\/fr\/529940\/","title":{"rendered":"Un cessez-le-feu en Ukraine \u00abest n\u00e9cessaire de toute urgence\u00bb, estime le G7 alors que les n\u00e9gociations sont au point mort"},"content":{"rendered":"<p>\n    Dans un communiqu\u00e9 commun, les membres du G7 ont r\u00e9it\u00e9r\u00e9 leur \u00absoutien ind\u00e9fectible\u00bb \u00e0 Kiev et \u00e0 la souverainet\u00e9 du pays. \u00abLes fronti\u00e8res internationales ne doivent pas \u00eatre modifi\u00e9es par la force.\u00bb<\/p>\n<p class=\"fig-paragraph\">Un\u00a0<a href=\"http:\/\/www.lefigaro.fr\/international\/frappes-au-liban-bruxelles-met-en-garde-israel-et-appelle-au-respect-du-cessez-le-feu-20251108\" data-fig-type=\"NewsFlash\" data-gtm-custom-categorie=\"navigation\" data-gtm-custom-action=\"crossclick\" data-gtm-custom-label=\"Contextuel\" data-gtm-event=\"customEventSPE\" data-fig-domain=\"LEFIGARO\" target=\"_blank\" rel=\"noopener\">cessez-le-feu<\/a>\u00a0est n\u00e9cessaire de \u00abtoute urgence\u00bb en\u00a0<a href=\"http:\/\/www.lefigaro.fr\/international\/ukraine-en-plein-scandale-de-corruption-la-ministre-de-l-energie-annonce-sa-demission-20251112\" data-fig-type=\"NewsFlash\" data-gtm-custom-categorie=\"navigation\" data-gtm-custom-action=\"crossclick\" data-gtm-custom-label=\"Contextuel\" data-gtm-event=\"customEventSPE\" data-fig-domain=\"LEFIGARO\" target=\"_blank\" rel=\"noopener\">Ukraine<\/a>\u00a0apr\u00e8s pr\u00e8s de quatre ann\u00e9es de guerre, a estim\u00e9 le G7 mercredi \u00e0 la fin d&rsquo;une r\u00e9union au Canada des ministres des Affaires \u00e9trang\u00e8res, au moment o\u00f9 les n\u00e9gociations sont au point mort.<\/p>\n<p class=\"fig-paragraph\">Dans leur communiqu\u00e9, les repr\u00e9sentants des \u00c9tats-Unis, de la France, du Canada, de l&rsquo;Italie, de l&rsquo;Allemagne, du Royaume-Uni et du Japon ont \u00e9galement r\u00e9it\u00e9r\u00e9 leur \u00absoutien ind\u00e9fectible\u00bb \u00e0 Kiev et \u00e0 la souverainet\u00e9 du pays. \u00abLes fronti\u00e8res internationales ne doivent pas \u00eatre modifi\u00e9es par la force.\u00bb<\/p>\n","protected":false},"excerpt":{"rendered":"Dans un communiqu\u00e9 commun, les membres du G7 ont r\u00e9it\u00e9r\u00e9 leur \u00absoutien ind\u00e9fectible\u00bb \u00e0 Kiev et \u00e0 la&hellip;\n","protected":false},"author":2,"featured_media":529941,"comment_status":"","ping_status":"","sticky":false,"template":"","format":"standard","meta":{"footnotes":""},"categories":[1590],"tags":[11,221,1777,674,23564,131,12,220],"class_list":{"0":"post-529940","1":"post","2":"type-post","3":"status-publish","4":"format-standard","5":"has-post-thumbnail","7":"category-ukraine","8":"tag-actualites","9":"tag-cessez-le-feu","10":"tag-eu","11":"tag-europe","12":"tag-g7","13":"tag-guerre-en-ukraine","14":"tag-news","15":"tag-ukraine"},"share_on_mastodon":{"url":"https:\/\/pubeurope.com\/@fr\/115539055052655128","error":""},"_links":{"self":[{"href":"https:\/\/www.europesays.com\/fr\/wp-json\/wp\/v2\/posts\/529940","targetHints":{"allow":["GET"]}}],"collection":[{"href":"https:\/\/www.europesays.com\/fr\/wp-json\/wp\/v2\/posts"}],"about":[{"href":"https:\/\/www.europesays.com\/fr\/wp-json\/wp\/v2\/types\/post"}],"author":[{"embeddable":true,"href":"https:\/\/www.europesays.com\/fr\/wp-json\/wp\/v2\/users\/2"}],"replies":[{"embeddable":true,"href":"https:\/\/www.europesays.com\/fr\/wp-json\/wp\/v2\/comments?post=529940"}],"version-history":[{"count":0,"href":"https:\/\/www.europesays.com\/fr\/wp-json\/wp\/v2\/posts\/529940\/revisions"}],"wp:featuredmedia":[{"embeddable":true,"href":"https:\/\/www.europesays.com\/fr\/wp-json\/wp\/v2\/media\/529941"}],"wp:attachment":[{"href":"https:\/\/www.europesays.com\/fr\/wp-json\/wp\/v2\/media?parent=529940"}],"wp:term":[{"taxonomy":"category","embeddable":true,"href":"https:\/\/www.europesays.com\/fr\/wp-json\/wp\/v2\/categories?post=529940"},{"taxonomy":"post_tag","embeddable":true,"href":"https:\/\/www.europesays.com\/fr\/wp-json\/wp\/v2\/tags?post=529940"}],"curies":[{"name":"wp","href":"https:\/\/api.w.org\/{rel}","templated":true}]}}