{"id":529942,"date":"2025-11-12T22:20:17","date_gmt":"2025-11-12T22:20:17","guid":{"rendered":"https:\/\/www.europesays.com\/fr\/529942\/"},"modified":"2025-11-12T22:20:17","modified_gmt":"2025-11-12T22:20:17","slug":"les-etats-unis-appellent-a-une-treve-humanitaire-immediate-au-soudan","status":"publish","type":"post","link":"https:\/\/www.europesays.com\/fr\/529942\/","title":{"rendered":"Les \u00c9tats-Unis appellent \u00e0 une \u00ab tr\u00eave humanitaire \u00bb imm\u00e9diate au Soudan"},"content":{"rendered":"<p>AA \/ Washington \/ Rabia Iclal Turan<\/p>\n<p>Les \u00c9tats-Unis ont exhort\u00e9 mercredi les parties bellig\u00e9rantes au Soudan \u00e0 accepter et mettre en \u0153uvre imm\u00e9diatement un cessez-le-feu humanitaire, avertissant que le bilan civil atteint des \u00ab niveaux catastrophiques \u00bb.<\/p>\n<p>\u00ab Les \u00c9tats-Unis appellent les parties au conflit au Soudan \u00e0 accepter et appliquer sans d\u00e9lai le cessez-le-feu humanitaire propos\u00e9 \u00bb, a \u00e9crit Massad Boulos, conseiller principal pour les affaires arabes et africaines, sur la plateforme social de la soci\u00e9t\u00e9 X bas\u00e9e aux \u00c9tats-Unis.<\/p>\n<p>Il a pr\u00e9cis\u00e9 que des millions de civils manquent de nourriture, d\u2019eau et de soins m\u00e9dicaux et a appel\u00e9 les Forces arm\u00e9es soudanaises (SAF) et les Forces de soutien rapide (FSR) \u00e0 s\u2019engager dans le cessez-le-feu \u00ab rapidement et sans postures politiques ou militaires qui co\u00fbteraient davantage de vies \u00bb.<\/p>\n<p>\u00ab Toutes les parties doivent respecter leurs engagements, cesser les hostilit\u00e9s et permettre un acc\u00e8s humanitaire complet, s\u00fbr et sans entrave \u00bb, a ajout\u00e9 Boulos, soulignant que ce cessez-le-feu constitue \u00ab une \u00e9tape vitale vers un dialogue durable et une paix stable \u00bb.<\/p>\n<p>Cette mise en garde survient alors que l\u2019ONU alerte sur la d\u00e9gradation de la situation humanitaire et que les organisations d\u2019aide signalent que l\u2019acc\u00e8s aux zones touch\u00e9es reste fortement limit\u00e9 par le conflit.<\/p>\n<p>Le conflit, opposant l\u2019arm\u00e9e aux FSR depuis avril 2023, a fait au moins 40 000 morts et 12 millions de d\u00e9plac\u00e9s, selon l\u2019Organisation mondiale de la sant\u00e9. Le mois dernier, les RSF ont pris le contr\u00f4le de la capitale du Darfour-Nord, El-Facher, et ont \u00e9t\u00e9 accus\u00e9es de massacres. Elles contr\u00f4lent d\u00e9sormais les cinq \u00c9tats du Darfour, tandis que l\u2019arm\u00e9e conserve la majorit\u00e9 des 13 autres \u00c9tats, y compris Khartoum.<\/p>\n<p>Le Darfour repr\u00e9sente environ un cinqui\u00e8me du territoire soudanais, mais la majorit\u00e9 des 50 millions d\u2019habitants du pays vivent dans les zones contr\u00f4l\u00e9es par l\u2019arm\u00e9e.<\/p>\n<p>*Traduit de l&rsquo;anglais par Wafae El Baghouani<\/p>\n<p>                            &#13;<br \/>\n                                <a href=\"https:\/\/www.aa.com.tr\/fr\/p\/abonnement\/1001\" target=\"_blank\" style=\"font-size:12px; color:#444; text-decoration:none;\" rel=\"noopener\">&#13;<br \/>\n                                    Seulement une partie des d\u00e9p\u00eaches, que l&rsquo;Agence Anadolu diffuse \u00e0 ses abonn\u00e9s via le Syst\u00e8me de Diffusion interne (HAS), est diffus\u00e9e sur le site de l&rsquo;AA, de mani\u00e8re r\u00e9sum\u00e9e. <b style=\"color:#1897F7\">Contactez-nous s&rsquo;il vous pla\u00eet pour vous abonner.<\/b>&#13;<br \/>\n                                <\/a>&#13;<\/p>\n","protected":false},"excerpt":{"rendered":"AA \/ Washington \/ Rabia Iclal Turan Les \u00c9tats-Unis ont exhort\u00e9 mercredi les parties bellig\u00e9rantes au Soudan \u00e0&hellip;\n","protected":false},"author":2,"featured_media":529943,"comment_status":"","ping_status":"","sticky":false,"template":"","format":"standard","meta":{"footnotes":""},"categories":[1589],"tags":[4295,11,1785,73,1866,46434,12,4535,1864,1865,1863,308],"class_list":{"0":"post-529942","1":"post","2":"type-post","3":"status-publish","4":"format-standard","5":"has-post-thumbnail","7":"category-etats-unis","8":"tag-tats-unis","9":"tag-actualites","10":"tag-anadolu-ajansi","11":"tag-etats-unis","12":"tag-etats-unis-damerique","13":"tag-massad-boulos","14":"tag-news","15":"tag-soudan","16":"tag-united-states","17":"tag-united-states-of-america","18":"tag-us","19":"tag-usa"},"share_on_mastodon":{"url":"https:\/\/pubeurope.com\/@fr\/115539058664042285","error":""},"_links":{"self":[{"href":"https:\/\/www.europesays.com\/fr\/wp-json\/wp\/v2\/posts\/529942","targetHints":{"allow":["GET"]}}],"collection":[{"href":"https:\/\/www.europesays.com\/fr\/wp-json\/wp\/v2\/posts"}],"about":[{"href":"https:\/\/www.europesays.com\/fr\/wp-json\/wp\/v2\/types\/post"}],"author":[{"embeddable":true,"href":"https:\/\/www.europesays.com\/fr\/wp-json\/wp\/v2\/users\/2"}],"replies":[{"embeddable":true,"href":"https:\/\/www.europesays.com\/fr\/wp-json\/wp\/v2\/comments?post=529942"}],"version-history":[{"count":0,"href":"https:\/\/www.europesays.com\/fr\/wp-json\/wp\/v2\/posts\/529942\/revisions"}],"wp:featuredmedia":[{"embeddable":true,"href":"https:\/\/www.europesays.com\/fr\/wp-json\/wp\/v2\/media\/529943"}],"wp:attachment":[{"href":"https:\/\/www.europesays.com\/fr\/wp-json\/wp\/v2\/media?parent=529942"}],"wp:term":[{"taxonomy":"category","embeddable":true,"href":"https:\/\/www.europesays.com\/fr\/wp-json\/wp\/v2\/categories?post=529942"},{"taxonomy":"post_tag","embeddable":true,"href":"https:\/\/www.europesays.com\/fr\/wp-json\/wp\/v2\/tags?post=529942"}],"curies":[{"name":"wp","href":"https:\/\/api.w.org\/{rel}","templated":true}]}}