{"id":529959,"date":"2025-11-12T22:29:11","date_gmt":"2025-11-12T22:29:11","guid":{"rendered":"https:\/\/www.europesays.com\/fr\/529959\/"},"modified":"2025-11-12T22:29:11","modified_gmt":"2025-11-12T22:29:11","slug":"la-victoire-est-imperative-samedi-15-novembre","status":"publish","type":"post","link":"https:\/\/www.europesays.com\/fr\/529959\/","title":{"rendered":"\u00ab\u00a0La victoire est imp\u00e9rative samedi 15 novembre\u00a0!\u00a0\u00bb"},"content":{"rendered":"<p><strong>Le pr\u00e9sident du <a href=\"https:\/\/cvb52.com\/\" target=\"_blank\" rel=\"noopener nofollow\">Chaumont VB 52 <\/a>Haute-Marne, Bruno Soirfeck, vit difficilement le d\u00e9but de saison de son \u00e9quipe.  Sans fuir ses responsabilit\u00e9s sur la situation actuelle, il sait \u00e9galement que l\u2019avenir du club passe aussi par des r\u00e9actions de sa part.<\/strong><\/p>\n<p><strong>jhm quotidien\u00a0: Comment vivez-vous ce d\u00e9but de saison compliqu\u00e9 ?<\/strong><\/p>\n<p><strong>Bruno Soirfeck (pr\u00e9sident du CVB 52)\u00a0:<\/strong> \u00ab\u00a0Je ne le vis pas bien forc\u00e9ment, m\u00eame tr\u00e8s p\u00e9niblement. La situation de l\u2019\u00e9quipe actuellement m\u2019occupe l\u2019esprit jours et nuits. Il y a beaucoup de frustration au fil des r\u00e9sultats n\u00e9gatifs qui s\u2019encha\u00eenent, mais \u00e9galement beaucoup de r\u00e9flexion autour des leviers que nous sommes en capacit\u00e9 d\u2019actionner pour tenter de changer la donne.\u00a0\u00bb<\/p>\n<p><strong>jhm quotidien\u00a0: Quels sont ces leviers justement\u00a0?<\/strong><\/p>\n<p><strong>B. S.\u00a0:<\/strong> \u00ab\u00a0On se rend compte que beaucoup de choses se jouent dans la t\u00eate actuellement. Les joueurs, individuellement, n\u2019\u00e9voluent pas \u00e0 leur niveau habituel qu\u2019on leur conna\u00eet. Que ce soit les rares qui \u00e9taient pr\u00e9sents d\u00e9j\u00e0 l\u2019an pass\u00e9, comme ceux qui sont arriv\u00e9s cet \u00e9t\u00e9. On a beaucoup \u00e9t\u00e9 dans la \u201ccalinoth\u00e9rapie\u201d lors des premiers matches, pour tenter de les rassurer. Mais aujourd\u2019hui, le discours a chang\u00e9. Je pense qu\u2019il faut aussi brusquer un peu les choses. J\u2019ai eu quelques entretiens individuels avec certains \u201ccadres\u201d de l\u2019\u00e9quipe dont on attend beaucoup plus. Mais on sait aussi que lorsque le probl\u00e8me est mental, sa r\u00e9solution est de loin la plus compliqu\u00e9e \u00e0 mettre en place.\u00a0\u00bb<\/p>\n<p><strong>jhm quotidien\u00a0: Comment expliquez-vous que la mayonnaise ne prenne pas collectivement\u00a0?<\/strong><\/p>\n<p><strong>B. S.\u00a0: <\/strong>\u00ab\u00a0Des alibis, il en existe beaucoup\u00a0: trois bless\u00e9s pour commencer la saison (Alexandros Raptis, Alex Saaremaa et Jackson Meier), dix nouveaux joueurs sur un effectif de treize, des arriv\u00e9es tardives apr\u00e8s les championnats du monde\u2026 On peut tr\u00e8s bien se cacher derri\u00e8re cela et penser que tout va se remettre en place avec le temps. Mais je ne suis pas dans cette perspective. On sent bien que les joueurs sont tr\u00e8s marqu\u00e9s par la situation actuelle, on doit donc les aider \u00e0 se relever, et un panel de solutions existe.\u00a0\u00bb<\/p>\n<p>\u00ab\u00a0On ne peut pas se laisser bouffer par la fatalit\u00e9\u00a0\u00bb<\/p>\n<p><strong>jhm quotidien\u00a0: Quel est-il\u00a0? <\/strong><\/p>\n<p><strong>B. S.\u00a0:<\/strong> \u00ab\u00a0On en a \u00e9voqu\u00e9 quelques unes d\u00e9j\u00e0 qui ne sont que des mots.<a href=\"https:\/\/jhm.fr\/le-chaumont-vb-52-nest-pas-au-niveau\/\" rel=\"nofollow noopener\" target=\"_blank\"> C\u2019est ainsi la premi\u00e8re fois, apr\u00e8s le match face \u00e0 S\u00e8te (d\u00e9faite 0-3 \u00e0 domicile le 28 octobre apr\u00e8s moins d\u20191 h 15\u2032 de jeu)<\/a> que j\u2019ai rappel\u00e9 tous les joueurs dans le vestiaire pour leur expliquer ma fa\u00e7on de penser sans prendre de gants. Mais on pourrait imaginer d\u2019autres solutions plus extr\u00eames encore que je ne d\u00e9velopperais pas aujourd\u2019hui, mais qui pourraient devenir r\u00e9alit\u00e9 si la situation perdurait.\u00a0\u00bb<\/p>\n<p><strong>jhm quotidien\u00a0: Comment g\u00e9rez-vous les critiques externes au club ou les craintes lues sur les r\u00e9seaux sociaux ou autres moyens de communication\u00a0?<\/strong><\/p>\n<p><strong>B. S.\u00a0: <\/strong>\u00ab\u00a0Je ne fuis aucunement mes responsabilit\u00e9s. Si l\u2019\u00e9quipe est dans cette situation, j\u2019en suis le principal fautif puisque j\u2019ai valid\u00e9 tous les choix en cette intersaison. Quant aux r\u00e9actions \u00e9pidermiques ext\u00e9rieures, voil\u00e0 bien longtemps que je m\u2019en suis pr\u00e9muni. On a vite tendance \u00e0 br\u00fbler ce que l\u2019on a encens\u00e9 la veille. Je comprends le m\u00e9contentement et la d\u00e9ception des supporters, mais les solutions viendront en interne.\u00a0\u00bb<\/p>\n<p><strong>jhm quotidien\u00a0: Avez-vous parfois l\u2019impression que la poisse s\u2019acharne sur le club cette saison\u00a0?<\/strong><\/p>\n<p><strong>B. S.\u00a0:<\/strong> \u00ab\u00a0Disons que la loi des s\u00e9ries nous poursuit actuellement. Au-del\u00e0 des r\u00e9sultats qui se font attendre et de la qualit\u00e9 de jeu moyenne de notre \u00e9quipe, on peut citer les blessures, puis le tirage au sort de la coupe de France qui nous oblige \u00e0 un nouveau voyage co\u00fbteux \u00e0 Ajaccio, dans une p\u00e9riode o\u00f9 nos moyens \u00e9conomiques sont revus \u00e0 la baisse\u2026 Cela fait quelques ann\u00e9es d\u00e9j\u00e0 que je pr\u00e9viens que notre situation financi\u00e8re (budget de milieu de tableau de la Marmara Spikeligue), ne nous permettra pas de r\u00e9aliser des exploits tous les ans. Mais une fois que l\u2019on constate cela, il nous faut r\u00e9agir. On ne peut pas se laisser bouffer par la d\u00e9ception ou la fatalit\u00e9.\u00a0\u00bb<\/p>\n<p>\u00ab\u00a0Une situation nouvelle\u00a0\u00bb<\/p>\n<p><strong>jhm quotidien\u00a0: C\u2019est aussi une situation nouvelle pour le CVB 52\u2026<\/strong><\/p>\n<p><strong>B. S.\u00a0:<\/strong> \u00ab\u00a0C\u2019est vrai que depuis de longues ann\u00e9es maintenant, nous avons pris l\u2019habitude de vivre des moments fastes, de liesse. Aujourd\u2019hui, nous devons faire face \u00e0 un contexte nouveau pour le club, qui n\u2019a pas l\u2019habitude de se battre pour sa survie en bas de classement. Certaines \u00e9quipes sont format\u00e9es pour cela, alors que nous nous retrouvons un peu \u201csecs\u201d devant cette situation.\u00a0\u00bb<\/p>\n<p><strong>jhm quotidien\u00a0: Avez-vous fix\u00e9 des imp\u00e9ratifs ou des objectifs \u00e0 court terme \u00e0 votre \u00e9quipe\u00a0? <\/strong><\/p>\n<p><strong>B. S.\u00a0:<\/strong> \u00ab\u00a0Tout le monde conna\u00eet l\u2019objectif\u00a0: gagner le plus vite possible. Samedi, face \u00e0 Nice, nous n\u2019aurons pas d\u2019autres choix que de remporter enfin ce succ\u00e8s qui nous fuit depuis le d\u00e9but de saison. La victoire est imp\u00e9rative\u00a0!\u00a0\u00bb<\/p>\n<p><strong>Propos recueillis par Laurent G\u00e9nin<\/strong><\/p>\n<p><a href=\"https:\/\/jhm.fr\/bruno-soirfeck-la-victoire-est-imperative-samedi\/mailto:l.genin@jhm.fr\" rel=\"nofollow noopener\" target=\"_blank\">l.genin@jhm.fr<\/a><\/p>\n","protected":false},"excerpt":{"rendered":"Le pr\u00e9sident du Chaumont VB 52 Haute-Marne, Bruno Soirfeck, vit difficilement le d\u00e9but de saison de son \u00e9quipe.&hellip;\n","protected":false},"author":2,"featured_media":529960,"comment_status":"","ping_status":"","sticky":false,"template":"","format":"standard","meta":{"footnotes":""},"categories":[1417],"tags":[1011,27,60,1470,1469],"class_list":{"0":"post-529959","1":"post","2":"type-post","3":"status-publish","4":"format-standard","5":"has-post-thumbnail","7":"category-volley","8":"tag-fr","9":"tag-france","10":"tag-sports","11":"tag-volley","12":"tag-volleyball"},"share_on_mastodon":{"url":"https:\/\/pubeurope.com\/@fr\/115539094060714345","error":""},"_links":{"self":[{"href":"https:\/\/www.europesays.com\/fr\/wp-json\/wp\/v2\/posts\/529959","targetHints":{"allow":["GET"]}}],"collection":[{"href":"https:\/\/www.europesays.com\/fr\/wp-json\/wp\/v2\/posts"}],"about":[{"href":"https:\/\/www.europesays.com\/fr\/wp-json\/wp\/v2\/types\/post"}],"author":[{"embeddable":true,"href":"https:\/\/www.europesays.com\/fr\/wp-json\/wp\/v2\/users\/2"}],"replies":[{"embeddable":true,"href":"https:\/\/www.europesays.com\/fr\/wp-json\/wp\/v2\/comments?post=529959"}],"version-history":[{"count":0,"href":"https:\/\/www.europesays.com\/fr\/wp-json\/wp\/v2\/posts\/529959\/revisions"}],"wp:featuredmedia":[{"embeddable":true,"href":"https:\/\/www.europesays.com\/fr\/wp-json\/wp\/v2\/media\/529960"}],"wp:attachment":[{"href":"https:\/\/www.europesays.com\/fr\/wp-json\/wp\/v2\/media?parent=529959"}],"wp:term":[{"taxonomy":"category","embeddable":true,"href":"https:\/\/www.europesays.com\/fr\/wp-json\/wp\/v2\/categories?post=529959"},{"taxonomy":"post_tag","embeddable":true,"href":"https:\/\/www.europesays.com\/fr\/wp-json\/wp\/v2\/tags?post=529959"}],"curies":[{"name":"wp","href":"https:\/\/api.w.org\/{rel}","templated":true}]}}