{"id":529961,"date":"2025-11-12T22:30:19","date_gmt":"2025-11-12T22:30:19","guid":{"rendered":"https:\/\/www.europesays.com\/fr\/529961\/"},"modified":"2025-11-12T22:30:19","modified_gmt":"2025-11-12T22:30:19","slug":"terrible-drame-a-dreux-un-jeune-pilier-de-19-ans-victime-dun-malaise-cardiaque-apres-un-match","status":"publish","type":"post","link":"https:\/\/www.europesays.com\/fr\/529961\/","title":{"rendered":"Terrible drame \u00e0 Dreux : Un jeune pilier de 19 ans victime d\u2019un malaise cardiaque apr\u00e8s un match"},"content":{"rendered":"<p>Le rugby amateur est en \u00e9moi. Dimanche dernier, <strong>Mathis H\u00e9bert<\/strong>, jeune pilier de <strong>19 ans<\/strong> \u00e9voluant au <strong>RC Dreux<\/strong> (R\u00e9gionale 1, Ligue Centre-Val de Loire), a \u00e9t\u00e9 victime d\u2019un <strong>grave malaise cardiaque<\/strong> apr\u00e8s la rencontre entre les \u00e9quipes r\u00e9serves de <strong>Dreux<\/strong> et <strong>Chinon<\/strong>, disput\u00e9e au stade Paul-Bert.<\/p>\n<p>Selon les dirigeants du club, le drame est survenu <strong>apr\u00e8s la douche.<\/strong><\/p>\n<p>\u00ab\u00a0Apr\u00e8s la douche, Mathis a \u00e9t\u00e9 pris de vomissements, avant de tomber \u00e0 terre, inanim\u00e9, suite \u00e0 un violent malaise cardiaque\u00a0\u00bb raconte Jo\u00ebl Glize, le co-pr\u00e9sident, via <a href=\"https:\/\/www.rugbyrama.fr\/2025\/11\/12\/amateurs-regionale-1-victime-dun-malaise-un-jeune-joueur-de-dreux-plonge-dans-un-coma-artificiel-13047417.php\" rel=\"nofollow noopener\" target=\"_blank\">Midi Olympique<\/a>.<\/p>\n<p><strong>Des gestes h\u00e9ro\u00efques ont sauv\u00e9 sa vie<\/strong><\/p>\n<p>Heureusement, plusieurs de ses co\u00e9quipiers, <strong>pompiers volontaires<\/strong>, ont imm\u00e9diatement r\u00e9agi. Parmi eux, <strong>Quentin Est\u00e8ve<\/strong>, son meilleur ami, a contribu\u00e9 \u00e0 le <strong>r\u00e9animer \u00e0 l\u2019aide du d\u00e9fibrillateur<\/strong> pr\u00e9sent sur place.<\/p>\n<p>L\u2019intervention rapide du <strong>Samu<\/strong> a ensuite permis son <strong>transport par h\u00e9licopt\u00e8re<\/strong> vers l\u2019h\u00f4pital parisien de <strong>la Piti\u00e9-Salp\u00eatri\u00e8re<\/strong>, o\u00f9 le jeune homme a \u00e9t\u00e9 <strong>plac\u00e9 dans un coma artificiel<\/strong>. Son \u00e9tat est aujourd\u2019hui <strong>stable<\/strong>, selon le club.<\/p>\n<p><strong>Une immense \u00e9motion dans le monde amateur<\/strong><\/p>\n<p>Tr\u00e8s touch\u00e9e, la <strong>F\u00e9d\u00e9ration fran\u00e7aise de rugby<\/strong> a pris contact avec le RC Dreux pour <strong>mettre en place une cellule psychologique<\/strong>. La <strong>rencontre Dreux\u2013Chinon<\/strong>, interrompue \u00e0 la 29e minute (7-7), sera <strong>reprogramm\u00e9e ult\u00e9rieurement<\/strong>.<\/p>\n<p>Les dirigeants drouais, encore sous le choc, envisagent \u00e9galement de <strong>demander le report du d\u00e9placement \u00e0 Jou\u00e9-l\u00e8s-Tours<\/strong> pr\u00e9vu ce week-end.<\/p>\n","protected":false},"excerpt":{"rendered":"Le rugby amateur est en \u00e9moi. Dimanche dernier, Mathis H\u00e9bert, jeune pilier de 19 ans \u00e9voluant au RC&hellip;\n","protected":false},"author":2,"featured_media":507333,"comment_status":"","ping_status":"","sticky":false,"template":"","format":"standard","meta":{"footnotes":""},"categories":[1416],"tags":[1011,27,479,1468,60],"class_list":{"0":"post-529961","1":"post","2":"type-post","3":"status-publish","4":"format-standard","5":"has-post-thumbnail","7":"category-rugby","8":"tag-fr","9":"tag-france","10":"tag-rugby","11":"tag-rugby-football","12":"tag-sports"},"share_on_mastodon":{"url":"https:\/\/pubeurope.com\/@fr\/115539097981734121","error":""},"_links":{"self":[{"href":"https:\/\/www.europesays.com\/fr\/wp-json\/wp\/v2\/posts\/529961","targetHints":{"allow":["GET"]}}],"collection":[{"href":"https:\/\/www.europesays.com\/fr\/wp-json\/wp\/v2\/posts"}],"about":[{"href":"https:\/\/www.europesays.com\/fr\/wp-json\/wp\/v2\/types\/post"}],"author":[{"embeddable":true,"href":"https:\/\/www.europesays.com\/fr\/wp-json\/wp\/v2\/users\/2"}],"replies":[{"embeddable":true,"href":"https:\/\/www.europesays.com\/fr\/wp-json\/wp\/v2\/comments?post=529961"}],"version-history":[{"count":0,"href":"https:\/\/www.europesays.com\/fr\/wp-json\/wp\/v2\/posts\/529961\/revisions"}],"wp:featuredmedia":[{"embeddable":true,"href":"https:\/\/www.europesays.com\/fr\/wp-json\/wp\/v2\/media\/507333"}],"wp:attachment":[{"href":"https:\/\/www.europesays.com\/fr\/wp-json\/wp\/v2\/media?parent=529961"}],"wp:term":[{"taxonomy":"category","embeddable":true,"href":"https:\/\/www.europesays.com\/fr\/wp-json\/wp\/v2\/categories?post=529961"},{"taxonomy":"post_tag","embeddable":true,"href":"https:\/\/www.europesays.com\/fr\/wp-json\/wp\/v2\/tags?post=529961"}],"curies":[{"name":"wp","href":"https:\/\/api.w.org\/{rel}","templated":true}]}}