{"id":529966,"date":"2025-11-12T22:36:23","date_gmt":"2025-11-12T22:36:23","guid":{"rendered":"https:\/\/www.europesays.com\/fr\/529966\/"},"modified":"2025-11-12T22:36:23","modified_gmt":"2025-11-12T22:36:23","slug":"girondins-live-abonnes-investisseurs-cedric-yambere-montee-en-n1-mercato","status":"publish","type":"post","link":"https:\/\/www.europesays.com\/fr\/529966\/","title":{"rendered":"Girondins. Live abonn\u00e9s : Investisseurs, C\u00e9dric Yamber\u00e9, mont\u00e9e en N1, mercato"},"content":{"rendered":"<p><img decoding=\"async\" src=\"https:\/\/www.europesays.com\/fr\/wp-content\/uploads\/2025\/11\/671_1a6a76edf4b6195b232025e670d00ad2.png\" alt=\"Girondins. Live abonn\u00e9s : Investisseurs, C\u00e9dric Yamber\u00e9, mont\u00e9e en N1, mercato\" class=\"img-responsive mt-3\"\/><\/p>\n<p class=\"text-center mb-3\" style=\"font-size: 14px\">\u00a9 Iconsport<\/p>\n<p>Cette \u00e9mission est r\u00e9serv\u00e9e aux abonn\u00e9s de WebGirondins. C&rsquo;est le rendez-vous mensuel des socios !<\/p>\n<p>Pour y assister, il faut donc \u00eatre abonn\u00e9. Si vous n&rsquo;\u00eates pas encore abonn\u00e9, d\u00e9couvrez ses avantages avec le premier mois \u00e0 1\u20ac, r\u00e9siliable \u00e0 tout moment.\u00a0<a href=\"https:\/\/abonnement.webgirondins.com\/\" target=\"_blank\" rel=\"noopener nofollow\">Je m&rsquo;abonne et je soutiens ici :<\/a>\u00a0contenus exclusifs, suppression de la publictit\u00e9 intrisuve, confort de lecture, acc\u00e8s communaut\u00e9, etc.<\/p>\n<p>Regarder l&rsquo;\u00e9mission ici :<\/p>\n<p>Ce navigateur ne supporte pas les iframes<\/p>\n<p>\u00c0 lire : <strong><a href=\"https:\/\/www.webgirondins.com\/actualite-girondins-girondins-steve-shamal-absent-almamy-toure-poursuit-l-entrainement-avec-bordeaux-131121\" target=\"_blank\" rel=\"noopener nofollow\">Steve Shamal absent, Almamy Tour\u00e9 poursuit l\u2019entra\u00eenement avec Bordeaux<\/a><\/strong><\/p>\n<p>\u00a0<\/p>\n","protected":false},"excerpt":{"rendered":"\u00a9 Iconsport Cette \u00e9mission est r\u00e9serv\u00e9e aux abonn\u00e9s de WebGirondins. C&rsquo;est le rendez-vous mensuel des socios ! Pour&hellip;\n","protected":false},"author":2,"featured_media":529967,"comment_status":"","ping_status":"","sticky":false,"template":"","format":"standard","meta":{"footnotes":""},"categories":[1410],"tags":[5265,3475,7051,1997,13767,64871,64870,16577,19348,2889,63,1011,27,1987,1110,2805,820,1434,17297,3946,64869,60,5237,55138,4568,5238,13768],"class_list":{"0":"post-529966","1":"post","2":"type-post","3":"status-publish","4":"format-standard","5":"has-post-thumbnail","7":"category-football","8":"tag-abonnes","9":"tag-aussi","10":"tag-autour","11":"tag-bordeaux","12":"tag-cedric","13":"tag-choisissez","14":"tag-decryptons","15":"tag-dernieres","16":"tag-discussion","17":"tag-emission","18":"tag-football","19":"tag-fr","20":"tag-france","21":"tag-girondins","22":"tag-informations","23":"tag-investisseurs","24":"tag-live","25":"tag-mercato","26":"tag-montee","27":"tag-nous","28":"tag-reservee","29":"tag-sports","30":"tag-suivez","31":"tag-themes","32":"tag-vous","33":"tag-webgirondins","34":"tag-yambere"},"share_on_mastodon":{"url":"https:\/\/pubeurope.com\/@fr\/115539122309002616","error":""},"_links":{"self":[{"href":"https:\/\/www.europesays.com\/fr\/wp-json\/wp\/v2\/posts\/529966","targetHints":{"allow":["GET"]}}],"collection":[{"href":"https:\/\/www.europesays.com\/fr\/wp-json\/wp\/v2\/posts"}],"about":[{"href":"https:\/\/www.europesays.com\/fr\/wp-json\/wp\/v2\/types\/post"}],"author":[{"embeddable":true,"href":"https:\/\/www.europesays.com\/fr\/wp-json\/wp\/v2\/users\/2"}],"replies":[{"embeddable":true,"href":"https:\/\/www.europesays.com\/fr\/wp-json\/wp\/v2\/comments?post=529966"}],"version-history":[{"count":0,"href":"https:\/\/www.europesays.com\/fr\/wp-json\/wp\/v2\/posts\/529966\/revisions"}],"wp:featuredmedia":[{"embeddable":true,"href":"https:\/\/www.europesays.com\/fr\/wp-json\/wp\/v2\/media\/529967"}],"wp:attachment":[{"href":"https:\/\/www.europesays.com\/fr\/wp-json\/wp\/v2\/media?parent=529966"}],"wp:term":[{"taxonomy":"category","embeddable":true,"href":"https:\/\/www.europesays.com\/fr\/wp-json\/wp\/v2\/categories?post=529966"},{"taxonomy":"post_tag","embeddable":true,"href":"https:\/\/www.europesays.com\/fr\/wp-json\/wp\/v2\/tags?post=529966"}],"curies":[{"name":"wp","href":"https:\/\/api.w.org\/{rel}","templated":true}]}}