{"id":529972,"date":"2025-11-12T22:41:11","date_gmt":"2025-11-12T22:41:11","guid":{"rendered":"https:\/\/www.europesays.com\/fr\/529972\/"},"modified":"2025-11-12T22:41:11","modified_gmt":"2025-11-12T22:41:11","slug":"christine-bravo-nouvelle-recrue-de-cyril-hanouna-menace-de-ne-pas-le-rejoindre-a-cause-de-matthieu-delormeau-mon-mari-veut-lui-casser-le-nez","status":"publish","type":"post","link":"https:\/\/www.europesays.com\/fr\/529972\/","title":{"rendered":"Christine Bravo, nouvelle recrue de Cyril Hanouna, menace de ne pas le rejoindre \u00e0 cause de Matthieu Delormeau\u00a0: \u00ab\u00a0Mon mari veut lui casser le nez\u00a0\u00bb"},"content":{"rendered":"<p>\u00ab\u00a0<strong>Tr\u00e8s heureuse de collaborer avec Cyril Hanouna dans \u00ab\u00a0Tout beau tout neuf\u00a0\u00bb fin novembre [&#8230;] Vivement la semaine du 24<\/strong>\u00a0\u00bb a annonc\u00e9 Christine Bravo sur Instagram ce mardi 11\u00a0novembre. Une <strong>nouvelle aventure<\/strong> pour <a href=\"https:\/\/www.public.fr\/christine-bravo-aussitot-deprogrammee-aussitot-embauchee-par-cyril-hanouna\" target=\"_blank\" rel=\"noopener\">l&rsquo;animatrice de 69 ans<\/a> qui a r\u00e9cemment remport\u00e9 \u00ab\u00a0Les Tra\u00eetres\u00a0\u00bb sur M6 en tant que loyale aux c\u00f4t\u00e9s de Marl\u00e8ne Schiappa et de Th\u00e9o Fernandez. Mais alors <strong>comment va-t-elle \u00eatre accueillie<\/strong> par le reste de la bande\u00a0? S&rsquo;entend-elle bien avec l&rsquo;ensemble des chroniqueurs\u00a0? La r\u00e9ponse est\u2026 NON\u00a0! Et il y en a m\u00eame un que <a href=\"https:\/\/www.public.fr\/christine-bravo-deprogrammee-tres-mauvaise-nouvelle-pour-lanimatrice-star\" target=\"_blank\" rel=\"noopener\">la soci\u00e9taire des \u00ab\u00a0Grosses T\u00eates\u00a0\u00bb<\/a> a dans le viseur. Il s&rsquo;agit de Matthieu Delormeau.<\/p>\n<p>En effet, entre tous les deux, le torchon br\u00fble depuis des ann\u00e9es. D&rsquo;ailleurs <a href=\"https:\/\/www.public.fr\/matthieu-delormeau-bientot-maire-dun-village-de-5-000-habitants-en-region-bourgogne-franche-comte\" target=\"_blank\" rel=\"noopener\">le chroniqueur de 51 ans<\/a> en a tout de suite fait part \u00e0 son patron. \u00ab\u00a0L&rsquo;autre jour encore, elle \u00e9tait \u00e0 la t\u00e9l\u00e9 et elle a dit <strong>je ne viendrai pas dans cette \u00e9mission \u00e0 cause d&rsquo;une personne<\/strong> avec qui je ne me mettrai pas \u00e0 c\u00f4t\u00e9\u00a0\u00bb, a-t-il rapport\u00e9. \u00ab\u00a0\u00c7a a dur\u00e9 dix ans<strong>. Pendant dix ans, elle m&rsquo;en a mis plein la tronche<\/strong>\u00ab\u00a0, a assur\u00e9 <a href=\"https:\/\/www.public.fr\/matthieu-delormeau-et-fabien-lecoeuvre-mesures-strictes-mises-en-place-apres-leur-accrochage\" target=\"_blank\" rel=\"noopener\">l&rsquo;ancien pr\u00e9sentateur de NRJ 12<\/a>.<\/p>\n<p>Puis, <a href=\"https:\/\/www.public.fr\/la-somme-enorme-pour-combattre-ses-addictions-matthieu-delormeau-revele-les-montants-en-direct\" target=\"_blank\" rel=\"noopener\">ce dernier<\/a> s&rsquo;est adress\u00e9 face cam\u00e9ra \u00e0 Christine Bravo\u00a0: \u00ab\u00a0Christine, vraiment, <strong>c&rsquo;est un malentendu<\/strong> \u00e9norme [&#8230;] J&rsquo;ai toujours trouv\u00e9 que vous \u00e9tiez <strong>la plus brillante du PAF<\/strong> donc <strong>\u00e7a me fait de la peine. <\/strong>Vraiment,<strong> je vous le jure, vous confondez\u00a0\u00bb. <\/strong>Message entendu par <a href=\"https:\/\/www.public.fr\/christine-bravo-fait-denormes-revelations-sur-cecilia-lex-de-nicolas-sarkozy-ridicule-minable-ta-carriere-est-foutue\" target=\"_blank\" rel=\"noopener\">la principale int\u00e9ress\u00e9e<\/a> qui a imm\u00e9diatement <strong>envoy\u00e9 un SMS \u00e0 Cyril Hanouna<\/strong> souhaitant prendre la parole.<\/p>\n<p>Christine Bravo future chroniqueuse de \u00ab\u00a0TBT9\u00a0\u00bb met les choses au clair avec Matthieu Delormeau<\/p>\n<p>La s\u00e9quence avait initialement \u00e9t\u00e9 post\u00e9e sur le compte X de \u00ab\u00a0TBT9\u00a0\u00bb mais elle est <strong>d\u00e9sormais introuvable<\/strong>. Dans cette s\u00e9quence, Christine Bravo a assur\u00e9 avoir \u00e9t\u00e9<strong> victime avec son mari d&rsquo;un canular t\u00e9l\u00e9phonique de la part de Matthieu Delormeau<\/strong>. \u00ab\u00a0C&rsquo;est pass\u00e9 en direct \u00e0 la t\u00e9l\u00e9 et Cyril \u00e9tait \u00e0 c\u00f4t\u00e9\u00a0\u00bb, a-t-elle \u00e9crit avant que \u00ab\u00a0Baba\u00a0\u00bb tente de relativiser les choses en l&rsquo;appelant. Jointe par t\u00e9l\u00e9phone, <a href=\"https:\/\/www.google.com\/url?sa=t&amp;source=web&amp;rct=j&amp;opi=89978449&amp;url=https:\/\/vsd.fr\/84398-jaurais-du-me-mefier-en-prenant-des-avocats-christine-bravo-evoque-son-amitie-en-dents-de-scie-avec-thierry-ardisson\/&amp;ved=2ahUKEwjFuJ22ye2QAxWMTKQEHR9eFuUQFnoECBoQAQ&amp;usg=AOvVaw1qBv37OQcnDZbgWPI0Bp9a\" target=\"_blank\" rel=\"noopener\">la Parisienne<\/a> s&rsquo;est alors adress\u00e9e \u00e0 Matthieu Delormeau. <\/p>\n<p>\u00ab\u00a0Faut arr\u00eater. Moi je n&rsquo;ai pas envie de venir. <strong>Je n&rsquo;ai pas du tout envie de venir dans votre \u00e9mission pour r\u00e9gler des comptes avec Delormeau<\/strong>.<strong> Il ment<\/strong> quand il dit qu&rsquo;il n&rsquo;a jamais fait de radio puisqu&rsquo;il travaillait avec Morandini, il avait une chronique TV. Il ne peut pas dire aujourd&rsquo;hui\u00a0: \u00ab\u00a0Je n&rsquo;ai pas fait de radio\u00a0\u00bb\u00a0\u00bb, a-t-elle d\u00e9taill\u00e9. \u00c0 l\u2019\u00e9poque, <a href=\"https:\/\/www.google.com\/url?sa=t&amp;source=web&amp;rct=j&amp;opi=89978449&amp;url=https:\/\/vsd.fr\/87075-matthieu-delormeau-est-de-retour\/&amp;ved=2ahUKEwi2_ua9ye2QAxVjT6QEHWLOEsYQFnoECBUQAQ&amp;usg=AOvVaw2qhENGMVXGO2TKJ8Gb7upo\" target=\"_blank\" rel=\"noopener\">le chroniqueur<\/a> aurait alors \u00e9t\u00e9 virulent \u00e0 son \u00e9gard\u00a0: \u00ab\u00a0Vous \u00e9tiez, vous et Jean-Marc Morandini, <strong>tr\u00e8s malveillants envers les gens de t\u00e9l\u00e9vision<\/strong> parce qu&rsquo;\u00e0 l&rsquo;\u00e9poque vous n&rsquo;en faisiez pas\u00a0\u00bb, lui a-t-elle notamment reproch\u00e9. <\/p>\n<p>Matthieu Delormeau prend une lourde d\u00e9cision apr\u00e8s son \u00e9change avec Christine Bravo<\/p>\n<p>Finalement, Christine Bravo a fini par conclure ainsi\u00a0: \u00ab\u00a0Matthieu Delormeau, je ne savais m\u00eame pas qui c&rsquo;\u00e9tait. Ce n&rsquo;est pas du tout la raison pour laquelle j&rsquo;ai un probl\u00e8me avec cette personne. <strong>Mon probl\u00e8me, c&rsquo;est que mon mari veut lui casser le nez<\/strong>\u00ab\u00a0. \u00ab\u00a0<strong>Bah qu&rsquo;il vienne<\/strong>\u00a0\u00bb a alors r\u00e9torqu\u00e9 <a href=\"https:\/\/www.google.com\/url?sa=t&amp;source=web&amp;rct=j&amp;opi=89978449&amp;url=https:\/\/vsd.fr\/88012-matthieu-delormeau-des-armes-retrouvees-a-son-domicile-le-juge-ordonne-de-les-detruire\/&amp;ved=2ahUKEwi2_ua9ye2QAxVjT6QEHWLOEsYQFnoECBYQAQ&amp;usg=AOvVaw1XM28K90l8Gv6YnOmAjPd5\" target=\"_blank\" rel=\"noopener\">celui qui semble \u00eatre son ennemi num\u00e9ro\u00a01.<\/a><\/p>\n<p>\u00ab\u00a0<strong>Allez bisou, bonne soir\u00e9e<\/strong>\u00a0\u00bb a fini par l\u00e2cher <a href=\"https:\/\/www.google.com\/url?sa=t&amp;source=web&amp;rct=j&amp;opi=89978449&amp;url=https:\/\/vsd.fr\/65268-ce-jour-est-arrive-christine-bravo-plus-epanouie-que-jamais-avec-romeo-elle-a-realise-son-reve\/&amp;ved=2ahUKEwisr4nLyu2QAxVvTKQEHVaqBtgQFnoECDoQAQ&amp;usg=AOvVaw0_arelvt4j6mSpIzxizvqs\" target=\"_blank\" rel=\"noopener\">la future chroniqueuse<\/a> qui, sans nul doute, va apporter un du piquant \u00e0 \u00ab\u00a0Tout beau tout neuf\u00a0\u00bb. Matthieu Delormeau, en revanche, ne sera pas l\u00e0 pour le voir car, comme il a fini par l&rsquo;annoncer en direct ce 12\u00a0novembre\u00a0: \u00ab\u00a0<strong>C&rsquo;est une tr\u00e8s bonne chroniqueuse. La semaine o\u00f9 elle sera l\u00e0, je ne serai pas l\u00e0<\/strong>\u00ab\u00a0.<\/p>\n<p>\n          Hits &amp; People en continu\n        <\/p>\n<p>\n          Public Radio\n        <\/p>\n<p>      Mentionn\u00e9s dans cet article<\/p>\n<p>      Sur le m\u00eame sujet<\/p>\n","protected":false},"excerpt":{"rendered":"\u00ab\u00a0Tr\u00e8s heureuse de collaborer avec Cyril Hanouna dans \u00ab\u00a0Tout beau tout neuf\u00a0\u00bb fin novembre [&#8230;] Vivement la semaine&hellip;\n","protected":false},"author":2,"featured_media":529973,"comment_status":"","ping_status":"","sticky":false,"template":"","format":"standard","meta":{"footnotes":""},"categories":[1356],"tags":[31049,3721,12232,1083,58,59,1011,27,7830,252,22498,22497,1364,2395],"class_list":{"0":"post-529972","1":"post","2":"type-post","3":"status-publish","4":"format-standard","5":"has-post-thumbnail","7":"category-television","8":"tag-christine-bravo","9":"tag-chroniqueur","10":"tag-clash","11":"tag-cyril-hanouna","12":"tag-divertissement","13":"tag-entertainment","14":"tag-fr","15":"tag-france","16":"tag-matthieu-delormeau","17":"tag-television","18":"tag-tout-9-tbt9","19":"tag-tout-beau","20":"tag-tv","21":"tag-w9"},"share_on_mastodon":{"url":"https:\/\/pubeurope.com\/@fr\/115539141344340055","error":""},"_links":{"self":[{"href":"https:\/\/www.europesays.com\/fr\/wp-json\/wp\/v2\/posts\/529972","targetHints":{"allow":["GET"]}}],"collection":[{"href":"https:\/\/www.europesays.com\/fr\/wp-json\/wp\/v2\/posts"}],"about":[{"href":"https:\/\/www.europesays.com\/fr\/wp-json\/wp\/v2\/types\/post"}],"author":[{"embeddable":true,"href":"https:\/\/www.europesays.com\/fr\/wp-json\/wp\/v2\/users\/2"}],"replies":[{"embeddable":true,"href":"https:\/\/www.europesays.com\/fr\/wp-json\/wp\/v2\/comments?post=529972"}],"version-history":[{"count":0,"href":"https:\/\/www.europesays.com\/fr\/wp-json\/wp\/v2\/posts\/529972\/revisions"}],"wp:featuredmedia":[{"embeddable":true,"href":"https:\/\/www.europesays.com\/fr\/wp-json\/wp\/v2\/media\/529973"}],"wp:attachment":[{"href":"https:\/\/www.europesays.com\/fr\/wp-json\/wp\/v2\/media?parent=529972"}],"wp:term":[{"taxonomy":"category","embeddable":true,"href":"https:\/\/www.europesays.com\/fr\/wp-json\/wp\/v2\/categories?post=529972"},{"taxonomy":"post_tag","embeddable":true,"href":"https:\/\/www.europesays.com\/fr\/wp-json\/wp\/v2\/tags?post=529972"}],"curies":[{"name":"wp","href":"https:\/\/api.w.org\/{rel}","templated":true}]}}