{"id":529986,"date":"2025-11-12T22:48:17","date_gmt":"2025-11-12T22:48:17","guid":{"rendered":"https:\/\/www.europesays.com\/fr\/529986\/"},"modified":"2025-11-12T22:48:17","modified_gmt":"2025-11-12T22:48:17","slug":"le-congres-americain-en-passe-de-mettre-fin-a-une-paralysie-budgetaire-record-actualites","status":"publish","type":"post","link":"https:\/\/www.europesays.com\/fr\/529986\/","title":{"rendered":"Le Congr\u00e8s am\u00e9ricain en passe de mettre fin \u00e0 une paralysie budg\u00e9taire record : Actualit\u00e9s"},"content":{"rendered":"<p class=\"lead \">La paralysie budg\u00e9taire aux Etats-Unis touche \u00e0 sa fin mercredi avec l&rsquo;adoption attendue d&rsquo;une proposition de loi au Congr\u00e8s, apr\u00e8s six semaines de \u00ab\u00a0shutdown\u00a0\u00bb qui ont d\u00e9r\u00e9gl\u00e9 de nombreux pans de l&rsquo;\u00e9conomie et laissent un go\u00fbt amer \u00e0 l&rsquo;opposition d\u00e9mocrate.<\/p>\n<p class=\"lead \">Les \u00e9lus de la Chambre des repr\u00e9sentants ont commenc\u00e9 dans l&rsquo;apr\u00e8s-midi \u00e0 d\u00e9battre dans l&rsquo;h\u00e9micycle de la proposition de loi budg\u00e9taire et un vote devrait avoir lieu apr\u00e8s 19H00 (00H00 GMT jeudi) sur ce texte d\u00e9j\u00e0 approuv\u00e9 par le S\u00e9nat. <\/p>\n<p class=\"lead \">Les r\u00e9publicains sont majoritaires \u00e0 la chambre basse, et malgr\u00e9 l&rsquo;opposition affich\u00e9e du groupe d\u00e9mocrate, la proposition de loi devrait \u00eatre adopt\u00e9e.<\/p>\n<p class=\"lead \">Il ne resterait alors que la signature pr\u00e9sidentielle pour lever le plus long \u00ab\u00a0shutdown\u00a0\u00bb du pays, entam\u00e9 le 1er octobre.<\/p>\n<p class=\"lead \">\u00ab\u00a0Nous estimons que le long cauchemar national sera fini ce soir\u00a0\u00bb, s&rsquo;est r\u00e9joui le pr\u00e9sident r\u00e9publicain de la Chambre, Mike Johnson, estimant que ce blocage aura \u00e9t\u00e9 \u00ab\u00a0compl\u00e8tement et totalement stupide et inutile au bout du compte\u00a0\u00bb.<\/p>\n<p class=\"lead \">De son c\u00f4t\u00e9, Donald Trump \u00ab\u00a0se r\u00e9jouit de mettre fin \u00e0 ce +shutdown+ d\u00e9vastateur caus\u00e9 par les d\u00e9mocrates et nous esp\u00e9rons que cette signature aura lieu ce soir\u00a0\u00bb, a d\u00e9clar\u00e9 la porte-parole de la Maison Blanche, Karoline Leavitt, lors d&rsquo;une conf\u00e9rence de presse.<\/p>\n<p class=\"lead \">&#8211; \u00ab\u00a0Capitulation\u00a0\u00bb &#8211;<\/p>\n<p class=\"lead \">Apr\u00e8s plus de 40 jours d&rsquo;impasse budg\u00e9taire, une poign\u00e9e de s\u00e9nateurs d\u00e9mocrates avaient fini par rendre les armes lundi en approuvant avec leurs coll\u00e8gues r\u00e9publicains une nouvelle proposition de loi, qui \u00e9tend le budget pr\u00e9c\u00e9dent jusqu&rsquo;\u00e0 fin janvier.<\/p>\n<p class=\"lead \">Le texte laisse en revanche dans le flou la prolongation de subventions pour \u00ab\u00a0Obamacare\u00a0\u00bb, l&rsquo;assurance sant\u00e9 de m\u00e9nages aux revenus modestes, au grand dam de la base et de nombreux \u00e9lus d\u00e9mocrates.<\/p>\n<p class=\"lead \">Parmi les seules concessions \u00e0 l&rsquo;opposition, le texte pr\u00e9voit la r\u00e9int\u00e9gration des fonctionnaires licenci\u00e9s depuis le d\u00e9but du \u00ab\u00a0shutdown\u00a0\u00bb.<\/p>\n<p class=\"lead \">Il comprend \u00e9galement des fonds pour le programme d&rsquo;aide alimentaire SNAP jusqu&rsquo;en septembre, \u00e9vitant ainsi que cette aide, dont b\u00e9n\u00e9ficient plus de 42 millions d&rsquo;Am\u00e9ricains, soit gel\u00e9e en cas de nouvelle paralysie budg\u00e9taire fin janvier, comme ce fut le cas lors du blocage actuel.<\/p>\n<p class=\"lead \">En raison des r\u00e8gles du S\u00e9nat, huit voix de l&rsquo;opposition \u00e9taient n\u00e9cessaires pour adopter le texte. Et les huit en question se sont attir\u00e9 les foudres de nombreux membres du camp d\u00e9mocrate, qui d\u00e9noncent de maigres concessions et de fausses promesses r\u00e9publicaines.<\/p>\n<p class=\"lead \">Le gouverneur de Californie, Gavin Newsom, s&rsquo;est ainsi lament\u00e9 sur X d&rsquo;une \u00ab\u00a0capitulation\u00a0\u00bb et d&rsquo;une \u00ab\u00a0trahison\u00a0\u00bb envers l&rsquo;Am\u00e9rique qui travaille.<\/p>\n<p class=\"lead \">De nombreux d\u00e9mocrates se sont aussi demand\u00e9 pourquoi ces s\u00e9nateurs ont c\u00e9d\u00e9 quelques jours seulement apr\u00e8s de larges victoires de leur parti dans d&rsquo;importantes \u00e9lections \u00e0 travers le pays, qui validaient selon eux leur strat\u00e9gie au Congr\u00e8s.<\/p>\n<p class=\"lead \">&#8211; \u00ab\u00a0Des actes\u00a0\u00bb &#8211;<\/p>\n<p class=\"lead \">Le chef de la minorit\u00e9 d\u00e9mocrate \u00e0 la Chambre, Hakeem Jeffries, a pour sa part exhort\u00e9 les r\u00e9publicains \u00e0 tenir leur engagement d&rsquo;organiser bient\u00f4t un vote au Congr\u00e8s pour prolonger les subventions pour \u00ab\u00a0Obamacare\u00a0\u00bb.<\/p>\n<p class=\"lead \">\u00ab\u00a0Maintenant, il va falloir voir s&rsquo;il y aura des actes ou si c&rsquo;\u00e9taient seulement des mots\u00a0\u00bb, a-t-il d\u00e9clar\u00e9 sur CNN.<\/p>\n<p class=\"lead \">La question de ces subventions est au coeur du diff\u00e9rend qui a men\u00e9 au \u00ab\u00a0shutdown\u00a0\u00bb. Sans leur prolongation, les co\u00fbts de l&rsquo;assurance sant\u00e9 devraient plus que doubler en 2026 pour 24 millions d&rsquo;Am\u00e9ricains qui utilisent \u00ab\u00a0Obamacare\u00a0\u00bb, selon KFF, cercle de r\u00e9flexion sp\u00e9cialis\u00e9 sur les questions de sant\u00e9.<\/p>\n<p class=\"lead \">\u00ab\u00a0La sant\u00e9 des gens \u00e0 travers ce pays est sur le point de devenir inabordable (&#8230;) Et cela en Am\u00e9rique, le pays le plus riche au monde dans l&rsquo;Histoire!\u00a0\u00bb, a d\u00e9nonc\u00e9 mardi Hakeem Jeffries.<\/p>\n<p class=\"lead \">Depuis le 1er octobre, plus d&rsquo;un million de fonctionnaires ne sont pas pay\u00e9s. Le versement de certaines aides est fortement perturb\u00e9, et des dizaines de milliers de vols ont \u00e9t\u00e9 annul\u00e9s ces derniers jours en raison de p\u00e9nuries de contr\u00f4leurs a\u00e9riens, dont certains choisissent de se faire porter p\u00e2le plut\u00f4t que de travailler sans salaire.<\/p>\n<p class=\"small font-weight-bold text-gray3 \"> publi\u00e9 le 12 novembre \u00e0 23h15, AFP<\/p>\n<p>                             Partager<\/p>\n","protected":false},"excerpt":{"rendered":"La paralysie budg\u00e9taire aux Etats-Unis touche \u00e0 sa fin mercredi avec l&rsquo;adoption attendue d&rsquo;une proposition de loi au&hellip;\n","protected":false},"author":2,"featured_media":529987,"comment_status":"","ping_status":"","sticky":false,"template":"","format":"standard","meta":{"footnotes":""},"categories":[6],"tags":[7182,1003,35,33,34,590,1011,27,1050,316,2803,308],"class_list":{"0":"post-529986","1":"post","2":"type-post","3":"status-publish","4":"format-standard","5":"has-post-thumbnail","7":"category-economie","8":"tag-aviation","9":"tag-budget","10":"tag-business","11":"tag-economie","12":"tag-economy","13":"tag-finance","14":"tag-fr","15":"tag-france","16":"tag-parlement","17":"tag-politique","18":"tag-transport","19":"tag-usa"},"share_on_mastodon":{"url":"https:\/\/pubeurope.com\/@fr\/115539168823721839","error":""},"_links":{"self":[{"href":"https:\/\/www.europesays.com\/fr\/wp-json\/wp\/v2\/posts\/529986","targetHints":{"allow":["GET"]}}],"collection":[{"href":"https:\/\/www.europesays.com\/fr\/wp-json\/wp\/v2\/posts"}],"about":[{"href":"https:\/\/www.europesays.com\/fr\/wp-json\/wp\/v2\/types\/post"}],"author":[{"embeddable":true,"href":"https:\/\/www.europesays.com\/fr\/wp-json\/wp\/v2\/users\/2"}],"replies":[{"embeddable":true,"href":"https:\/\/www.europesays.com\/fr\/wp-json\/wp\/v2\/comments?post=529986"}],"version-history":[{"count":0,"href":"https:\/\/www.europesays.com\/fr\/wp-json\/wp\/v2\/posts\/529986\/revisions"}],"wp:featuredmedia":[{"embeddable":true,"href":"https:\/\/www.europesays.com\/fr\/wp-json\/wp\/v2\/media\/529987"}],"wp:attachment":[{"href":"https:\/\/www.europesays.com\/fr\/wp-json\/wp\/v2\/media?parent=529986"}],"wp:term":[{"taxonomy":"category","embeddable":true,"href":"https:\/\/www.europesays.com\/fr\/wp-json\/wp\/v2\/categories?post=529986"},{"taxonomy":"post_tag","embeddable":true,"href":"https:\/\/www.europesays.com\/fr\/wp-json\/wp\/v2\/tags?post=529986"}],"curies":[{"name":"wp","href":"https:\/\/api.w.org\/{rel}","templated":true}]}}