{"id":529988,"date":"2025-11-12T22:49:11","date_gmt":"2025-11-12T22:49:11","guid":{"rendered":"https:\/\/www.europesays.com\/fr\/529988\/"},"modified":"2025-11-12T22:49:11","modified_gmt":"2025-11-12T22:49:11","slug":"vladimir-poutine-aurait-fait-reproduire-des-bureaux-a-lidentique-pour-echapper-aux-renseignements-etrangers","status":"publish","type":"post","link":"https:\/\/www.europesays.com\/fr\/529988\/","title":{"rendered":"Vladimir Poutine aurait fait reproduire des bureaux \u00e0 l\u2019identique pour \u00e9chapper aux renseignements \u00e9trangers"},"content":{"rendered":"<p>\n    D\u2019apr\u00e8s une enqu\u00eate, ces bureaux ont \u00e9t\u00e9 refaits, jusqu\u2019au moindre d\u00e9tail du mobilier. En cons\u00e9quence, le pr\u00e9sident russe, r\u00e9guli\u00e8rement film\u00e9 ou photographi\u00e9 lorsqu\u2019il est en visioconf\u00e9rence, para\u00eet toujours \u00eatre dans la m\u00eame pi\u00e8ce.<\/p>\n<p class=\"fig-paragraph\">Un nouveau subterfuge mis en place par le Kremlin?\u00a0<a href=\"http:\/\/www.lefigaro.fr\/international\/pourquoi-vladimir-poutine-s-obstine-dans-son-refus-de-faire-la-paix-en-ukraine-20251106\" target=\"_blank\" data-fig-type=\"Article\" rel=\"noopener\" data-gtm-custom-categorie=\"navigation\" data-gtm-custom-action=\"crossclick\" data-gtm-custom-label=\"Contextuel\" data-gtm-event=\"customEventSPE\" data-fig-domain=\"LEFIGARO\">Vladimir Poutine<\/a>\u00a0dissimulerait sa v\u00e9ritable localisation en se d\u00e9pla\u00e7ant de bureau en bureau \u00e0 travers la\u00a0<a href=\"http:\/\/www.lefigaro.fr\/medias\/contre-la-desinformation-venue-de-russie-la-commission-europeenne-hausse-le-ton-20251111\" target=\"_blank\" data-fig-type=\"Article\" rel=\"noopener\" data-gtm-custom-categorie=\"navigation\" data-gtm-custom-action=\"crossclick\" data-gtm-custom-label=\"Contextuel\" data-gtm-event=\"customEventSPE\" data-fig-domain=\"LEFIGARO\">Russie<\/a>, selon une enqu\u00eate publi\u00e9e par le m\u00e9dia Systema et la station de radio\u00a0<a href=\"https:\/\/www.rferl.org\/a\/kremlin-trickery-putin-offices-secrecy-investigation\/33586451.html\" target=\"_blank\" rel=\"noopener\" data-gtm-custom-categorie=\"navigation\" data-gtm-custom-action=\"crossclick\" data-gtm-custom-label=\"Contextuel\" data-gtm-event=\"customEventSPE\">RadioFreeEurope<\/a>, financ\u00e9 par le Congr\u00e8s des \u00c9tats-Unis.<\/p>\n<p class=\"fig-paragraph\">D\u2019apr\u00e8s cet article, ces bureaux, surnomm\u00e9s \u00abchambres beiges\u00bb par les deux m\u00e9dias, ont tous \u00e9t\u00e9 reproduits \u00e0 l\u2019identique afin de perturber les services de renseignement internationaux. En cons\u00e9quence, le pr\u00e9sident russe, r\u00e9guli\u00e8rement film\u00e9 ou photographi\u00e9 lorsqu\u2019il est en visioconf\u00e9rence, para\u00eet toujours \u00eatre dans la m\u00eame pi\u00e8ce. Or, le ma\u00eetre du Kremlin se d\u00e9placerait entre au moins trois bureaux: l\u2019un construit \u00e0 Novo-Ogaryovo pr\u00e8s de Moscou, un autre \u00e0\u00a0<a href=\"http:\/\/www.lefigaro.fr\/international\/la-russie-declare-avoir-abattu-deux-drones-au-dessus-de-la-mer-noire-pres-de-sotchi-20231014\" target=\"_blank\" data-fig-type=\"NewsFlash\" rel=\"noopener\" data-gtm-custom-categorie=\"navigation\" data-gtm-custom-action=\"crossclick\" data-gtm-custom-label=\"Contextuel\" data-gtm-event=\"customEventSPE\" data-fig-domain=\"LEFIGARO\">Sotchi<\/a>\u00a0et un dernier dans sa r\u00e9sidence de Valda\u00ef.<\/p>\n<p>                                    <a class=\"fig-a11y-skip a11y-hidden\" href=\"#fig-a11y-skip-main-inarticle\"><br \/>\n        Passer la publicit\u00e9<br \/>\n    <\/a><\/p>\n<p>Des d\u00e9tails qui changent tout<\/p>\n<p class=\"fig-paragraph\">Selon RadioFreeEurope, les trois bureaux ont la m\u00eame disposition, les m\u00eames meubles, les m\u00eames d\u00e9corations, les m\u00eames poign\u00e9es de porte et les m\u00eames \u00e9crans. Quelques menus d\u00e9tails fluctuent n\u00e9anmoins, que seul un regard aiguis\u00e9 pourrait remarquer.<\/p>\n<p class=\"fig-paragraph\">Ainsi, l\u2019alignement des panneaux muraux est diff\u00e9rent d\u2019un bureau \u00e0 l\u2019autre, comme l\u2019atteste l\u2019image ci-dessous. L\u2019emplacement des thermostats est \u00e9galement discordant, l\u2019alignement des poign\u00e9es de portes aussi. Le principal ornement du bureau de Vladimir Poutine refl\u00e8te la lumi\u00e8re diff\u00e9remment d\u2019une pi\u00e8ce \u00e0 l\u2019autre.<\/p>\n<p>    L\u2019alignement des panneaux muraux varie selon le bureau.<br \/>\n                Systema\/RadioFreeEurope<\/p>\n<p class=\"fig-paragraph\">\u00abDans le bureau de Novo-Ogaryovo, la poign\u00e9e de la porte pr\u00e8s du bureau de Poutine est plac\u00e9e l\u00e9g\u00e8rement plus bas qu\u2019une couture qui s\u00e9pare les panneaux muraux de chaque c\u00f4t\u00e9 &#8211; un fait qui ressort clairement des images et des photos de la pi\u00e8ce, y compris des images de l\u2019entreprise qui a pos\u00e9 le parquet\u00bb, abonde RadioFreeEurope.<\/p>\n<p>Anciennes r\u00e9unions, nouvelles vid\u00e9os<\/p>\n<p class=\"fig-paragraph\">Systema a \u00e9galement pu consulter des documents de voyage d\u2019un journaliste russe ayant interview\u00e9 Vladimir Poutine. Il en a r\u00e9sult\u00e9 que les images de son interview, diffus\u00e9e par la t\u00e9l\u00e9vision d\u2019\u00c9tat, avaient \u00e9t\u00e9 pr\u00e9sent\u00e9es comme ayant \u00e9t\u00e9 tourn\u00e9es \u00e0 Novo-Ogaryovo, alors que le billet d\u2019avion fourni au journaliste stipulait qu\u2019il s\u2019\u00e9tait rendu \u00e0 Sotchi.<\/p>\n<p>    Les poign\u00e9es sont align\u00e9es diff\u00e9remment.<br \/>\n                Systema\/RadioFreeEurope<\/p>\n<p class=\"fig-paragraph\">\u00abDans un rapport d\u2019enqu\u00eate publi\u00e9 en ao\u00fbt, Systema a r\u00e9v\u00e9l\u00e9 qu\u2019au moins cinq r\u00e9unions du Kremlin qui auraient eu lieu en avril ou en mai avaient en fait \u00e9t\u00e9 film\u00e9es des mois plus t\u00f4t. Poutine a poursuivi cette ruse cet automne: depuis ao\u00fbt, le Kremlin a publi\u00e9 au moins sept anciennes vid\u00e9os des r\u00e9unions du pr\u00e9sident, les faisant passer pour de nouvelles\u00bb, accuse \u00e9galement Systema.<\/p>\n<p>                                    <a class=\"fig-a11y-skip a11y-hidden\" href=\"#fig-a11y-skip-main-inarticle_mtf\"><br \/>\n        Passer la publicit\u00e9<br \/>\n    <\/a><\/p>\n<p class=\"fig-paragraph\">Vladimir Poutine se tapirait le plus souvent dans sa r\u00e9sidence de Valda\u00ef, puisqu\u2019elle est lourdement d\u00e9fendue, notamment par des positions de d\u00e9fense antia\u00e9rienne. D\u2019apr\u00e8s Systema, 29 des 30 apparitions publiques du pr\u00e9sident russe entre janvier et septembre 2025 ont \u00e9t\u00e9 film\u00e9es \u00e0 Valda\u00ef.<\/p>\n","protected":false},"excerpt":{"rendered":"D\u2019apr\u00e8s une enqu\u00eate, ces bureaux ont \u00e9t\u00e9 refaits, jusqu\u2019au moindre d\u00e9tail du mobilier. En cons\u00e9quence, le pr\u00e9sident russe,&hellip;\n","protected":false},"author":2,"featured_media":529989,"comment_status":"","ping_status":"","sticky":false,"template":"","format":"standard","meta":{"footnotes":""},"categories":[5],"tags":[11,1011,27,14,12,135,28],"class_list":{"0":"post-529988","1":"post","2":"type-post","3":"status-publish","4":"format-standard","5":"has-post-thumbnail","7":"category-international","8":"tag-actualites","9":"tag-fr","10":"tag-france","11":"tag-international","12":"tag-news","13":"tag-vladimir-poutine","14":"tag-world"},"share_on_mastodon":{"url":"https:\/\/pubeurope.com\/@fr\/115539172738228284","error":""},"_links":{"self":[{"href":"https:\/\/www.europesays.com\/fr\/wp-json\/wp\/v2\/posts\/529988","targetHints":{"allow":["GET"]}}],"collection":[{"href":"https:\/\/www.europesays.com\/fr\/wp-json\/wp\/v2\/posts"}],"about":[{"href":"https:\/\/www.europesays.com\/fr\/wp-json\/wp\/v2\/types\/post"}],"author":[{"embeddable":true,"href":"https:\/\/www.europesays.com\/fr\/wp-json\/wp\/v2\/users\/2"}],"replies":[{"embeddable":true,"href":"https:\/\/www.europesays.com\/fr\/wp-json\/wp\/v2\/comments?post=529988"}],"version-history":[{"count":0,"href":"https:\/\/www.europesays.com\/fr\/wp-json\/wp\/v2\/posts\/529988\/revisions"}],"wp:featuredmedia":[{"embeddable":true,"href":"https:\/\/www.europesays.com\/fr\/wp-json\/wp\/v2\/media\/529989"}],"wp:attachment":[{"href":"https:\/\/www.europesays.com\/fr\/wp-json\/wp\/v2\/media?parent=529988"}],"wp:term":[{"taxonomy":"category","embeddable":true,"href":"https:\/\/www.europesays.com\/fr\/wp-json\/wp\/v2\/categories?post=529988"},{"taxonomy":"post_tag","embeddable":true,"href":"https:\/\/www.europesays.com\/fr\/wp-json\/wp\/v2\/tags?post=529988"}],"curies":[{"name":"wp","href":"https:\/\/api.w.org\/{rel}","templated":true}]}}