{"id":52999,"date":"2025-04-25T23:55:08","date_gmt":"2025-04-25T23:55:08","guid":{"rendered":"https:\/\/www.europesays.com\/fr\/52999\/"},"modified":"2025-04-25T23:55:08","modified_gmt":"2025-04-25T23:55:08","slug":"ilan-larmet-le-tour-de-bretagne-cest-un-reve-actualite","status":"publish","type":"post","link":"https:\/\/www.europesays.com\/fr\/52999\/","title":{"rendered":"Ilan Larmet : \u00ab Le Tour de Bretagne, c&rsquo;est un r\u00eave \u00bb &#8211; Actualit\u00e9"},"content":{"rendered":"<p style=\"text-align: justify;\">L&rsquo;\u00e9motion est aussi grande que le soulagement. Ilan Larmet a triomph\u00e9 ce vendredi, en ouverture du Tour de Bretagne (<strong><a href=\"https:\/\/www.directvelo.com\/actualite\/120146\/tour-de-bretagne-et-1-ilan-larmet-1er\" target=\"_blank\" rel=\"nofollow noopener\">voir classement<\/a><\/strong>), \u00e0 la conclusion d&rsquo;une \u00e9chapp\u00e9e d\u00e8s le kilom\u00e8tre 0, achev\u00e9e 143 kilom\u00e8tres plus loin dans un un contre un entre le coureur du VC Rouen 76 et Joshua Golliker (EF Education-Aevolo). \u00ab\u00a0C&rsquo;est incroyable, le Tour de Bretagne, c&rsquo;est un r\u00eave. Je voulais prendre l&rsquo;\u00e9chapp\u00e9e, je voulais voir o\u00f9 \u00e7a pouvait m&#8217;emmener, \u00e0 la base je voulais les bonifs. L\u00e0 c&rsquo;est une dinguerie ! Ma saison est d\u00e9j\u00e0 r\u00e9ussie dans tous les cas\u00a0\u00bb, exulte-t-il, lui qui \u00e9tait loin d&rsquo;\u00eatre dans sa meilleure ann\u00e9e avant de s&rsquo;imposer \u00e0 Redon-Redon, il y a deux semaines. \u00c0 tel point que sa pr\u00e9sence sur l&rsquo;\u00e9preuve de Classe 2 n&rsquo;\u00e9tait pas garantie. \u00ab\u00a0\u00c7a s&rsquo;est d\u00e9cid\u00e9 dimanche dernier. C&rsquo;\u00e9tait vraiment au dernier moment\u00a0\u00bb.<\/p>\n<p>Ilan Larmet et ses camarades du jour, C\u00e9dric Abt, Robin Lesn\u00e9 et donc Joshua Golliker, ont d&rsquo;abord \u00e9t\u00e9 \u00e0 un train de s\u00e9nateur. \u00ab\u00a0On n&rsquo;a pas roul\u00e9 trop fort au d\u00e9but, et quand on a perdu Robin (Lesn\u00e9), on a mis en route vraiment&#8230; Le gars de EF ne voulait pas trop passer, il me disait qu&rsquo;il avait un sprinteur. Je lui ai dit que ce n&rsquo;\u00e9tait pas pour aujourd&rsquo;hui le sprint. Au final il a collabor\u00e9, il \u00e9tait super fort\u00a0\u00bb. Le Breton est conscient que la forme est l\u00e0 et se r\u00e9gale \u00e0 rouler avec le Britannique. \u00ab\u00a0D\u00e8s les premiers kilom\u00e8tres, je sentais que \u00e7a allait bien. Il fallait que les mecs aient envie d&rsquo;aller au bout. Sinon, \u00e7a aurait vite pu se regarder. J&rsquo;adore les \u00e9chapp\u00e9es quand il y a des gars costauds avec moi, c&rsquo;est g\u00e9nial. C&rsquo;est vraiment le type de course que j&rsquo;adore\u00a0\u00bb. Mais le peloton ne joue pourtant pas trop avec les hommes de t\u00eate.<\/p>\n<p><strong>\u00ab ON VA PROFITER LE PLUS LONGTEMPS POSSIBLE \u00bb<\/strong><\/p>\n<p>Alors qu&rsquo;il reste une quarantaine de kilom\u00e8tres, le quatuor n&rsquo;a pas le droit \u00e0 plus d&rsquo;une minute de marge. \u00ab\u00a0Je me suis dit que \u00e7a allait \u00eatre chaud. Je savais que je pouvais aller loin mais il fallait que les gars collaborent, sinon ce n&rsquo;\u00e9tait pas possible. On nous a laiss\u00e9 trois minutes au max sur la journ\u00e9e. Ce n&rsquo;est pas \u00e9norme pour une \u00e9chapp\u00e9e de quatre\u00a0\u00bb. Les hommes de t\u00eate gardent cette pr\u00e9cieuse minute jusqu&rsquo;au bout, et Joshua Golliker d\u00e9cide de faire cavalier seul dans les derniers kilom\u00e8tres. \u00ab\u00a0Au d\u00e9but, je voulais me faire ramener. Mais j&rsquo;ai d\u00fb rentrer tout seul. Et une fois rentr\u00e9, il a roul\u00e9, c&rsquo;\u00e9tait l&rsquo;id\u00e9al pour moi. J&rsquo;ai bien man\u0153uvr\u00e9, il ne fallait pas lui laisser plus de champ parce qu&rsquo;il \u00e9tait fort quand m\u00eame\u00a0\u00bb. Ilan Larmet a ensuite fait parler sa force. \u00ab\u00a0J&rsquo;ai fait le sprint \u00e0 200 m\u00e8tres. J&rsquo;aime bien les sprints longs. 500 m\u00e8tres, \u00e7a ne m&rsquo;aurait pas d\u00e9rang\u00e9\u00a0\u00bb.<\/p>\n<p>La victoire est l\u00e0, et avec elle le premier maillot de leader du Tour de Bretagne. \u00ab\u00a0Je ne voulais pas avoir de regrets sur les premi\u00e8res \u00e9tapes, je voulais prendre l&rsquo;opportunit\u00e9 et \u00e7a m&rsquo;a r\u00e9ussi aujourd&rsquo;hui, je ne regrette pas du tout. On va profiter le plus longtemps possible. J&rsquo;ai une \u00e9quipe forte. Le but sera de garder le maillot le plus longtemps possible\u00a0\u00bb. Apr\u00e8s le Tour du Loir-et-Cher o\u00f9 il \u00e9tait rest\u00e9 discret car il ne voulait pas \u00ab\u00a0prendre de risques pour le Tour de Bretagne\u00a0\u00bb, et des opportunit\u00e9s d&rsquo;\u00e9chapp\u00e9e rat\u00e9es, cette fois, le coureur de 23 ans a r\u00e9ussi \u00e0 s&rsquo;exprimer dans son registre de baroudeur. \u00ab\u00a0C&rsquo;est un peu pour \u00e7a que je suis l\u00e0 au Tour de Bretagne\u00a0\u00bb. Et le sc\u00e9nario de la journ\u00e9e ne lui fera pas regretter sa pr\u00e9sence.<\/p>\n","protected":false},"excerpt":{"rendered":"L&rsquo;\u00e9motion est aussi grande que le soulagement. Ilan Larmet a triomph\u00e9 ce vendredi, en ouverture du Tour de&hellip;\n","protected":false},"author":2,"featured_media":53000,"comment_status":"","ping_status":"","sticky":false,"template":"","format":"standard","meta":{"footnotes":""},"categories":[1411],"tags":[834,828,836,829,837,827,83,826,824,823,1154,207,814,817,815,816,822,821,832,211,839,1011,27,820,818,819,835,831,830,833,838,60,212,208,825],"class_list":{"0":"post-52999","1":"post","2":"type-post","3":"status-publish","4":"format-standard","5":"has-post-thumbnail","7":"category-cyclisme","8":"tag-attaque","9":"tag-belgique","10":"tag-braquet","11":"tag-bretagne","12":"tag-chute","13":"tag-competition","14":"tag-coupe-de-france","15":"tag-coureur","16":"tag-course-cyclisme","17":"tag-course-cycliste","18":"tag-cycling","19":"tag-cyclisme","20":"tag-direct","21":"tag-direct-velo","22":"tag-directvelo","23":"tag-directvelo-com","24":"tag-epreuve","25":"tag-epreuve-cycliste","26":"tag-federation-francaise-de-cyclisme","27":"tag-ffc","28":"tag-flandres","29":"tag-fr","30":"tag-france","31":"tag-live","32":"tag-live-course","33":"tag-live-epreuve","34":"tag-peloton","35":"tag-radio-peloton","36":"tag-radio-tour","37":"tag-ravitaillement","38":"tag-relance","39":"tag-sports","40":"tag-uci","41":"tag-velo","42":"tag-velos"},"share_on_mastodon":{"url":"https:\/\/pubeurope.com\/@fr\/114401307741818717","error":""},"_links":{"self":[{"href":"https:\/\/www.europesays.com\/fr\/wp-json\/wp\/v2\/posts\/52999","targetHints":{"allow":["GET"]}}],"collection":[{"href":"https:\/\/www.europesays.com\/fr\/wp-json\/wp\/v2\/posts"}],"about":[{"href":"https:\/\/www.europesays.com\/fr\/wp-json\/wp\/v2\/types\/post"}],"author":[{"embeddable":true,"href":"https:\/\/www.europesays.com\/fr\/wp-json\/wp\/v2\/users\/2"}],"replies":[{"embeddable":true,"href":"https:\/\/www.europesays.com\/fr\/wp-json\/wp\/v2\/comments?post=52999"}],"version-history":[{"count":0,"href":"https:\/\/www.europesays.com\/fr\/wp-json\/wp\/v2\/posts\/52999\/revisions"}],"wp:featuredmedia":[{"embeddable":true,"href":"https:\/\/www.europesays.com\/fr\/wp-json\/wp\/v2\/media\/53000"}],"wp:attachment":[{"href":"https:\/\/www.europesays.com\/fr\/wp-json\/wp\/v2\/media?parent=52999"}],"wp:term":[{"taxonomy":"category","embeddable":true,"href":"https:\/\/www.europesays.com\/fr\/wp-json\/wp\/v2\/categories?post=52999"},{"taxonomy":"post_tag","embeddable":true,"href":"https:\/\/www.europesays.com\/fr\/wp-json\/wp\/v2\/tags?post=52999"}],"curies":[{"name":"wp","href":"https:\/\/api.w.org\/{rel}","templated":true}]}}