{"id":529994,"date":"2025-11-12T22:52:25","date_gmt":"2025-11-12T22:52:25","guid":{"rendered":"https:\/\/www.europesays.com\/fr\/529994\/"},"modified":"2025-11-12T22:52:25","modified_gmt":"2025-11-12T22:52:25","slug":"loire-la-place-de-la-mairie-coupee-en-deux-par-ces-communes-pourquoi-cest-un-probleme","status":"publish","type":"post","link":"https:\/\/www.europesays.com\/fr\/529994\/","title":{"rendered":"Loire. La place de la mairie coup\u00e9e en deux par ces communes : pourquoi c&rsquo;est un probl\u00e8me"},"content":{"rendered":"<p>                    Par<br \/>\n        <strong><br \/>\n            <a href=\"https:\/\/actu.fr\/auteur\/mathias-souteyrat\" title=\"Consulter tous les articles de Mathias Souteyrat\" target=\"_blank\" rel=\"noopener\">Mathias Souteyrat<\/a><br \/>\n                    <\/strong><\/p>\n<p>        Publi\u00e9 le<\/p>\n<p>            12 nov. 2025 \u00e0 16h32        <\/p>\n<p>La d\u00e9lib\u00e9ration du conseil municipal de <a href=\"https:\/\/actu.fr\/auvergne-rhone-alpes\/valfleury_42320\" target=\"_blank\" rel=\"noopener\">Valfleury<\/a> du 5\u00a0novembre 2025 a \u00e9voqu\u00e9 deux enqu\u00eates publiques (*) en cours sur la commune\u2009: l\u2019une pour la modification des limites territoriales avec la commune de <a href=\"https:\/\/actu.fr\/auvergne-rhone-alpes\/cellieu_42032\" target=\"_blank\" rel=\"noopener\">Cellieu<\/a> et l\u2019autre pour l\u2019ali\u00e9nation d\u2019un chemin rural au Rey. \u00ab\u2009Elles ont lieu toutes les deux du 4 au 24\u00a0novembre 2025, avec le m\u00eame commissaire enqu\u00eateur.\u2009\u00bb <br \/>\u00c0 32\u00a0km de <a href=\"https:\/\/actu.fr\/saint-etienne\/\" target=\"_blank\" rel=\"noopener\">Saint-\u00c9tienne<\/a>, la commune de Valfleury et ses <strong>724 habitants<\/strong> va grossir de 8\u2009000 m\u00b2 et de trois foyers, appartenant (pour le moment) \u00e0 celle de Cellieu.<\/p>\n<p>\u00ab\u2009Le bassin de vie des habitants de ces logements est centr\u00e9 sur Valfleury\u2009\u00bb<\/p>\n<p class=\" wall-content\">Denis Laurent, le maire de Valfleury, dans un courrier adress\u00e9 \u00e0 la pr\u00e9fecture, le 21\u00a0juillet 2025, donne les raisons de ce rattachement, d\u00e9j\u00e0 mat\u00e9rialis\u00e9e par une d\u00e9lib\u00e9ration de 2023.<\/p>\n<ul class=\" wall-content\">\n<li>Trois habitations actuellement situ\u00e9es sur la commune de Cellieu sont adjacentes \u00e0 la place de la mairie de Valfleury<\/li>\n<li>Le bassin de vie des habitants de ces logements est centr\u00e9 sur Valfleury o\u00f9 ils b\u00e9n\u00e9ficient de l\u2019ensemble des services publics et des \u00e9quipements<\/li>\n<li>Ces habitations sont raccord\u00e9es aux r\u00e9seaux de Valfleury<\/li>\n<li>Elles b\u00e9n\u00e9ficient d\u2019investissement de la commune de Valfleury (\u00e9clairage public, voirie\u2026)<\/li>\n<li>Des \u00e9changes ont eu lieu entre les deux communes en vue d\u2019un accord amiable sur cette modification de territoire.<\/li>\n<\/ul>\n<p>\u00ab\u2009Une partie de la place du village est situ\u00e9e sur le territoire de la commune de Cellieu\u2009\u00bb<\/p>\n<p class=\" wall-content\">Le bourg de Valfleury se trouve \u00e0 proximit\u00e9 imm\u00e9diate de la limite territoriale entre les deux communes. Une partie de la place du village, qui est le lieu de centralit\u00e9 le plus important de notre village, est situ\u00e9e sur le territoire de la commune de Cellieu.<\/p>\n<p>    <img   decoding=\"async\" loading=\"lazy\" src=\"https:\/\/www.europesays.com\/fr\/wp-content\/uploads\/2025\/11\/capture-decran-2025-11-12-155249-960x640.png\" alt=\"\" width=\"960\" height=\"640\"\/><br \/>\n    Une partie de la place du village, qui est le lieu de centralit\u00e9 le plus important de notre village, est situ\u00e9e sur le territoire de la commune de Cellieu. (\u00a9Capture Google street view)<\/p>\n<p class=\" wall-content\">Les limites d\u2019agglom\u00e9ration ne prennent pas en compte l\u2019entr\u00e9e de la place du village, puisque celle-ci se situe sur la commune de Cellieu, mais entre dans une partie agglom\u00e9r\u00e9e de Cellieu sur laquelle Valfleury dispose du pouvoir de police.<\/p>\n<p>Pouvoir de police et probl\u00e8me des cam\u00e9ras de vid\u00e9osurveillance<\/p>\n<blockquote class=\"ac-article-quote wall-content\">\n<p>Les cam\u00e9ras de vid\u00e9osurveillance install\u00e9es sur la place de la mairie ne peuvent pas en filmer l&rsquo;entr\u00e9e puisqu&rsquo;elle se situe en dehors de Valfleury.<\/p>\n<p>    <strong>Mairie de Valfleury<\/strong>\n            <\/p><\/blockquote>\n<p>Votre r\u00e9gion, votre actu !<\/p>\n<p>Recevez chaque jour les infos qui comptent pour vous.<\/p>\n<p>\t<a href=\"https:\/\/actu.fr\/newsletter\" class=\"ac-btn ac-btn--corner ac-btn--medium ac-btn--blue800\" target=\"_blank\" rel=\"noopener\">S&rsquo;incrire<\/a><\/p>\n<p class=\" wall-content\">Le 24\u00a0juin 2024, le conseil municipal de la commune de Cellieu avait d\u00e9j\u00e0 abord\u00e9 la question, retenant le sc\u00e9nario de la cession d\u2019une partie de la place du village.<\/p>\n<p>    <a href=\"https:\/\/www.google.com\/maps\/embed?pb=!1m18!1m12!1m3!1d44753.64120395987!2d4.3985609702936355!3d45.487879118297094!2m3!1f0!2f0!3f0!3m2!1i1024!2i768!4f13.1!3m3!1m2!1s0x47f4ffbd8229238b%3A0x4093cafcbe80560!2s42320%20Valfleury!5e0!3m2!1sfr!2sfr!4v1762958732751!5m2!1sfr!2sfr\" title=\"Ouvrie le lien\" target=\"_blank\" rel=\"noopener\">Cliquez ici pour visualiser le contenu<\/a><\/p>\n<p class=\" wall-content\">Pourquoi la place de la mairie est coup\u00e9e en deux\u2009? Selon <a href=\"https:\/\/c.leprogres.fr\/insolite\/2025\/11\/09\/pourquoi-trois-maisons-et-un-bout-de-place-vont-ils-changer-de-village?login=1\" target=\"_blank\" rel=\"noopener\">Le Progr\u00e8s<\/a>, la d\u00e9limitation entre les deux villages est li\u00e9e<strong> historiquement au lit naturel de la rivi\u00e8re la Dur\u00e8ze<\/strong>, qui passait au niveau de la place, et que suivait donc la fronti\u00e8re.\u00a0\u00bb<\/p>\n<p>(*) L\u2019enqu\u00eate publique relative au projet de modification des limites territoriales entre les communes de Valfleury et de Cellieu aura lieu du mardi 4\u00a0novembre 2025 \u00e0 partir de 9h jusqu\u2019au lundi 24\u00a0novembre 2025 \u00e0 17h.<\/p>\n<p class=\" wall-content\">Personnalisez votre actualit\u00e9 en ajoutant vos villes et m\u00e9dias en favori avec <a href=\"https:\/\/moncompte.actu.fr\" title=\"D\u00e9couvez Mon Actu\" rel=\"nofollow noopener\" data-trk=\"{&quot;cta&quot;:{&quot;action&quot;:&quot;https:\\\/\\\/moncompte.actu.fr&quot;,&quot;category&quot;:&quot;mon compte&quot;,&quot;from&quot;:&quot;article footer&quot;,&quot;name&quot;:&quot;Mon actu&quot;,&quot;type&quot;:&quot;cta&quot;}}\" target=\"_blank\">Mon Actu<\/a>.<\/p>\n","protected":false},"excerpt":{"rendered":"Par Mathias Souteyrat Publi\u00e9 le 12 nov. 2025 \u00e0 16h32 La d\u00e9lib\u00e9ration du conseil municipal de Valfleury du&hellip;\n","protected":false},"author":2,"featured_media":529995,"comment_status":"","ping_status":"","sticky":false,"template":"","format":"standard","meta":{"footnotes":""},"categories":[9653],"tags":[1111,11,2430,1777,674,1011,27,12,25,4001,104,7939],"class_list":{"0":"post-529994","1":"post","2":"type-post","3":"status-publish","4":"format-standard","5":"has-post-thumbnail","7":"category-saint-etienne","8":"tag-actu","9":"tag-actualites","10":"tag-auvergne-rhone-alpes","11":"tag-eu","12":"tag-europe","13":"tag-fr","14":"tag-france","15":"tag-news","16":"tag-republique-francaise","17":"tag-saint-etienne","18":"tag-societe","19":"tag-videosurveillance"},"share_on_mastodon":{"url":"https:\/\/pubeurope.com\/@fr\/115539184674080615","error":""},"_links":{"self":[{"href":"https:\/\/www.europesays.com\/fr\/wp-json\/wp\/v2\/posts\/529994","targetHints":{"allow":["GET"]}}],"collection":[{"href":"https:\/\/www.europesays.com\/fr\/wp-json\/wp\/v2\/posts"}],"about":[{"href":"https:\/\/www.europesays.com\/fr\/wp-json\/wp\/v2\/types\/post"}],"author":[{"embeddable":true,"href":"https:\/\/www.europesays.com\/fr\/wp-json\/wp\/v2\/users\/2"}],"replies":[{"embeddable":true,"href":"https:\/\/www.europesays.com\/fr\/wp-json\/wp\/v2\/comments?post=529994"}],"version-history":[{"count":0,"href":"https:\/\/www.europesays.com\/fr\/wp-json\/wp\/v2\/posts\/529994\/revisions"}],"wp:featuredmedia":[{"embeddable":true,"href":"https:\/\/www.europesays.com\/fr\/wp-json\/wp\/v2\/media\/529995"}],"wp:attachment":[{"href":"https:\/\/www.europesays.com\/fr\/wp-json\/wp\/v2\/media?parent=529994"}],"wp:term":[{"taxonomy":"category","embeddable":true,"href":"https:\/\/www.europesays.com\/fr\/wp-json\/wp\/v2\/categories?post=529994"},{"taxonomy":"post_tag","embeddable":true,"href":"https:\/\/www.europesays.com\/fr\/wp-json\/wp\/v2\/tags?post=529994"}],"curies":[{"name":"wp","href":"https:\/\/api.w.org\/{rel}","templated":true}]}}