{"id":529998,"date":"2025-11-12T22:57:02","date_gmt":"2025-11-12T22:57:02","guid":{"rendered":"https:\/\/www.europesays.com\/fr\/529998\/"},"modified":"2025-11-12T22:57:02","modified_gmt":"2025-11-12T22:57:02","slug":"nancy-concert-trois-cafes-gourmands","status":"publish","type":"post","link":"https:\/\/www.europesays.com\/fr\/529998\/","title":{"rendered":"NANCY > CONCERT > TROIS CAF\u00c9S GOURMANDS"},"content":{"rendered":"<p><strong>Un concert chaleureux pour une soir\u00e9e d\u2019Halloween diff\u00e9rente<\/strong><\/p>\n<p class=\"has-medium-font-size\">Vendredi 31 octobre 2025, alors que Nancy f\u00eatait Halloween un peu partout en ville, la Salle Poirel affichait quant \u00e0 elle complet pour accueillir Trois Caf\u00e9s Gourmands. Une centaine de personnes avaient fait le choix de passer la soir\u00e9e avec le trio corr\u00e9zien, dans une ambiance simple, conviviale et pleine de bonne humeur. D\u00e8s les premi\u00e8res minutes, on sentait que le public \u00e9tait venu chercher quelque chose de vrai, loin du tumulte de la f\u00eate.<\/p>\n<p><a href=\"https:\/\/www.europesays.com\/fr\/wp-content\/uploads\/2025\/11\/2LX_0751.jpg\"><img loading=\"lazy\" decoding=\"async\" width=\"1024\" height=\"682\" src=\"https:\/\/www.europesays.com\/fr\/wp-content\/uploads\/2025\/11\/2LX_0751.jpg\" alt=\"\" class=\"wp-image-1522890\"\/><\/a>NANCY &gt; CONCERT &gt; TROIS CAF\u00c9S GOURMANDS<\/p>\n<p><strong>Une soir\u00e9e pleine de proximit\u00e9 et de sinc\u00e9rit\u00e9<\/strong><\/p>\n<p class=\"has-medium-font-size\">Sur sc\u00e8ne, Julie, S\u00e9bastien et J\u00e9r\u00e9my ont offert exactement ce qui fait leur succ\u00e8s depuis leurs d\u00e9buts : un contact direct, une grande sinc\u00e9rit\u00e9 et une envie manifeste de partager un moment authentique avec le public. Leur naturel a rapidement mis tout le monde \u00e0 l\u2019aise et la salle s\u2019est laiss\u00e9e porter.<\/p>\n<p class=\"has-medium-font-size\">Le concert a altern\u00e9 titres phares et nouvelles chansons. Le public a chant\u00e9 avec \u00e9motion \u00ab \u00c0 nos souvenirs \u00bb, a retrouv\u00e9 \u00ab Un air de rien \u00bb, \u00ab On t\u2019emm\u00e8ne \u00bb et a d\u00e9couvert ou red\u00e9couvert les titres plus r\u00e9cents comme \u00ab Tu le sais bien \u00bb ou \u00ab S\u2019enlacer \u00bb. L\u2019ensemble \u00e9tait port\u00e9 par des musiciens tr\u00e8s efficaces, qui ont donn\u00e9 du rythme et une vraie chaleur au live.<\/p>\n<p><a href=\"https:\/\/www.europesays.com\/fr\/wp-content\/uploads\/2025\/11\/infolux-ok_7-1.jpg\"><img loading=\"lazy\" decoding=\"async\" width=\"1024\" height=\"714\" data-id=\"1522922\" src=\"https:\/\/www.europesays.com\/fr\/wp-content\/uploads\/2025\/11\/infolux-ok_7-1.jpg\" alt=\"\" class=\"wp-image-1522922\"\/><\/a><\/p>\n<p><a href=\"https:\/\/www.europesays.com\/fr\/wp-content\/uploads\/2025\/11\/2LX_1066.jpg\"><img loading=\"lazy\" decoding=\"async\" width=\"1024\" height=\"663\" data-id=\"1522901\" src=\"https:\/\/www.europesays.com\/fr\/wp-content\/uploads\/2025\/11\/2LX_1066.jpg\" alt=\"\" class=\"wp-image-1522901\"\/><\/a><\/p>\n<p><a href=\"https:\/\/www.europesays.com\/fr\/wp-content\/uploads\/2025\/11\/2LX_0893.jpg\"><img loading=\"lazy\" decoding=\"async\" width=\"1024\" height=\"682\" data-id=\"1522898\" src=\"https:\/\/www.europesays.com\/fr\/wp-content\/uploads\/2025\/11\/2LX_0893.jpg\" alt=\"\" class=\"wp-image-1522898\"\/><\/a><\/p>\n<p><a href=\"https:\/\/www.europesays.com\/fr\/wp-content\/uploads\/2025\/11\/DSC5462.jpg\"><img loading=\"lazy\" decoding=\"async\" width=\"1024\" height=\"684\" data-id=\"1522879\" src=\"https:\/\/www.europesays.com\/fr\/wp-content\/uploads\/2025\/11\/DSC5462.jpg\" alt=\"\" class=\"wp-image-1522879\"\/><\/a><\/p>\n<p><a href=\"https:\/\/www.europesays.com\/fr\/wp-content\/uploads\/2025\/11\/DSC5438.jpg\"><img loading=\"lazy\" decoding=\"async\" width=\"1024\" height=\"676\" data-id=\"1522878\" src=\"https:\/\/www.europesays.com\/fr\/wp-content\/uploads\/2025\/11\/DSC5438.jpg\" alt=\"\" class=\"wp-image-1522878\"\/><\/a><br \/>\nNANCY &gt; CONCERT &gt; TROIS CAF\u00c9S GOURMANDS<\/p>\n<p><strong>Trois artistes compl\u00e9mentaires et un public conquis<\/strong><\/p>\n<p class=\"has-medium-font-size\">On retrouve chez Trois Caf\u00e9s Gourmands cette compl\u00e9mentarit\u00e9 touchante entre les trois voix. Julie apporte beaucoup de douceur, J\u00e9r\u00e9my stabilise l\u2019ensemble avec une pr\u00e9sence tr\u00e8s pos\u00e9e et S\u00e9bastien am\u00e8ne l\u2019\u00e9nergie et la proximit\u00e9. Cette alchimie fonctionne toujours autant en live, et la Salle Poirel l\u2019a bien ressenti.<\/p>\n<p><strong>Une salle id\u00e9ale pour ce type de concert<\/strong><\/p>\n<p class=\"has-medium-font-size\">La Salle Poirel, connue pour son acoustique et sa configuration intimiste, convenait parfaitement \u00e0 l\u2019ambiance recherch\u00e9e. Proche des artistes, le public a pu profiter de chaque moment sans jamais perdre le lien avec la sc\u00e8ne.<\/p>\n<p><a href=\"https:\/\/www.europesays.com\/fr\/wp-content\/uploads\/2025\/11\/2LX2738.jpg\"><img loading=\"lazy\" decoding=\"async\" width=\"1024\" height=\"684\" src=\"https:\/\/www.europesays.com\/fr\/wp-content\/uploads\/2025\/11\/2LX2738.jpg\" alt=\"\" class=\"wp-image-1522842\"\/><\/a>NANCY &gt; CONCERT &gt; TROIS CAF\u00c9S GOURMANDS<\/p>\n<p><strong>Une parenth\u00e8se musicale prolong\u00e9e quelques jours plus tard<\/strong><\/p>\n<p class=\"has-medium-font-size\">Quelques jours apr\u00e8s ce concert \u00e0 Nancy, Trois Caf\u00e9s Gourmands ont \u00e9galement surpris les fans de Julien Lieb en montant sur sc\u00e8ne avec lui au Z\u00e9nith de Pau. Une apparition spontan\u00e9e qui a beaucoup plu aux spectateurs et qui montre une fois encore l\u2019esprit convivial du trio.<\/p>\n<p><strong>Un acc\u00e8s privil\u00e9gi\u00e9 aux r\u00e9p\u00e9titions<\/strong><\/p>\n<p class=\"has-medium-font-size\">Info-Lux a \u00e9galement eu la chance d\u2019assister en exclusivit\u00e9 aux r\u00e9p\u00e9titions de Trois Caf\u00e9s Gourmands, quelques heures avant le concert. Une parenth\u00e8se rare et pr\u00e9cieuse qui a permis d\u2019observer le trio dans un moment de v\u00e9rit\u00e9, entre concentration, rires complices et ajustements de derni\u00e8re minute. Julie, J\u00e9r\u00e9my et S\u00e9bastien ont travaill\u00e9 chaque d\u00e9tail avec leurs musiciens pour offrir au public un spectacle aussi sinc\u00e8re qu\u2019exigeant. Voici quelques photos exclusives captur\u00e9es lors de ces r\u00e9p\u00e9titions, t\u00e9moignant de cette proximit\u00e9 et de l\u2019\u00e9nergie qui ont port\u00e9 toute la soir\u00e9e.<\/p>\n<p><a href=\"https:\/\/www.info-lux.com\/wp-content\/uploads\/2025\/11\/DSC5153.jpg\" target=\"_blank\" rel=\"noopener\"><img loading=\"lazy\" decoding=\"async\" width=\"684\" height=\"1024\" data-id=\"1522869\" src=\"https:\/\/www.europesays.com\/fr\/wp-content\/uploads\/2025\/11\/DSC5153-684x1024.jpg\" alt=\"\" class=\"wp-image-1522869\"\/><\/a><\/p>\n<p><a href=\"https:\/\/www.info-lux.com\/wp-content\/uploads\/2025\/11\/DSC5104.jpg\" target=\"_blank\" rel=\"noopener\"><img loading=\"lazy\" decoding=\"async\" width=\"684\" height=\"1024\" data-id=\"1522863\" src=\"https:\/\/www.europesays.com\/fr\/wp-content\/uploads\/2025\/11\/DSC5104-684x1024.jpg\" alt=\"\" class=\"wp-image-1522863\"\/><\/a><\/p>\n<p><a href=\"https:\/\/www.europesays.com\/fr\/wp-content\/uploads\/2025\/11\/DSC5091.jpg\"><img loading=\"lazy\" decoding=\"async\" width=\"1024\" height=\"684\" data-id=\"1522861\" src=\"https:\/\/www.europesays.com\/fr\/wp-content\/uploads\/2025\/11\/DSC5091.jpg\" alt=\"\" class=\"wp-image-1522861\"\/><\/a><\/p>\n<p><a href=\"https:\/\/www.europesays.com\/fr\/wp-content\/uploads\/2025\/11\/DSC5110.jpg\"><img loading=\"lazy\" decoding=\"async\" width=\"1024\" height=\"684\" data-id=\"1522864\" src=\"https:\/\/www.europesays.com\/fr\/wp-content\/uploads\/2025\/11\/DSC5110.jpg\" alt=\"\" class=\"wp-image-1522864\"\/><\/a><br \/>\nNANCY &gt; CONCERT &gt; TROIS CAF\u00c9S GOURMANDS<\/p>\n<p><strong>Remerciements<\/strong><\/p>\n<p class=\"has-medium-font-size\">Info-Lux remercie les Productions Label LN, les Productions Bleu Citron ainsi que toutes les \u00e9quipes techniques en tourn\u00e9e pour leur accueil chaleureux et leur travail remarquable. Merci \u00e9galement \u00e0 la Salle Poirel et au public nanc\u00e9ien pour cette tr\u00e8s belle soir\u00e9e musicale.<\/p>\n<p><a href=\"https:\/\/www.europesays.com\/fr\/wp-content\/uploads\/2025\/11\/infolux-ok_4-1.jpg\"><img loading=\"lazy\" decoding=\"async\" width=\"1024\" height=\"728\" src=\"https:\/\/www.europesays.com\/fr\/wp-content\/uploads\/2025\/11\/infolux-ok_4-1.jpg\" alt=\"\" class=\"wp-image-1522919\"\/><\/a>NANCY &gt; CONCERT &gt; TROIS CAF\u00c9S GOURMANDS &gt; PHOTOS &gt; <a href=\"http:\/\/instagram.com\/hvgoshot\" target=\"_blank\" rel=\"noreferrer noopener\">Hvgoshot \/ Hugo Reni\u00e9<\/a><\/p>\n<p class=\"has-medium-font-size\">Journaliste : Alex \u2013 <a href=\"http:\/\/instagram.com\/hvgoshot\" target=\"_blank\" rel=\"noreferrer noopener\">Hvgoshot \/ Hugo Reni\u00e9<\/a><br \/>Photographes : <a href=\"http:\/\/facebook.com\/2.la.x.photographie\" target=\"_blank\" rel=\"noreferrer noopener\">2 La X Photographie<\/a> \u2013 <a href=\"http:\/\/instagram.com\/hvgoshot\" target=\"_blank\" rel=\"noreferrer noopener\">Hvgoshot \/ Hugo Reni\u00e9<\/a><\/p>\n<p>NANCY &gt; CONCERT &gt; TROIS CAF\u00c9S GOURMANDS &gt; PHOTOS &gt; <a href=\"http:\/\/facebook.com\/2.la.x.photographie\" target=\"_blank\" rel=\"noreferrer noopener\">2 La X Photographie<\/a><\/p>\n<p><a href=\"https:\/\/www.info-lux.com\/wp-content\/uploads\/2025\/11\/DSC5104.jpg\" target=\"_blank\" rel=\"noopener\"><img loading=\"lazy\" decoding=\"async\" width=\"684\" height=\"1024\" data-id=\"1522863\" src=\"https:\/\/www.europesays.com\/fr\/wp-content\/uploads\/2025\/11\/DSC5104-684x1024.jpg\" alt=\"\" class=\"wp-image-1522863\"\/><\/a><\/p>\n<p><a href=\"https:\/\/www.europesays.com\/fr\/wp-content\/uploads\/2025\/11\/2LX_1338.jpg\"><img loading=\"lazy\" decoding=\"async\" width=\"1024\" height=\"682\" data-id=\"1522915\" src=\"https:\/\/www.europesays.com\/fr\/wp-content\/uploads\/2025\/11\/2LX_1338.jpg\" alt=\"\" class=\"wp-image-1522915\"\/><\/a><\/p>\n<p><a href=\"https:\/\/www.europesays.com\/fr\/wp-content\/uploads\/2025\/11\/DSC5124.jpg\"><img loading=\"lazy\" decoding=\"async\" width=\"1024\" height=\"684\" data-id=\"1522868\" src=\"https:\/\/www.europesays.com\/fr\/wp-content\/uploads\/2025\/11\/DSC5124.jpg\" alt=\"\" class=\"wp-image-1522868\"\/><\/a><\/p>\n<p><a href=\"https:\/\/www.europesays.com\/fr\/wp-content\/uploads\/2025\/11\/2LX3025.jpg\"><img loading=\"lazy\" decoding=\"async\" width=\"1024\" height=\"610\" data-id=\"1522855\" src=\"https:\/\/www.europesays.com\/fr\/wp-content\/uploads\/2025\/11\/2LX3025.jpg\" alt=\"\" class=\"wp-image-1522855\"\/><\/a><\/p>\n<p><a href=\"https:\/\/www.europesays.com\/fr\/wp-content\/uploads\/2025\/11\/2LX_0893.jpg\"><img loading=\"lazy\" decoding=\"async\" width=\"1024\" height=\"682\" data-id=\"1522898\" src=\"https:\/\/www.europesays.com\/fr\/wp-content\/uploads\/2025\/11\/2LX_0893.jpg\" alt=\"\" class=\"wp-image-1522898\"\/><\/a><\/p>\n<p><a href=\"https:\/\/www.europesays.com\/fr\/wp-content\/uploads\/2025\/11\/2LX_0755.jpg\"><img loading=\"lazy\" decoding=\"async\" width=\"1024\" height=\"682\" data-id=\"1522891\" src=\"https:\/\/www.europesays.com\/fr\/wp-content\/uploads\/2025\/11\/2LX_0755.jpg\" alt=\"\" class=\"wp-image-1522891\"\/><\/a><\/p>\n<p><a href=\"https:\/\/www.info-lux.com\/wp-content\/uploads\/2025\/11\/2LX_0533.jpg\" target=\"_blank\" rel=\"noopener\"><img loading=\"lazy\" decoding=\"async\" width=\"681\" height=\"1024\" data-id=\"1522884\" src=\"https:\/\/www.europesays.com\/fr\/wp-content\/uploads\/2025\/11\/2LX_0533-681x1024.jpg\" alt=\"\" class=\"wp-image-1522884\"\/><\/a><\/p>\n<p><a href=\"https:\/\/www.info-lux.com\/wp-content\/uploads\/2025\/11\/DSC5153.jpg\" target=\"_blank\" rel=\"noopener\"><img loading=\"lazy\" decoding=\"async\" width=\"684\" height=\"1024\" data-id=\"1522869\" src=\"https:\/\/www.europesays.com\/fr\/wp-content\/uploads\/2025\/11\/DSC5153-684x1024.jpg\" alt=\"\" class=\"wp-image-1522869\"\/><\/a><\/p>\n<p><a href=\"https:\/\/www.info-lux.com\/wp-content\/uploads\/2025\/11\/2LX_0453.jpg\" target=\"_blank\" rel=\"noopener\"><img loading=\"lazy\" decoding=\"async\" width=\"683\" height=\"1024\" data-id=\"1522882\" src=\"https:\/\/www.europesays.com\/fr\/wp-content\/uploads\/2025\/11\/2LX_0453-683x1024.jpg\" alt=\"\" class=\"wp-image-1522882\"\/><\/a><\/p>\n<p><a href=\"https:\/\/www.europesays.com\/fr\/wp-content\/uploads\/2025\/11\/2LX3086.jpg\"><img loading=\"lazy\" decoding=\"async\" width=\"1024\" height=\"684\" data-id=\"1522856\" src=\"https:\/\/www.europesays.com\/fr\/wp-content\/uploads\/2025\/11\/2LX3086.jpg\" alt=\"\" class=\"wp-image-1522856\"\/><\/a><\/p>\n<p><a href=\"https:\/\/www.info-lux.com\/wp-content\/uploads\/2025\/11\/2LX_0817.jpg\" target=\"_blank\" rel=\"noopener\"><img loading=\"lazy\" decoding=\"async\" width=\"681\" height=\"1024\" data-id=\"1522896\" src=\"https:\/\/www.europesays.com\/fr\/wp-content\/uploads\/2025\/11\/2LX_0817-681x1024.jpg\" alt=\"\" class=\"wp-image-1522896\"\/><\/a><\/p>\n<p><a href=\"https:\/\/www.europesays.com\/fr\/wp-content\/uploads\/2025\/11\/2LX2979.jpg\"><img loading=\"lazy\" decoding=\"async\" width=\"1024\" height=\"684\" data-id=\"1522850\" src=\"https:\/\/www.europesays.com\/fr\/wp-content\/uploads\/2025\/11\/2LX2979.jpg\" alt=\"\" class=\"wp-image-1522850\"\/><\/a><\/p>\n<p><a href=\"https:\/\/www.europesays.com\/fr\/wp-content\/uploads\/2025\/11\/2LX3012.jpg\"><img loading=\"lazy\" decoding=\"async\" width=\"1024\" height=\"684\" data-id=\"1522852\" src=\"https:\/\/www.europesays.com\/fr\/wp-content\/uploads\/2025\/11\/2LX3012.jpg\" alt=\"\" class=\"wp-image-1522852\"\/><\/a><\/p>\n<p><a href=\"https:\/\/www.europesays.com\/fr\/wp-content\/uploads\/2025\/11\/2LX_0932.jpg\"><img loading=\"lazy\" decoding=\"async\" width=\"1024\" height=\"682\" data-id=\"1522899\" src=\"https:\/\/www.europesays.com\/fr\/wp-content\/uploads\/2025\/11\/2LX_0932.jpg\" alt=\"\" class=\"wp-image-1522899\"\/><\/a><\/p>\n<p><a href=\"https:\/\/www.europesays.com\/fr\/wp-content\/uploads\/2025\/11\/2LX_0759.jpg\"><img loading=\"lazy\" decoding=\"async\" width=\"1024\" height=\"682\" data-id=\"1522892\" src=\"https:\/\/www.europesays.com\/fr\/wp-content\/uploads\/2025\/11\/2LX_0759.jpg\" alt=\"\" class=\"wp-image-1522892\"\/><\/a><\/p>\n<p><a href=\"https:\/\/www.info-lux.com\/wp-content\/uploads\/2025\/11\/2LX_1190.jpg\" target=\"_blank\" rel=\"noopener\"><img loading=\"lazy\" decoding=\"async\" width=\"681\" height=\"1024\" data-id=\"1522908\" src=\"https:\/\/www.europesays.com\/fr\/wp-content\/uploads\/2025\/11\/2LX_1190-681x1024.jpg\" alt=\"\" class=\"wp-image-1522908\"\/><\/a><\/p>\n<p><a href=\"https:\/\/www.europesays.com\/fr\/wp-content\/uploads\/2025\/11\/2LX_1068.jpg\"><img loading=\"lazy\" decoding=\"async\" width=\"1024\" height=\"682\" data-id=\"1522902\" src=\"https:\/\/www.europesays.com\/fr\/wp-content\/uploads\/2025\/11\/2LX_1068.jpg\" alt=\"\" class=\"wp-image-1522902\"\/><\/a><\/p>\n<p><a href=\"https:\/\/www.europesays.com\/fr\/wp-content\/uploads\/2025\/11\/2LX_1313.jpg\"><img loading=\"lazy\" decoding=\"async\" width=\"1024\" height=\"682\" data-id=\"1522914\" src=\"https:\/\/www.europesays.com\/fr\/wp-content\/uploads\/2025\/11\/2LX_1313.jpg\" alt=\"\" class=\"wp-image-1522914\"\/><\/a><\/p>\n<p><a href=\"https:\/\/www.info-lux.com\/wp-content\/uploads\/2025\/11\/2LX_0584.jpg\" target=\"_blank\" rel=\"noopener\"><img loading=\"lazy\" decoding=\"async\" width=\"683\" height=\"1024\" data-id=\"1522887\" src=\"https:\/\/www.europesays.com\/fr\/wp-content\/uploads\/2025\/11\/2LX_0584-683x1024.jpg\" alt=\"\" class=\"wp-image-1522887\"\/><\/a><\/p>\n<p><a href=\"https:\/\/www.europesays.com\/fr\/wp-content\/uploads\/2025\/11\/2LX_1340.jpg\"><img loading=\"lazy\" decoding=\"async\" width=\"1024\" height=\"682\" data-id=\"1522916\" src=\"https:\/\/www.europesays.com\/fr\/wp-content\/uploads\/2025\/11\/2LX_1340.jpg\" alt=\"\" class=\"wp-image-1522916\"\/><\/a><\/p>\n<p><a href=\"https:\/\/www.info-lux.com\/wp-content\/uploads\/2025\/11\/2LX_0556.jpg\" target=\"_blank\" rel=\"noopener\"><img loading=\"lazy\" decoding=\"async\" width=\"681\" height=\"1024\" data-id=\"1522885\" src=\"https:\/\/www.europesays.com\/fr\/wp-content\/uploads\/2025\/11\/2LX_0556-681x1024.jpg\" alt=\"\" class=\"wp-image-1522885\"\/><\/a><\/p>\n<p><a href=\"https:\/\/www.europesays.com\/fr\/wp-content\/uploads\/2025\/11\/DSC5226.jpg\"><img loading=\"lazy\" decoding=\"async\" width=\"1024\" height=\"684\" data-id=\"1522873\" src=\"https:\/\/www.europesays.com\/fr\/wp-content\/uploads\/2025\/11\/DSC5226.jpg\" alt=\"\" class=\"wp-image-1522873\"\/><\/a><\/p>\n<p><a href=\"https:\/\/www.europesays.com\/fr\/wp-content\/uploads\/2025\/11\/2LX2959.jpg\"><img loading=\"lazy\" decoding=\"async\" width=\"1024\" height=\"684\" data-id=\"1522849\" src=\"https:\/\/www.europesays.com\/fr\/wp-content\/uploads\/2025\/11\/2LX2959.jpg\" alt=\"\" class=\"wp-image-1522849\"\/><\/a><\/p>\n<p><a href=\"https:\/\/www.europesays.com\/fr\/wp-content\/uploads\/2025\/11\/2LX3101.jpg\"><img loading=\"lazy\" decoding=\"async\" width=\"1024\" height=\"684\" data-id=\"1522859\" src=\"https:\/\/www.europesays.com\/fr\/wp-content\/uploads\/2025\/11\/2LX3101.jpg\" alt=\"\" class=\"wp-image-1522859\"\/><\/a><\/p>\n<p><a href=\"https:\/\/www.europesays.com\/fr\/wp-content\/uploads\/2025\/11\/DSC5091.jpg\"><img loading=\"lazy\" decoding=\"async\" width=\"1024\" height=\"684\" data-id=\"1522861\" src=\"https:\/\/www.europesays.com\/fr\/wp-content\/uploads\/2025\/11\/DSC5091.jpg\" alt=\"\" class=\"wp-image-1522861\"\/><\/a><\/p>\n<p><a href=\"https:\/\/www.europesays.com\/fr\/wp-content\/uploads\/2025\/11\/DSC5122.jpg\"><img loading=\"lazy\" decoding=\"async\" width=\"1024\" height=\"684\" data-id=\"1522866\" src=\"https:\/\/www.europesays.com\/fr\/wp-content\/uploads\/2025\/11\/DSC5122.jpg\" alt=\"\" class=\"wp-image-1522866\"\/><\/a><\/p>\n<p><a href=\"https:\/\/www.europesays.com\/fr\/wp-content\/uploads\/2025\/11\/2LX3017.jpg\"><img loading=\"lazy\" decoding=\"async\" width=\"1024\" height=\"649\" data-id=\"1522854\" src=\"https:\/\/www.europesays.com\/fr\/wp-content\/uploads\/2025\/11\/2LX3017.jpg\" alt=\"\" class=\"wp-image-1522854\"\/><\/a><\/p>\n<p><a href=\"https:\/\/www.europesays.com\/fr\/wp-content\/uploads\/2025\/11\/DSC5383.jpg\"><img loading=\"lazy\" decoding=\"async\" width=\"1024\" height=\"684\" data-id=\"1522876\" src=\"https:\/\/www.europesays.com\/fr\/wp-content\/uploads\/2025\/11\/DSC5383.jpg\" alt=\"\" class=\"wp-image-1522876\"\/><\/a><\/p>\n<p><a href=\"https:\/\/www.europesays.com\/fr\/wp-content\/uploads\/2025\/11\/2LX3088.jpg\"><img loading=\"lazy\" decoding=\"async\" width=\"1024\" height=\"684\" data-id=\"1522857\" src=\"https:\/\/www.europesays.com\/fr\/wp-content\/uploads\/2025\/11\/2LX3088.jpg\" alt=\"\" class=\"wp-image-1522857\"\/><\/a><\/p>\n<p><a href=\"https:\/\/www.europesays.com\/fr\/wp-content\/uploads\/2025\/11\/2LX_1146.jpg\"><img loading=\"lazy\" decoding=\"async\" width=\"1024\" height=\"682\" data-id=\"1522906\" src=\"https:\/\/www.europesays.com\/fr\/wp-content\/uploads\/2025\/11\/2LX_1146.jpg\" alt=\"\" class=\"wp-image-1522906\"\/><\/a><\/p>\n<p><a href=\"https:\/\/www.europesays.com\/fr\/wp-content\/uploads\/2025\/11\/2LX_0777.jpg\"><img loading=\"lazy\" decoding=\"async\" width=\"1024\" height=\"682\" data-id=\"1522894\" src=\"https:\/\/www.europesays.com\/fr\/wp-content\/uploads\/2025\/11\/2LX_0777.jpg\" alt=\"\" class=\"wp-image-1522894\"\/><\/a><\/p>\n<p><a href=\"https:\/\/www.info-lux.com\/wp-content\/uploads\/2025\/11\/2LX_1200.jpg\" target=\"_blank\" rel=\"noopener\"><img loading=\"lazy\" decoding=\"async\" width=\"681\" height=\"1024\" data-id=\"1522910\" src=\"https:\/\/www.europesays.com\/fr\/wp-content\/uploads\/2025\/11\/2LX_1200-681x1024.jpg\" alt=\"\" class=\"wp-image-1522910\"\/><\/a><\/p>\n<p><a href=\"https:\/\/www.europesays.com\/fr\/wp-content\/uploads\/2025\/11\/DSC5462.jpg\"><img loading=\"lazy\" decoding=\"async\" width=\"1024\" height=\"684\" data-id=\"1522879\" src=\"https:\/\/www.europesays.com\/fr\/wp-content\/uploads\/2025\/11\/DSC5462.jpg\" alt=\"\" class=\"wp-image-1522879\"\/><\/a><\/p>\n<p><a href=\"https:\/\/www.info-lux.com\/wp-content\/uploads\/2025\/11\/2LX_1254.jpg\" target=\"_blank\" rel=\"noopener\"><img loading=\"lazy\" decoding=\"async\" width=\"683\" height=\"1024\" data-id=\"1522912\" src=\"https:\/\/www.europesays.com\/fr\/wp-content\/uploads\/2025\/11\/2LX_1254-683x1024.jpg\" alt=\"\" class=\"wp-image-1522912\"\/><\/a><\/p>\n<p><a href=\"https:\/\/www.europesays.com\/fr\/wp-content\/uploads\/2025\/11\/2LX_0751.jpg\"><img loading=\"lazy\" decoding=\"async\" width=\"1024\" height=\"682\" data-id=\"1522890\" src=\"https:\/\/www.europesays.com\/fr\/wp-content\/uploads\/2025\/11\/2LX_0751.jpg\" alt=\"\" class=\"wp-image-1522890\"\/><\/a><\/p>\n<p><a href=\"https:\/\/www.europesays.com\/fr\/wp-content\/uploads\/2025\/11\/DSC5180.jpg\"><img loading=\"lazy\" decoding=\"async\" width=\"1024\" height=\"684\" data-id=\"1522870\" src=\"https:\/\/www.europesays.com\/fr\/wp-content\/uploads\/2025\/11\/DSC5180.jpg\" alt=\"\" class=\"wp-image-1522870\"\/><\/a><\/p>\n<p><a href=\"https:\/\/www.europesays.com\/fr\/wp-content\/uploads\/2025\/11\/2LX_0966.jpg\"><img loading=\"lazy\" decoding=\"async\" width=\"1024\" height=\"682\" data-id=\"1522900\" src=\"https:\/\/www.europesays.com\/fr\/wp-content\/uploads\/2025\/11\/2LX_0966.jpg\" alt=\"\" class=\"wp-image-1522900\"\/><\/a><\/p>\n<p><a href=\"https:\/\/www.europesays.com\/fr\/wp-content\/uploads\/2025\/11\/2LX3104.jpg\"><img loading=\"lazy\" decoding=\"async\" width=\"1024\" height=\"684\" data-id=\"1522860\" src=\"https:\/\/www.europesays.com\/fr\/wp-content\/uploads\/2025\/11\/2LX3104.jpg\" alt=\"\" class=\"wp-image-1522860\"\/><\/a><\/p>\n<p><a href=\"https:\/\/www.europesays.com\/fr\/wp-content\/uploads\/2025\/11\/DSC5123.jpg\"><img loading=\"lazy\" decoding=\"async\" width=\"1024\" height=\"684\" data-id=\"1522867\" src=\"https:\/\/www.europesays.com\/fr\/wp-content\/uploads\/2025\/11\/DSC5123.jpg\" alt=\"\" class=\"wp-image-1522867\"\/><\/a><\/p>\n<p><a href=\"https:\/\/www.europesays.com\/fr\/wp-content\/uploads\/2025\/11\/2LX_1294.jpg\"><img loading=\"lazy\" decoding=\"async\" width=\"1024\" height=\"682\" data-id=\"1522913\" src=\"https:\/\/www.europesays.com\/fr\/wp-content\/uploads\/2025\/11\/2LX_1294.jpg\" alt=\"\" class=\"wp-image-1522913\"\/><\/a><\/p>\n<p><a href=\"https:\/\/www.europesays.com\/fr\/wp-content\/uploads\/2025\/11\/2LX_0673.jpg\"><img loading=\"lazy\" decoding=\"async\" width=\"1024\" height=\"682\" data-id=\"1522889\" src=\"https:\/\/www.europesays.com\/fr\/wp-content\/uploads\/2025\/11\/2LX_0673.jpg\" alt=\"\" class=\"wp-image-1522889\"\/><\/a><\/p>\n<p><a href=\"https:\/\/www.europesays.com\/fr\/wp-content\/uploads\/2025\/11\/2LX_0845.jpg\"><img loading=\"lazy\" decoding=\"async\" width=\"1024\" height=\"682\" data-id=\"1522897\" src=\"https:\/\/www.europesays.com\/fr\/wp-content\/uploads\/2025\/11\/2LX_0845.jpg\" alt=\"\" class=\"wp-image-1522897\"\/><\/a><\/p>\n<p><a href=\"https:\/\/www.europesays.com\/fr\/wp-content\/uploads\/2025\/11\/2LX_0765.jpg\"><img loading=\"lazy\" decoding=\"async\" width=\"1024\" height=\"682\" data-id=\"1522893\" src=\"https:\/\/www.europesays.com\/fr\/wp-content\/uploads\/2025\/11\/2LX_0765.jpg\" alt=\"\" class=\"wp-image-1522893\"\/><\/a><\/p>\n<p><a href=\"https:\/\/www.europesays.com\/fr\/wp-content\/uploads\/2025\/11\/2LX_1135.jpg\"><img loading=\"lazy\" decoding=\"async\" width=\"1024\" height=\"682\" data-id=\"1522905\" src=\"https:\/\/www.europesays.com\/fr\/wp-content\/uploads\/2025\/11\/2LX_1135.jpg\" alt=\"\" class=\"wp-image-1522905\"\/><\/a><\/p>\n<p><a href=\"https:\/\/www.europesays.com\/fr\/wp-content\/uploads\/2025\/11\/2LX2914.jpg\"><img loading=\"lazy\" decoding=\"async\" width=\"1024\" height=\"684\" data-id=\"1522846\" src=\"https:\/\/www.europesays.com\/fr\/wp-content\/uploads\/2025\/11\/2LX2914.jpg\" alt=\"\" class=\"wp-image-1522846\"\/><\/a><\/p>\n<p><a href=\"https:\/\/www.info-lux.com\/wp-content\/uploads\/2025\/11\/2LX_1097.jpg\" target=\"_blank\" rel=\"noopener\"><img loading=\"lazy\" decoding=\"async\" width=\"683\" height=\"1024\" data-id=\"1522904\" src=\"https:\/\/www.europesays.com\/fr\/wp-content\/uploads\/2025\/11\/2LX_1097-683x1024.jpg\" alt=\"\" class=\"wp-image-1522904\"\/><\/a><\/p>\n<p><a href=\"https:\/\/www.europesays.com\/fr\/wp-content\/uploads\/2025\/11\/2LX_0566.jpg\"><img loading=\"lazy\" decoding=\"async\" width=\"1024\" height=\"682\" data-id=\"1522886\" src=\"https:\/\/www.europesays.com\/fr\/wp-content\/uploads\/2025\/11\/2LX_0566.jpg\" alt=\"\" class=\"wp-image-1522886\"\/><\/a><\/p>\n<p><a href=\"https:\/\/www.europesays.com\/fr\/wp-content\/uploads\/2025\/11\/DSC5236.jpg\"><img loading=\"lazy\" decoding=\"async\" width=\"1024\" height=\"684\" data-id=\"1522874\" src=\"https:\/\/www.europesays.com\/fr\/wp-content\/uploads\/2025\/11\/DSC5236.jpg\" alt=\"\" class=\"wp-image-1522874\"\/><\/a><\/p>\n<p><a href=\"https:\/\/www.europesays.com\/fr\/wp-content\/uploads\/2025\/11\/DSC5110.jpg\"><img loading=\"lazy\" decoding=\"async\" width=\"1024\" height=\"684\" data-id=\"1522864\" src=\"https:\/\/www.europesays.com\/fr\/wp-content\/uploads\/2025\/11\/DSC5110.jpg\" alt=\"\" class=\"wp-image-1522864\"\/><\/a><\/p>\n<p><a href=\"https:\/\/www.europesays.com\/fr\/wp-content\/uploads\/2025\/11\/DSC5475.jpg\"><img loading=\"lazy\" decoding=\"async\" width=\"1024\" height=\"684\" data-id=\"1522881\" src=\"https:\/\/www.europesays.com\/fr\/wp-content\/uploads\/2025\/11\/DSC5475.jpg\" alt=\"\" class=\"wp-image-1522881\"\/><\/a><\/p>\n<p><a href=\"https:\/\/www.info-lux.com\/wp-content\/uploads\/2025\/11\/2LX_1082.jpg\" target=\"_blank\" rel=\"noopener\"><img loading=\"lazy\" decoding=\"async\" width=\"683\" height=\"1024\" data-id=\"1522903\" src=\"https:\/\/www.europesays.com\/fr\/wp-content\/uploads\/2025\/11\/2LX_1082-683x1024.jpg\" alt=\"\" class=\"wp-image-1522903\"\/><\/a><\/p>\n<p><a href=\"https:\/\/www.europesays.com\/fr\/wp-content\/uploads\/2025\/11\/2LX2738.jpg\"><img loading=\"lazy\" decoding=\"async\" width=\"1024\" height=\"684\" data-id=\"1522842\" src=\"https:\/\/www.europesays.com\/fr\/wp-content\/uploads\/2025\/11\/2LX2738.jpg\" alt=\"\" class=\"wp-image-1522842\"\/><\/a><\/p>\n<p><a href=\"https:\/\/www.europesays.com\/fr\/wp-content\/uploads\/2025\/11\/2LX_1161.jpg\"><img loading=\"lazy\" decoding=\"async\" width=\"1024\" height=\"682\" data-id=\"1522907\" src=\"https:\/\/www.europesays.com\/fr\/wp-content\/uploads\/2025\/11\/2LX_1161.jpg\" alt=\"\" class=\"wp-image-1522907\"\/><\/a><\/p>\n<p><a href=\"https:\/\/www.info-lux.com\/wp-content\/uploads\/2025\/11\/2LX_1197.jpg\" target=\"_blank\" rel=\"noopener\"><img loading=\"lazy\" decoding=\"async\" width=\"681\" height=\"1024\" data-id=\"1522909\" src=\"https:\/\/www.europesays.com\/fr\/wp-content\/uploads\/2025\/11\/2LX_1197-681x1024.jpg\" alt=\"\" class=\"wp-image-1522909\"\/><\/a><\/p>\n<p><a href=\"https:\/\/www.europesays.com\/fr\/wp-content\/uploads\/2025\/11\/2LX_0492.jpg\"><img loading=\"lazy\" decoding=\"async\" width=\"1024\" height=\"682\" data-id=\"1522883\" src=\"https:\/\/www.europesays.com\/fr\/wp-content\/uploads\/2025\/11\/2LX_0492.jpg\" alt=\"\" class=\"wp-image-1522883\"\/><\/a><\/p>\n<p><a href=\"https:\/\/www.europesays.com\/fr\/wp-content\/uploads\/2025\/11\/DSC5438.jpg\"><img loading=\"lazy\" decoding=\"async\" width=\"1024\" height=\"676\" data-id=\"1522878\" src=\"https:\/\/www.europesays.com\/fr\/wp-content\/uploads\/2025\/11\/DSC5438.jpg\" alt=\"\" class=\"wp-image-1522878\"\/><\/a><\/p>\n<p><a href=\"https:\/\/www.europesays.com\/fr\/wp-content\/uploads\/2025\/11\/2LX2919.jpg\"><img loading=\"lazy\" decoding=\"async\" width=\"1024\" height=\"684\" data-id=\"1522847\" src=\"https:\/\/www.europesays.com\/fr\/wp-content\/uploads\/2025\/11\/2LX2919.jpg\" alt=\"\" class=\"wp-image-1522847\"\/><\/a><\/p>\n<p><a href=\"https:\/\/www.europesays.com\/fr\/wp-content\/uploads\/2025\/11\/DSC5203.jpg\"><img loading=\"lazy\" decoding=\"async\" width=\"1024\" height=\"684\" data-id=\"1522872\" src=\"https:\/\/www.europesays.com\/fr\/wp-content\/uploads\/2025\/11\/DSC5203.jpg\" alt=\"\" class=\"wp-image-1522872\"\/><\/a><\/p>\n<p><a href=\"https:\/\/www.europesays.com\/fr\/wp-content\/uploads\/2025\/11\/2LX2912.jpg\"><img loading=\"lazy\" decoding=\"async\" width=\"1024\" height=\"684\" data-id=\"1522845\" src=\"https:\/\/www.europesays.com\/fr\/wp-content\/uploads\/2025\/11\/2LX2912.jpg\" alt=\"\" class=\"wp-image-1522845\"\/><\/a><\/p>\n<p><a href=\"https:\/\/www.info-lux.com\/wp-content\/uploads\/2025\/11\/DSC5114.jpg\" target=\"_blank\" rel=\"noopener\"><img loading=\"lazy\" decoding=\"async\" width=\"684\" height=\"1024\" data-id=\"1522865\" src=\"https:\/\/www.europesays.com\/fr\/wp-content\/uploads\/2025\/11\/DSC5114-684x1024.jpg\" alt=\"\" class=\"wp-image-1522865\"\/><\/a><\/p>\n<p><a href=\"https:\/\/www.europesays.com\/fr\/wp-content\/uploads\/2025\/11\/2LX2888.jpg\"><img loading=\"lazy\" decoding=\"async\" width=\"1024\" height=\"684\" data-id=\"1522844\" src=\"https:\/\/www.europesays.com\/fr\/wp-content\/uploads\/2025\/11\/2LX2888.jpg\" alt=\"\" class=\"wp-image-1522844\"\/><\/a><\/p>\n<p><a href=\"https:\/\/www.europesays.com\/fr\/wp-content\/uploads\/2025\/11\/2LX2925.jpg\"><img loading=\"lazy\" decoding=\"async\" width=\"1024\" height=\"684\" data-id=\"1522848\" src=\"https:\/\/www.europesays.com\/fr\/wp-content\/uploads\/2025\/11\/2LX2925.jpg\" alt=\"\" class=\"wp-image-1522848\"\/><\/a><\/p>\n<p><a href=\"https:\/\/www.europesays.com\/fr\/wp-content\/uploads\/2025\/11\/2LX2985.jpg\"><img loading=\"lazy\" decoding=\"async\" width=\"1024\" height=\"684\" data-id=\"1522851\" src=\"https:\/\/www.europesays.com\/fr\/wp-content\/uploads\/2025\/11\/2LX2985.jpg\" alt=\"\" class=\"wp-image-1522851\"\/><\/a><\/p>\n<p><a href=\"https:\/\/www.europesays.com\/fr\/wp-content\/uploads\/2025\/11\/2LX_1217.jpg\"><img loading=\"lazy\" decoding=\"async\" width=\"1024\" height=\"682\" data-id=\"1522911\" src=\"https:\/\/www.europesays.com\/fr\/wp-content\/uploads\/2025\/11\/2LX_1217.jpg\" alt=\"\" class=\"wp-image-1522911\"\/><\/a><\/p>\n<p><a href=\"https:\/\/www.info-lux.com\/wp-content\/uploads\/2025\/11\/2LX_0591.jpg\" target=\"_blank\" rel=\"noopener\"><img loading=\"lazy\" decoding=\"async\" width=\"683\" height=\"1024\" data-id=\"1522888\" src=\"https:\/\/www.europesays.com\/fr\/wp-content\/uploads\/2025\/11\/2LX_0591-683x1024.jpg\" alt=\"\" class=\"wp-image-1522888\"\/><\/a><\/p>\n<p><a href=\"https:\/\/www.europesays.com\/fr\/wp-content\/uploads\/2025\/11\/DSC5470.jpg\"><img loading=\"lazy\" decoding=\"async\" width=\"1024\" height=\"684\" data-id=\"1522880\" src=\"https:\/\/www.europesays.com\/fr\/wp-content\/uploads\/2025\/11\/DSC5470.jpg\" alt=\"\" class=\"wp-image-1522880\"\/><\/a><\/p>\n<p><a href=\"https:\/\/www.europesays.com\/fr\/wp-content\/uploads\/2025\/11\/DSC5330.jpg\"><img loading=\"lazy\" decoding=\"async\" width=\"1024\" height=\"684\" data-id=\"1522875\" src=\"https:\/\/www.europesays.com\/fr\/wp-content\/uploads\/2025\/11\/DSC5330.jpg\" alt=\"\" class=\"wp-image-1522875\"\/><\/a><\/p>\n<p><a href=\"https:\/\/www.europesays.com\/fr\/wp-content\/uploads\/2025\/11\/DSC5101.jpg\"><img loading=\"lazy\" decoding=\"async\" width=\"1024\" height=\"684\" data-id=\"1522862\" src=\"https:\/\/www.europesays.com\/fr\/wp-content\/uploads\/2025\/11\/DSC5101.jpg\" alt=\"\" class=\"wp-image-1522862\"\/><\/a><\/p>\n<p><a href=\"https:\/\/www.europesays.com\/fr\/wp-content\/uploads\/2025\/11\/DSC5404.jpg\"><img loading=\"lazy\" decoding=\"async\" width=\"1024\" height=\"684\" data-id=\"1522877\" src=\"https:\/\/www.europesays.com\/fr\/wp-content\/uploads\/2025\/11\/DSC5404.jpg\" alt=\"\" class=\"wp-image-1522877\"\/><\/a><\/p>\n<p><a href=\"https:\/\/www.europesays.com\/fr\/wp-content\/uploads\/2025\/11\/2LX_0798.jpg\"><img loading=\"lazy\" decoding=\"async\" width=\"1024\" height=\"682\" data-id=\"1522895\" src=\"https:\/\/www.europesays.com\/fr\/wp-content\/uploads\/2025\/11\/2LX_0798.jpg\" alt=\"\" class=\"wp-image-1522895\"\/><\/a><\/p>\n<p><a href=\"https:\/\/www.europesays.com\/fr\/wp-content\/uploads\/2025\/11\/2LX2886.jpg\"><img loading=\"lazy\" decoding=\"async\" width=\"1024\" height=\"684\" data-id=\"1522843\" src=\"https:\/\/www.europesays.com\/fr\/wp-content\/uploads\/2025\/11\/2LX2886.jpg\" alt=\"\" class=\"wp-image-1522843\"\/><\/a><\/p>\n<p><a href=\"https:\/\/www.europesays.com\/fr\/wp-content\/uploads\/2025\/11\/2LX_1066.jpg\"><img loading=\"lazy\" decoding=\"async\" width=\"1024\" height=\"663\" data-id=\"1522901\" src=\"https:\/\/www.europesays.com\/fr\/wp-content\/uploads\/2025\/11\/2LX_1066.jpg\" alt=\"\" class=\"wp-image-1522901\"\/><\/a><\/p>\n<p><a href=\"https:\/\/www.europesays.com\/fr\/wp-content\/uploads\/2025\/11\/2LX3092.jpg\"><img loading=\"lazy\" decoding=\"async\" width=\"1024\" height=\"684\" data-id=\"1522858\" src=\"https:\/\/www.europesays.com\/fr\/wp-content\/uploads\/2025\/11\/2LX3092.jpg\" alt=\"\" class=\"wp-image-1522858\"\/><\/a><br \/>\nNANCY &gt; CONCERT &gt; TROIS CAF\u00c9S GOURMANDS &gt; PHOTOS &gt; <a href=\"http:\/\/facebook.com\/2.la.x.photographie\" target=\"_blank\" rel=\"noreferrer noopener\">2 La X Photographie<\/a><\/p>\n<p>NANCY &gt; CONCERT &gt; TROIS CAF\u00c9S GOURMANDS &gt; PHOTOS &gt; <a href=\"http:\/\/instagram.com\/hvgoshot\" target=\"_blank\" rel=\"noreferrer noopener\">Hvgoshot \/ Hugo Reni\u00e9<\/a><\/p>\n<p><a href=\"https:\/\/www.europesays.com\/fr\/wp-content\/uploads\/2025\/11\/infolux-ok_86.jpg\"><img loading=\"lazy\" decoding=\"async\" width=\"683\" height=\"1024\" data-id=\"1523001\" src=\"https:\/\/www.europesays.com\/fr\/wp-content\/uploads\/2025\/11\/infolux-ok_86.jpg\" alt=\"\" class=\"wp-image-1523001\"\/><\/a><\/p>\n<p><a href=\"https:\/\/www.europesays.com\/fr\/wp-content\/uploads\/2025\/11\/infolux-ok_43-1.jpg\"><img loading=\"lazy\" decoding=\"async\" width=\"1024\" height=\"684\" data-id=\"1522958\" src=\"https:\/\/www.europesays.com\/fr\/wp-content\/uploads\/2025\/11\/infolux-ok_43-1.jpg\" alt=\"\" class=\"wp-image-1522958\"\/><\/a><\/p>\n<p><a href=\"https:\/\/www.europesays.com\/fr\/wp-content\/uploads\/2025\/11\/infolux-ok_4-1.jpg\"><img loading=\"lazy\" decoding=\"async\" width=\"1024\" height=\"728\" data-id=\"1522919\" src=\"https:\/\/www.europesays.com\/fr\/wp-content\/uploads\/2025\/11\/infolux-ok_4-1.jpg\" alt=\"\" class=\"wp-image-1522919\"\/><\/a><\/p>\n<p><a href=\"https:\/\/www.europesays.com\/fr\/wp-content\/uploads\/2025\/11\/infolux-ok_2-1.jpg\"><img loading=\"lazy\" decoding=\"async\" width=\"684\" height=\"1024\" data-id=\"1522917\" src=\"https:\/\/www.europesays.com\/fr\/wp-content\/uploads\/2025\/11\/infolux-ok_2-1.jpg\" alt=\"\" class=\"wp-image-1522917\"\/><\/a><\/p>\n<p><a href=\"https:\/\/www.europesays.com\/fr\/wp-content\/uploads\/2025\/11\/infolux-ok_19-1.jpg\"><img loading=\"lazy\" decoding=\"async\" width=\"1024\" height=\"684\" data-id=\"1522934\" src=\"https:\/\/www.europesays.com\/fr\/wp-content\/uploads\/2025\/11\/infolux-ok_19-1.jpg\" alt=\"\" class=\"wp-image-1522934\"\/><\/a><\/p>\n<p><a href=\"https:\/\/www.europesays.com\/fr\/wp-content\/uploads\/2025\/11\/infolux-ok_22-1.jpg\"><img loading=\"lazy\" decoding=\"async\" width=\"684\" height=\"1024\" data-id=\"1522937\" src=\"https:\/\/www.europesays.com\/fr\/wp-content\/uploads\/2025\/11\/infolux-ok_22-1.jpg\" alt=\"\" class=\"wp-image-1522937\"\/><\/a><\/p>\n<p><a href=\"https:\/\/www.europesays.com\/fr\/wp-content\/uploads\/2025\/11\/infolux-ok_34-1.jpg\"><img loading=\"lazy\" decoding=\"async\" width=\"1024\" height=\"684\" data-id=\"1522949\" src=\"https:\/\/www.europesays.com\/fr\/wp-content\/uploads\/2025\/11\/infolux-ok_34-1.jpg\" alt=\"\" class=\"wp-image-1522949\"\/><\/a><\/p>\n<p><a href=\"https:\/\/www.europesays.com\/fr\/wp-content\/uploads\/2025\/11\/infolux-ok_29-1.jpg\"><img loading=\"lazy\" decoding=\"async\" width=\"1024\" height=\"684\" data-id=\"1522944\" src=\"https:\/\/www.europesays.com\/fr\/wp-content\/uploads\/2025\/11\/infolux-ok_29-1.jpg\" alt=\"\" class=\"wp-image-1522944\"\/><\/a><\/p>\n<p><a href=\"https:\/\/www.europesays.com\/fr\/wp-content\/uploads\/2025\/11\/infolux-ok_52-1.jpg\"><img loading=\"lazy\" decoding=\"async\" width=\"684\" height=\"1024\" data-id=\"1522967\" src=\"https:\/\/www.europesays.com\/fr\/wp-content\/uploads\/2025\/11\/infolux-ok_52-1.jpg\" alt=\"\" class=\"wp-image-1522967\"\/><\/a><\/p>\n<p><a href=\"https:\/\/www.europesays.com\/fr\/wp-content\/uploads\/2025\/11\/infolux-ok_40-1.jpg\"><img loading=\"lazy\" decoding=\"async\" width=\"1024\" height=\"684\" data-id=\"1522955\" src=\"https:\/\/www.europesays.com\/fr\/wp-content\/uploads\/2025\/11\/infolux-ok_40-1.jpg\" alt=\"\" class=\"wp-image-1522955\"\/><\/a><\/p>\n<p><a href=\"https:\/\/www.europesays.com\/fr\/wp-content\/uploads\/2025\/11\/infolux-ok_77.jpg\"><img loading=\"lazy\" decoding=\"async\" width=\"683\" height=\"1024\" data-id=\"1522992\" src=\"https:\/\/www.europesays.com\/fr\/wp-content\/uploads\/2025\/11\/infolux-ok_77.jpg\" alt=\"\" class=\"wp-image-1522992\"\/><\/a><\/p>\n<p><a href=\"https:\/\/www.europesays.com\/fr\/wp-content\/uploads\/2025\/11\/infolux-ok_73.jpg\"><img loading=\"lazy\" decoding=\"async\" width=\"683\" height=\"1024\" data-id=\"1522988\" src=\"https:\/\/www.europesays.com\/fr\/wp-content\/uploads\/2025\/11\/infolux-ok_73.jpg\" alt=\"\" class=\"wp-image-1522988\"\/><\/a><\/p>\n<p><a href=\"https:\/\/www.europesays.com\/fr\/wp-content\/uploads\/2025\/11\/infolux-ok_44-1.jpg\"><img loading=\"lazy\" decoding=\"async\" width=\"684\" height=\"1024\" data-id=\"1522959\" src=\"https:\/\/www.europesays.com\/fr\/wp-content\/uploads\/2025\/11\/infolux-ok_44-1.jpg\" alt=\"\" class=\"wp-image-1522959\"\/><\/a><\/p>\n<p><a href=\"https:\/\/www.europesays.com\/fr\/wp-content\/uploads\/2025\/11\/infolux-ok_85.jpg\"><img loading=\"lazy\" decoding=\"async\" width=\"683\" height=\"1024\" data-id=\"1523000\" src=\"https:\/\/www.europesays.com\/fr\/wp-content\/uploads\/2025\/11\/infolux-ok_85.jpg\" alt=\"\" class=\"wp-image-1523000\"\/><\/a><\/p>\n<p><a href=\"https:\/\/www.europesays.com\/fr\/wp-content\/uploads\/2025\/11\/infolux-ok_50-1.jpg\"><img loading=\"lazy\" decoding=\"async\" width=\"1024\" height=\"684\" data-id=\"1522965\" src=\"https:\/\/www.europesays.com\/fr\/wp-content\/uploads\/2025\/11\/infolux-ok_50-1.jpg\" alt=\"\" class=\"wp-image-1522965\"\/><\/a><\/p>\n<p><a href=\"https:\/\/www.europesays.com\/fr\/wp-content\/uploads\/2025\/11\/infolux-ok_82.jpg\"><img loading=\"lazy\" decoding=\"async\" width=\"683\" height=\"1024\" data-id=\"1522997\" src=\"https:\/\/www.europesays.com\/fr\/wp-content\/uploads\/2025\/11\/infolux-ok_82.jpg\" alt=\"\" class=\"wp-image-1522997\"\/><\/a><\/p>\n<p><a href=\"https:\/\/www.europesays.com\/fr\/wp-content\/uploads\/2025\/11\/infolux-ok_68-1.jpg\"><img loading=\"lazy\" decoding=\"async\" width=\"683\" height=\"1024\" data-id=\"1522983\" src=\"https:\/\/www.europesays.com\/fr\/wp-content\/uploads\/2025\/11\/infolux-ok_68-1.jpg\" alt=\"\" class=\"wp-image-1522983\"\/><\/a><\/p>\n<p><a href=\"https:\/\/www.europesays.com\/fr\/wp-content\/uploads\/2025\/11\/infolux-ok_14-1.jpg\"><img loading=\"lazy\" decoding=\"async\" width=\"684\" height=\"1024\" data-id=\"1522929\" src=\"https:\/\/www.europesays.com\/fr\/wp-content\/uploads\/2025\/11\/infolux-ok_14-1.jpg\" alt=\"\" class=\"wp-image-1522929\"\/><\/a><\/p>\n<p><a href=\"https:\/\/www.europesays.com\/fr\/wp-content\/uploads\/2025\/11\/infolux-ok_75.jpg\"><img loading=\"lazy\" decoding=\"async\" width=\"683\" height=\"1024\" data-id=\"1522990\" src=\"https:\/\/www.europesays.com\/fr\/wp-content\/uploads\/2025\/11\/infolux-ok_75.jpg\" alt=\"\" class=\"wp-image-1522990\"\/><\/a><\/p>\n<p><a href=\"https:\/\/www.europesays.com\/fr\/wp-content\/uploads\/2025\/11\/infolux-ok_8-1.jpg\"><img loading=\"lazy\" decoding=\"async\" width=\"684\" height=\"1024\" data-id=\"1522923\" src=\"https:\/\/www.europesays.com\/fr\/wp-content\/uploads\/2025\/11\/infolux-ok_8-1.jpg\" alt=\"\" class=\"wp-image-1522923\"\/><\/a><\/p>\n<p><a href=\"https:\/\/www.europesays.com\/fr\/wp-content\/uploads\/2025\/11\/infolux-ok_49-1.jpg\"><img loading=\"lazy\" decoding=\"async\" width=\"1024\" height=\"684\" data-id=\"1522964\" src=\"https:\/\/www.europesays.com\/fr\/wp-content\/uploads\/2025\/11\/infolux-ok_49-1.jpg\" alt=\"\" class=\"wp-image-1522964\"\/><\/a><\/p>\n<p><a href=\"https:\/\/www.europesays.com\/fr\/wp-content\/uploads\/2025\/11\/infolux-ok_37-1.jpg\"><img loading=\"lazy\" decoding=\"async\" width=\"684\" height=\"1024\" data-id=\"1522952\" src=\"https:\/\/www.europesays.com\/fr\/wp-content\/uploads\/2025\/11\/infolux-ok_37-1.jpg\" alt=\"\" class=\"wp-image-1522952\"\/><\/a><\/p>\n<p><a href=\"https:\/\/www.europesays.com\/fr\/wp-content\/uploads\/2025\/11\/infolux-ok_87.jpg\"><img loading=\"lazy\" decoding=\"async\" width=\"683\" height=\"1024\" data-id=\"1523002\" src=\"https:\/\/www.europesays.com\/fr\/wp-content\/uploads\/2025\/11\/infolux-ok_87.jpg\" alt=\"\" class=\"wp-image-1523002\"\/><\/a><\/p>\n<p><a href=\"https:\/\/www.europesays.com\/fr\/wp-content\/uploads\/2025\/11\/infolux-ok_18-1.jpg\"><img loading=\"lazy\" decoding=\"async\" width=\"684\" height=\"1024\" data-id=\"1522933\" src=\"https:\/\/www.europesays.com\/fr\/wp-content\/uploads\/2025\/11\/infolux-ok_18-1.jpg\" alt=\"\" class=\"wp-image-1522933\"\/><\/a><\/p>\n<p><a href=\"https:\/\/www.europesays.com\/fr\/wp-content\/uploads\/2025\/11\/infolux-ok_84.jpg\"><img loading=\"lazy\" decoding=\"async\" width=\"683\" height=\"1024\" data-id=\"1522999\" src=\"https:\/\/www.europesays.com\/fr\/wp-content\/uploads\/2025\/11\/infolux-ok_84.jpg\" alt=\"\" class=\"wp-image-1522999\"\/><\/a><\/p>\n<p><a href=\"https:\/\/www.europesays.com\/fr\/wp-content\/uploads\/2025\/11\/infolux-ok_55-1.jpg\"><img loading=\"lazy\" decoding=\"async\" width=\"1024\" height=\"683\" data-id=\"1522970\" src=\"https:\/\/www.europesays.com\/fr\/wp-content\/uploads\/2025\/11\/infolux-ok_55-1.jpg\" alt=\"\" class=\"wp-image-1522970\"\/><\/a><\/p>\n<p><a href=\"https:\/\/www.europesays.com\/fr\/wp-content\/uploads\/2025\/11\/infolux-ok_62-1.jpg\"><img loading=\"lazy\" decoding=\"async\" width=\"683\" height=\"1024\" data-id=\"1522977\" src=\"https:\/\/www.europesays.com\/fr\/wp-content\/uploads\/2025\/11\/infolux-ok_62-1.jpg\" alt=\"\" class=\"wp-image-1522977\"\/><\/a><\/p>\n<p><a href=\"https:\/\/www.europesays.com\/fr\/wp-content\/uploads\/2025\/11\/infolux-ok_10-1.jpg\"><img loading=\"lazy\" decoding=\"async\" width=\"1024\" height=\"687\" data-id=\"1522925\" src=\"https:\/\/www.europesays.com\/fr\/wp-content\/uploads\/2025\/11\/infolux-ok_10-1.jpg\" alt=\"\" class=\"wp-image-1522925\"\/><\/a><\/p>\n<p><a href=\"https:\/\/www.europesays.com\/fr\/wp-content\/uploads\/2025\/11\/infolux-ok_59-1.jpg\"><img loading=\"lazy\" decoding=\"async\" width=\"683\" height=\"1024\" data-id=\"1522974\" src=\"https:\/\/www.europesays.com\/fr\/wp-content\/uploads\/2025\/11\/infolux-ok_59-1.jpg\" alt=\"\" class=\"wp-image-1522974\"\/><\/a><\/p>\n<p><a href=\"https:\/\/www.europesays.com\/fr\/wp-content\/uploads\/2025\/11\/infolux-ok_38-1.jpg\"><img loading=\"lazy\" decoding=\"async\" width=\"684\" height=\"1024\" data-id=\"1522953\" src=\"https:\/\/www.europesays.com\/fr\/wp-content\/uploads\/2025\/11\/infolux-ok_38-1.jpg\" alt=\"\" class=\"wp-image-1522953\"\/><\/a><\/p>\n<p><a href=\"https:\/\/www.europesays.com\/fr\/wp-content\/uploads\/2025\/11\/infolux-ok_15-1.jpg\"><img loading=\"lazy\" decoding=\"async\" width=\"1024\" height=\"684\" data-id=\"1522930\" src=\"https:\/\/www.europesays.com\/fr\/wp-content\/uploads\/2025\/11\/infolux-ok_15-1.jpg\" alt=\"\" class=\"wp-image-1522930\"\/><\/a><\/p>\n<p><a href=\"https:\/\/www.europesays.com\/fr\/wp-content\/uploads\/2025\/11\/infolux-ok_78.jpg\"><img loading=\"lazy\" decoding=\"async\" width=\"683\" height=\"1024\" data-id=\"1522993\" src=\"https:\/\/www.europesays.com\/fr\/wp-content\/uploads\/2025\/11\/infolux-ok_78.jpg\" alt=\"\" class=\"wp-image-1522993\"\/><\/a><\/p>\n<p><a href=\"https:\/\/www.europesays.com\/fr\/wp-content\/uploads\/2025\/11\/infolux-ok_63-1.jpg\"><img loading=\"lazy\" decoding=\"async\" width=\"683\" height=\"1024\" data-id=\"1522978\" src=\"https:\/\/www.europesays.com\/fr\/wp-content\/uploads\/2025\/11\/infolux-ok_63-1.jpg\" alt=\"\" class=\"wp-image-1522978\"\/><\/a><\/p>\n<p><a href=\"https:\/\/www.europesays.com\/fr\/wp-content\/uploads\/2025\/11\/infolux-ok_32-1.jpg\"><img loading=\"lazy\" decoding=\"async\" width=\"1024\" height=\"684\" data-id=\"1522947\" src=\"https:\/\/www.europesays.com\/fr\/wp-content\/uploads\/2025\/11\/infolux-ok_32-1.jpg\" alt=\"\" class=\"wp-image-1522947\"\/><\/a><\/p>\n<p><a href=\"https:\/\/www.europesays.com\/fr\/wp-content\/uploads\/2025\/11\/infolux-ok_65-1.jpg\"><img loading=\"lazy\" decoding=\"async\" width=\"683\" height=\"1024\" data-id=\"1522980\" src=\"https:\/\/www.europesays.com\/fr\/wp-content\/uploads\/2025\/11\/infolux-ok_65-1.jpg\" alt=\"\" class=\"wp-image-1522980\"\/><\/a><\/p>\n<p><a href=\"https:\/\/www.europesays.com\/fr\/wp-content\/uploads\/2025\/11\/infolux-ok_3-1.jpg\"><img loading=\"lazy\" decoding=\"async\" width=\"1024\" height=\"684\" data-id=\"1522918\" src=\"https:\/\/www.europesays.com\/fr\/wp-content\/uploads\/2025\/11\/infolux-ok_3-1.jpg\" alt=\"\" class=\"wp-image-1522918\"\/><\/a><\/p>\n<p><a href=\"https:\/\/www.europesays.com\/fr\/wp-content\/uploads\/2025\/11\/infolux-ok_69-1.jpg\"><img loading=\"lazy\" decoding=\"async\" width=\"1024\" height=\"683\" data-id=\"1522984\" src=\"https:\/\/www.europesays.com\/fr\/wp-content\/uploads\/2025\/11\/infolux-ok_69-1.jpg\" alt=\"\" class=\"wp-image-1522984\"\/><\/a><\/p>\n<p><a href=\"https:\/\/www.europesays.com\/fr\/wp-content\/uploads\/2025\/11\/infolux-ok_17-1.jpg\"><img loading=\"lazy\" decoding=\"async\" width=\"684\" height=\"1024\" data-id=\"1522932\" src=\"https:\/\/www.europesays.com\/fr\/wp-content\/uploads\/2025\/11\/infolux-ok_17-1.jpg\" alt=\"\" class=\"wp-image-1522932\"\/><\/a><\/p>\n<p><a href=\"https:\/\/www.europesays.com\/fr\/wp-content\/uploads\/2025\/11\/infolux-ok_72-1.jpg\"><img loading=\"lazy\" decoding=\"async\" width=\"683\" height=\"1024\" data-id=\"1522987\" src=\"https:\/\/www.europesays.com\/fr\/wp-content\/uploads\/2025\/11\/infolux-ok_72-1.jpg\" alt=\"\" class=\"wp-image-1522987\"\/><\/a><\/p>\n<p><a href=\"https:\/\/www.europesays.com\/fr\/wp-content\/uploads\/2025\/11\/infolux-ok_11-1.jpg\"><img loading=\"lazy\" decoding=\"async\" width=\"712\" height=\"1024\" data-id=\"1522926\" src=\"https:\/\/www.europesays.com\/fr\/wp-content\/uploads\/2025\/11\/infolux-ok_11-1.jpg\" alt=\"\" class=\"wp-image-1522926\"\/><\/a><\/p>\n<p><a href=\"https:\/\/www.europesays.com\/fr\/wp-content\/uploads\/2025\/11\/infolux-ok_5-1.jpg\"><img loading=\"lazy\" decoding=\"async\" width=\"1024\" height=\"684\" data-id=\"1522920\" src=\"https:\/\/www.europesays.com\/fr\/wp-content\/uploads\/2025\/11\/infolux-ok_5-1.jpg\" alt=\"\" class=\"wp-image-1522920\"\/><\/a><\/p>\n<p><a href=\"https:\/\/www.europesays.com\/fr\/wp-content\/uploads\/2025\/11\/infolux-ok_56-1.jpg\"><img loading=\"lazy\" decoding=\"async\" width=\"1024\" height=\"683\" data-id=\"1522971\" src=\"https:\/\/www.europesays.com\/fr\/wp-content\/uploads\/2025\/11\/infolux-ok_56-1.jpg\" alt=\"\" class=\"wp-image-1522971\"\/><\/a><\/p>\n<p><a href=\"https:\/\/www.europesays.com\/fr\/wp-content\/uploads\/2025\/11\/infolux-ok_58-1.jpg\"><img loading=\"lazy\" decoding=\"async\" width=\"683\" height=\"1024\" data-id=\"1522973\" src=\"https:\/\/www.europesays.com\/fr\/wp-content\/uploads\/2025\/11\/infolux-ok_58-1.jpg\" alt=\"\" class=\"wp-image-1522973\"\/><\/a><\/p>\n<p><a href=\"https:\/\/www.europesays.com\/fr\/wp-content\/uploads\/2025\/11\/infolux-ok_64-1.jpg\"><img loading=\"lazy\" decoding=\"async\" width=\"683\" height=\"1024\" data-id=\"1522979\" src=\"https:\/\/www.europesays.com\/fr\/wp-content\/uploads\/2025\/11\/infolux-ok_64-1.jpg\" alt=\"\" class=\"wp-image-1522979\"\/><\/a><\/p>\n<p><a href=\"https:\/\/www.europesays.com\/fr\/wp-content\/uploads\/2025\/11\/infolux-ok_51-1.jpg\"><img loading=\"lazy\" decoding=\"async\" width=\"1024\" height=\"684\" data-id=\"1522966\" src=\"https:\/\/www.europesays.com\/fr\/wp-content\/uploads\/2025\/11\/infolux-ok_51-1.jpg\" alt=\"\" class=\"wp-image-1522966\"\/><\/a><\/p>\n<p><a href=\"https:\/\/www.europesays.com\/fr\/wp-content\/uploads\/2025\/11\/infolux-ok_66-1.jpg\"><img loading=\"lazy\" decoding=\"async\" width=\"683\" height=\"1024\" data-id=\"1522981\" src=\"https:\/\/www.europesays.com\/fr\/wp-content\/uploads\/2025\/11\/infolux-ok_66-1.jpg\" alt=\"\" class=\"wp-image-1522981\"\/><\/a><\/p>\n<p><a href=\"https:\/\/www.europesays.com\/fr\/wp-content\/uploads\/2025\/11\/infolux-ok_20-1.jpg\"><img loading=\"lazy\" decoding=\"async\" width=\"684\" height=\"1024\" data-id=\"1522935\" src=\"https:\/\/www.europesays.com\/fr\/wp-content\/uploads\/2025\/11\/infolux-ok_20-1.jpg\" alt=\"\" class=\"wp-image-1522935\"\/><\/a><\/p>\n<p><a href=\"https:\/\/www.europesays.com\/fr\/wp-content\/uploads\/2025\/11\/infolux-ok_21-1.jpg\"><img loading=\"lazy\" decoding=\"async\" width=\"684\" height=\"1024\" data-id=\"1522936\" src=\"https:\/\/www.europesays.com\/fr\/wp-content\/uploads\/2025\/11\/infolux-ok_21-1.jpg\" alt=\"\" class=\"wp-image-1522936\"\/><\/a><\/p>\n<p><a href=\"https:\/\/www.europesays.com\/fr\/wp-content\/uploads\/2025\/11\/infolux-ok_79.jpg\"><img loading=\"lazy\" decoding=\"async\" width=\"683\" height=\"1024\" data-id=\"1522994\" src=\"https:\/\/www.europesays.com\/fr\/wp-content\/uploads\/2025\/11\/infolux-ok_79.jpg\" alt=\"\" class=\"wp-image-1522994\"\/><\/a><\/p>\n<p><a href=\"https:\/\/www.europesays.com\/fr\/wp-content\/uploads\/2025\/11\/infolux-ok_12-1.jpg\"><img loading=\"lazy\" decoding=\"async\" width=\"684\" height=\"1024\" data-id=\"1522927\" src=\"https:\/\/www.europesays.com\/fr\/wp-content\/uploads\/2025\/11\/infolux-ok_12-1.jpg\" alt=\"\" class=\"wp-image-1522927\"\/><\/a><\/p>\n<p><a href=\"https:\/\/www.europesays.com\/fr\/wp-content\/uploads\/2025\/11\/infolux-ok_41-1.jpg\"><img loading=\"lazy\" decoding=\"async\" width=\"1024\" height=\"684\" data-id=\"1522956\" src=\"https:\/\/www.europesays.com\/fr\/wp-content\/uploads\/2025\/11\/infolux-ok_41-1.jpg\" alt=\"\" class=\"wp-image-1522956\"\/><\/a><\/p>\n<p><a href=\"https:\/\/www.europesays.com\/fr\/wp-content\/uploads\/2025\/11\/infolux-ok_25-1.jpg\"><img loading=\"lazy\" decoding=\"async\" width=\"1024\" height=\"684\" data-id=\"1522940\" src=\"https:\/\/www.europesays.com\/fr\/wp-content\/uploads\/2025\/11\/infolux-ok_25-1.jpg\" alt=\"\" class=\"wp-image-1522940\"\/><\/a><\/p>\n<p><a href=\"https:\/\/www.europesays.com\/fr\/wp-content\/uploads\/2025\/11\/infolux-ok_30-1.jpg\"><img loading=\"lazy\" decoding=\"async\" width=\"1024\" height=\"684\" data-id=\"1522945\" src=\"https:\/\/www.europesays.com\/fr\/wp-content\/uploads\/2025\/11\/infolux-ok_30-1.jpg\" alt=\"\" class=\"wp-image-1522945\"\/><\/a><\/p>\n<p><a href=\"https:\/\/www.europesays.com\/fr\/wp-content\/uploads\/2025\/11\/infolux-ok_39-1.jpg\"><img loading=\"lazy\" decoding=\"async\" width=\"1024\" height=\"684\" data-id=\"1522954\" src=\"https:\/\/www.europesays.com\/fr\/wp-content\/uploads\/2025\/11\/infolux-ok_39-1.jpg\" alt=\"\" class=\"wp-image-1522954\"\/><\/a><\/p>\n<p><a href=\"https:\/\/www.europesays.com\/fr\/wp-content\/uploads\/2025\/11\/infolux-ok_45-1.jpg\"><img loading=\"lazy\" decoding=\"async\" width=\"684\" height=\"1024\" data-id=\"1522960\" src=\"https:\/\/www.europesays.com\/fr\/wp-content\/uploads\/2025\/11\/infolux-ok_45-1.jpg\" alt=\"\" class=\"wp-image-1522960\"\/><\/a><\/p>\n<p><a href=\"https:\/\/www.europesays.com\/fr\/wp-content\/uploads\/2025\/11\/infolux-ok_36-1.jpg\"><img loading=\"lazy\" decoding=\"async\" width=\"684\" height=\"1024\" data-id=\"1522951\" src=\"https:\/\/www.europesays.com\/fr\/wp-content\/uploads\/2025\/11\/infolux-ok_36-1.jpg\" alt=\"\" class=\"wp-image-1522951\"\/><\/a><\/p>\n<p><a href=\"https:\/\/www.europesays.com\/fr\/wp-content\/uploads\/2025\/11\/infolux-ok_76.jpg\"><img loading=\"lazy\" decoding=\"async\" width=\"683\" height=\"1024\" data-id=\"1522991\" src=\"https:\/\/www.europesays.com\/fr\/wp-content\/uploads\/2025\/11\/infolux-ok_76.jpg\" alt=\"\" class=\"wp-image-1522991\"\/><\/a><\/p>\n<p><a href=\"https:\/\/www.europesays.com\/fr\/wp-content\/uploads\/2025\/11\/infolux-ok_7-1.jpg\"><img loading=\"lazy\" decoding=\"async\" width=\"1024\" height=\"714\" data-id=\"1522922\" src=\"https:\/\/www.europesays.com\/fr\/wp-content\/uploads\/2025\/11\/infolux-ok_7-1.jpg\" alt=\"\" class=\"wp-image-1522922\"\/><\/a><\/p>\n<p><a href=\"https:\/\/www.europesays.com\/fr\/wp-content\/uploads\/2025\/11\/infolux-ok_70-1.jpg\"><img loading=\"lazy\" decoding=\"async\" width=\"1024\" height=\"683\" data-id=\"1522985\" src=\"https:\/\/www.europesays.com\/fr\/wp-content\/uploads\/2025\/11\/infolux-ok_70-1.jpg\" alt=\"\" class=\"wp-image-1522985\"\/><\/a><\/p>\n<p><a href=\"https:\/\/www.europesays.com\/fr\/wp-content\/uploads\/2025\/11\/infolux-ok_24-1.jpg\"><img loading=\"lazy\" decoding=\"async\" width=\"684\" height=\"1024\" data-id=\"1522939\" src=\"https:\/\/www.europesays.com\/fr\/wp-content\/uploads\/2025\/11\/infolux-ok_24-1.jpg\" alt=\"\" class=\"wp-image-1522939\"\/><\/a><\/p>\n<p><a href=\"https:\/\/www.europesays.com\/fr\/wp-content\/uploads\/2025\/11\/infolux-ok_6-1.jpg\"><img loading=\"lazy\" decoding=\"async\" width=\"1024\" height=\"684\" data-id=\"1522921\" src=\"https:\/\/www.europesays.com\/fr\/wp-content\/uploads\/2025\/11\/infolux-ok_6-1.jpg\" alt=\"\" class=\"wp-image-1522921\"\/><\/a><\/p>\n<p><a href=\"https:\/\/www.europesays.com\/fr\/wp-content\/uploads\/2025\/11\/infolux-ok_74.jpg\"><img loading=\"lazy\" decoding=\"async\" width=\"683\" height=\"1024\" data-id=\"1522989\" src=\"https:\/\/www.europesays.com\/fr\/wp-content\/uploads\/2025\/11\/infolux-ok_74.jpg\" alt=\"\" class=\"wp-image-1522989\"\/><\/a><\/p>\n<p><a href=\"https:\/\/www.europesays.com\/fr\/wp-content\/uploads\/2025\/11\/infolux-ok_31-1.jpg\"><img loading=\"lazy\" decoding=\"async\" width=\"1024\" height=\"684\" data-id=\"1522946\" src=\"https:\/\/www.europesays.com\/fr\/wp-content\/uploads\/2025\/11\/infolux-ok_31-1.jpg\" alt=\"\" class=\"wp-image-1522946\"\/><\/a><\/p>\n<p><a href=\"https:\/\/www.europesays.com\/fr\/wp-content\/uploads\/2025\/11\/infolux-ok_28-1.jpg\"><img loading=\"lazy\" decoding=\"async\" width=\"1024\" height=\"684\" data-id=\"1522943\" src=\"https:\/\/www.europesays.com\/fr\/wp-content\/uploads\/2025\/11\/infolux-ok_28-1.jpg\" alt=\"\" class=\"wp-image-1522943\"\/><\/a><\/p>\n<p><a href=\"https:\/\/www.europesays.com\/fr\/wp-content\/uploads\/2025\/11\/infolux-ok_53-1.jpg\"><img loading=\"lazy\" decoding=\"async\" width=\"684\" height=\"1024\" data-id=\"1522968\" src=\"https:\/\/www.europesays.com\/fr\/wp-content\/uploads\/2025\/11\/infolux-ok_53-1.jpg\" alt=\"\" class=\"wp-image-1522968\"\/><\/a><\/p>\n<p><a href=\"https:\/\/www.europesays.com\/fr\/wp-content\/uploads\/2025\/11\/infolux-ok_67-1.jpg\"><img loading=\"lazy\" decoding=\"async\" width=\"1024\" height=\"683\" data-id=\"1522982\" src=\"https:\/\/www.europesays.com\/fr\/wp-content\/uploads\/2025\/11\/infolux-ok_67-1.jpg\" alt=\"\" class=\"wp-image-1522982\"\/><\/a><\/p>\n<p><a href=\"https:\/\/www.europesays.com\/fr\/wp-content\/uploads\/2025\/11\/infolux-ok_33-1.jpg\"><img loading=\"lazy\" decoding=\"async\" width=\"1024\" height=\"684\" data-id=\"1522948\" src=\"https:\/\/www.europesays.com\/fr\/wp-content\/uploads\/2025\/11\/infolux-ok_33-1.jpg\" alt=\"\" class=\"wp-image-1522948\"\/><\/a><\/p>\n<p><a href=\"https:\/\/www.europesays.com\/fr\/wp-content\/uploads\/2025\/11\/infolux-ok_71-1.jpg\"><img loading=\"lazy\" decoding=\"async\" width=\"683\" height=\"1024\" data-id=\"1522986\" src=\"https:\/\/www.europesays.com\/fr\/wp-content\/uploads\/2025\/11\/infolux-ok_71-1.jpg\" alt=\"\" class=\"wp-image-1522986\"\/><\/a><\/p>\n<p><a href=\"https:\/\/www.europesays.com\/fr\/wp-content\/uploads\/2025\/11\/infolux-ok_88.jpg\"><img loading=\"lazy\" decoding=\"async\" width=\"1024\" height=\"683\" data-id=\"1523003\" src=\"https:\/\/www.europesays.com\/fr\/wp-content\/uploads\/2025\/11\/infolux-ok_88.jpg\" alt=\"\" class=\"wp-image-1523003\"\/><\/a><\/p>\n<p><a href=\"https:\/\/www.europesays.com\/fr\/wp-content\/uploads\/2025\/11\/infolux-ok_35-1.jpg\"><img loading=\"lazy\" decoding=\"async\" width=\"1024\" height=\"684\" data-id=\"1522950\" src=\"https:\/\/www.europesays.com\/fr\/wp-content\/uploads\/2025\/11\/infolux-ok_35-1.jpg\" alt=\"\" class=\"wp-image-1522950\"\/><\/a><\/p>\n<p><a href=\"https:\/\/www.europesays.com\/fr\/wp-content\/uploads\/2025\/11\/infolux-ok_23-1.jpg\"><img loading=\"lazy\" decoding=\"async\" width=\"684\" height=\"1024\" data-id=\"1522938\" src=\"https:\/\/www.europesays.com\/fr\/wp-content\/uploads\/2025\/11\/infolux-ok_23-1.jpg\" alt=\"\" class=\"wp-image-1522938\"\/><\/a><\/p>\n<p><a href=\"https:\/\/www.europesays.com\/fr\/wp-content\/uploads\/2025\/11\/infolux-ok_57-1.jpg\"><img loading=\"lazy\" decoding=\"async\" width=\"683\" height=\"1024\" data-id=\"1522972\" src=\"https:\/\/www.europesays.com\/fr\/wp-content\/uploads\/2025\/11\/infolux-ok_57-1.jpg\" alt=\"\" class=\"wp-image-1522972\"\/><\/a><\/p>\n<p><a href=\"https:\/\/www.europesays.com\/fr\/wp-content\/uploads\/2025\/11\/infolux-ok_13-1.jpg\"><img loading=\"lazy\" decoding=\"async\" width=\"684\" height=\"1024\" data-id=\"1522928\" src=\"https:\/\/www.europesays.com\/fr\/wp-content\/uploads\/2025\/11\/infolux-ok_13-1.jpg\" alt=\"\" class=\"wp-image-1522928\"\/><\/a><\/p>\n<p><a href=\"https:\/\/www.europesays.com\/fr\/wp-content\/uploads\/2025\/11\/infolux-ok_61-1.jpg\"><img loading=\"lazy\" decoding=\"async\" width=\"683\" height=\"1024\" data-id=\"1522976\" src=\"https:\/\/www.europesays.com\/fr\/wp-content\/uploads\/2025\/11\/infolux-ok_61-1.jpg\" alt=\"\" class=\"wp-image-1522976\"\/><\/a><\/p>\n<p><a href=\"https:\/\/www.europesays.com\/fr\/wp-content\/uploads\/2025\/11\/infolux-ok-1.jpg\"><img loading=\"lazy\" decoding=\"async\" width=\"1024\" height=\"684\" data-id=\"1523004\" src=\"https:\/\/www.europesays.com\/fr\/wp-content\/uploads\/2025\/11\/infolux-ok-1.jpg\" alt=\"\" class=\"wp-image-1523004\"\/><\/a><\/p>\n<p><a href=\"https:\/\/www.europesays.com\/fr\/wp-content\/uploads\/2025\/11\/infolux-ok_83.jpg\"><img loading=\"lazy\" decoding=\"async\" width=\"1024\" height=\"683\" data-id=\"1522998\" src=\"https:\/\/www.europesays.com\/fr\/wp-content\/uploads\/2025\/11\/infolux-ok_83.jpg\" alt=\"\" class=\"wp-image-1522998\"\/><\/a><\/p>\n<p><a href=\"https:\/\/www.europesays.com\/fr\/wp-content\/uploads\/2025\/11\/infolux-ok_46-1.jpg\"><img loading=\"lazy\" decoding=\"async\" width=\"915\" height=\"1024\" data-id=\"1522961\" src=\"https:\/\/www.europesays.com\/fr\/wp-content\/uploads\/2025\/11\/infolux-ok_46-1.jpg\" alt=\"\" class=\"wp-image-1522961\"\/><\/a><\/p>\n<p><a href=\"https:\/\/www.europesays.com\/fr\/wp-content\/uploads\/2025\/11\/infolux-ok_80.jpg\"><img loading=\"lazy\" decoding=\"async\" width=\"683\" height=\"1024\" data-id=\"1522995\" src=\"https:\/\/www.europesays.com\/fr\/wp-content\/uploads\/2025\/11\/infolux-ok_80.jpg\" alt=\"\" class=\"wp-image-1522995\"\/><\/a><\/p>\n<p><a href=\"https:\/\/www.europesays.com\/fr\/wp-content\/uploads\/2025\/11\/infolux-ok_60-1.jpg\"><img loading=\"lazy\" decoding=\"async\" width=\"1024\" height=\"823\" data-id=\"1522975\" src=\"https:\/\/www.europesays.com\/fr\/wp-content\/uploads\/2025\/11\/infolux-ok_60-1.jpg\" alt=\"\" class=\"wp-image-1522975\"\/><\/a><\/p>\n<p><a href=\"https:\/\/www.europesays.com\/fr\/wp-content\/uploads\/2025\/11\/infolux-ok_48-1.jpg\"><img loading=\"lazy\" decoding=\"async\" width=\"1024\" height=\"654\" data-id=\"1522963\" src=\"https:\/\/www.europesays.com\/fr\/wp-content\/uploads\/2025\/11\/infolux-ok_48-1.jpg\" alt=\"\" class=\"wp-image-1522963\"\/><\/a><\/p>\n<p><a href=\"https:\/\/www.europesays.com\/fr\/wp-content\/uploads\/2025\/11\/infolux-ok_27-1.jpg\"><img loading=\"lazy\" decoding=\"async\" width=\"1024\" height=\"684\" data-id=\"1522942\" src=\"https:\/\/www.europesays.com\/fr\/wp-content\/uploads\/2025\/11\/infolux-ok_27-1.jpg\" alt=\"\" class=\"wp-image-1522942\"\/><\/a><\/p>\n<p><a href=\"https:\/\/www.europesays.com\/fr\/wp-content\/uploads\/2025\/11\/infolux-ok_81.jpg\"><img loading=\"lazy\" decoding=\"async\" width=\"683\" height=\"1024\" data-id=\"1522996\" src=\"https:\/\/www.europesays.com\/fr\/wp-content\/uploads\/2025\/11\/infolux-ok_81.jpg\" alt=\"\" class=\"wp-image-1522996\"\/><\/a><\/p>\n<p><a href=\"https:\/\/www.europesays.com\/fr\/wp-content\/uploads\/2025\/11\/infolux-ok_26-1.jpg\"><img loading=\"lazy\" decoding=\"async\" width=\"684\" height=\"1024\" data-id=\"1522941\" src=\"https:\/\/www.europesays.com\/fr\/wp-content\/uploads\/2025\/11\/infolux-ok_26-1.jpg\" alt=\"\" class=\"wp-image-1522941\"\/><\/a><\/p>\n<p><a href=\"https:\/\/www.europesays.com\/fr\/wp-content\/uploads\/2025\/11\/infolux-ok_54-1.jpg\"><img loading=\"lazy\" decoding=\"async\" width=\"684\" height=\"1024\" data-id=\"1522969\" src=\"https:\/\/www.europesays.com\/fr\/wp-content\/uploads\/2025\/11\/infolux-ok_54-1.jpg\" alt=\"\" class=\"wp-image-1522969\"\/><\/a><\/p>\n<p><a href=\"https:\/\/www.europesays.com\/fr\/wp-content\/uploads\/2025\/11\/infolux-ok_16-1.jpg\"><img loading=\"lazy\" decoding=\"async\" width=\"684\" height=\"1024\" data-id=\"1522931\" src=\"https:\/\/www.europesays.com\/fr\/wp-content\/uploads\/2025\/11\/infolux-ok_16-1.jpg\" alt=\"\" class=\"wp-image-1522931\"\/><\/a><\/p>\n<p><a href=\"https:\/\/www.europesays.com\/fr\/wp-content\/uploads\/2025\/11\/infolux-ok_9-1.jpg\"><img loading=\"lazy\" decoding=\"async\" width=\"1024\" height=\"684\" data-id=\"1522924\" src=\"https:\/\/www.europesays.com\/fr\/wp-content\/uploads\/2025\/11\/infolux-ok_9-1.jpg\" alt=\"\" class=\"wp-image-1522924\"\/><\/a><\/p>\n<p><a href=\"https:\/\/www.europesays.com\/fr\/wp-content\/uploads\/2025\/11\/infolux-ok_42-1.jpg\"><img loading=\"lazy\" decoding=\"async\" width=\"684\" height=\"1024\" data-id=\"1522957\" src=\"https:\/\/www.europesays.com\/fr\/wp-content\/uploads\/2025\/11\/infolux-ok_42-1.jpg\" alt=\"\" class=\"wp-image-1522957\"\/><\/a><\/p>\n<p><a href=\"https:\/\/www.europesays.com\/fr\/wp-content\/uploads\/2025\/11\/infolux-ok_47-1.jpg\"><img loading=\"lazy\" decoding=\"async\" width=\"1024\" height=\"684\" data-id=\"1522962\" src=\"https:\/\/www.europesays.com\/fr\/wp-content\/uploads\/2025\/11\/infolux-ok_47-1.jpg\" alt=\"\" class=\"wp-image-1522962\"\/><\/a><br \/>\nNANCY &gt; CONCERT &gt; TROIS CAF\u00c9S GOURMANDS &gt; PHOTOS &gt; <a href=\"http:\/\/instagram.com\/hvgoshot\" target=\"_blank\" rel=\"noreferrer noopener\">Hvgoshot \/ Hugo Reni\u00e9<\/a><\/p>\n<p>D\u2019autres info concert ailleurs : <\/p>\n<ul class=\"wp-block-latest-posts__list is-grid columns-3 wp-block-latest-posts\">\n<li><a href=\"https:\/\/www.info-lux.com\/nancy-concert-trois-cafes-gourmands\/themes\/\" aria-label=\"NANCY &gt; CONCERT &gt; TROIS CAF\u00c9S GOURMANDS\" target=\"_blank\" rel=\"noopener\"><img loading=\"lazy\" decoding=\"async\" width=\"150\" height=\"150\" src=\"https:\/\/www.europesays.com\/fr\/wp-content\/uploads\/2025\/11\/2LX2912-150x150.jpg\" class=\"attachment-thumbnail size-thumbnail wp-post-image\" alt=\"\" style=\"\"\/><\/a><a class=\"wp-block-latest-posts__post-title\" href=\"https:\/\/www.info-lux.com\/nancy-concert-trois-cafes-gourmands\/themes\/\" target=\"_blank\" rel=\"noopener\">NANCY &gt; CONCERT &gt; TROIS CAF\u00c9S GOURMANDS<\/a>Trois Caf\u00e9s Gourmands ont charm\u00e9 la Salle Poirel de Nancy Un concert chaleureux pour une soir\u00e9e d\u2019Halloween diff\u00e9rente Vendredi 31 octobre 2025, alors que Nancy f\u00eatait Halloween un peu partout\u2026 <a class=\"wp-block-latest-posts__read-more\" href=\"https:\/\/www.info-lux.com\/nancy-concert-trois-cafes-gourmands\/themes\/\" rel=\"noopener noreferrer\" target=\"_blank\">Lire la suite\u00a0: NANCY &gt; CONCERT &gt; TROIS CAF\u00c9S GOURMANDS<\/a><\/li>\n<li><a href=\"https:\/\/www.info-lux.com\/musique-pierre-garnier-actualites\/themes\/\" aria-label=\"MUSIQUE &gt; PIERRE GARNIER &gt; ACTUALIT\u00c9S\" target=\"_blank\" rel=\"noopener\"><img loading=\"lazy\" decoding=\"async\" width=\"150\" height=\"150\" src=\"https:\/\/www.europesays.com\/fr\/wp-content\/uploads\/2025\/11\/CREDITS-ELISA-BAUDOIN-4-150x150.jpg\" class=\"attachment-thumbnail size-thumbnail wp-post-image\" alt=\"\" style=\"\"\/><\/a><a class=\"wp-block-latest-posts__post-title\" href=\"https:\/\/www.info-lux.com\/musique-pierre-garnier-actualites\/themes\/\" target=\"_blank\" rel=\"noopener\">MUSIQUE &gt; PIERRE GARNIER &gt; ACTUALIT\u00c9S<\/a>Pierre Garnier d\u00e9voile son album live \u00ab Chaque Seconde Tour \u00bb et poursuit sa tourn\u00e9e triomphale Il est sans doute\u00a0le ph\u00e9nom\u00e8ne musical le plus marquant de ces derni\u00e8res ann\u00e9es. R\u00e9v\u00e9l\u00e9\u2026 <a class=\"wp-block-latest-posts__read-more\" href=\"https:\/\/www.info-lux.com\/musique-pierre-garnier-actualites\/themes\/\" rel=\"noopener noreferrer\" target=\"_blank\">Lire la suite\u00a0: MUSIQUE &gt; PIERRE GARNIER &gt; ACTUALIT\u00c9S<\/a><\/li>\n<li><a href=\"https:\/\/www.info-lux.com\/mondorf-casino-musical-charity-gala\/themes\/cultures\/concerts\/\" aria-label=\"MONDORF &gt; CASINO &gt; MUSICAL CHARITY GALA\" target=\"_blank\" rel=\"noopener\"><img loading=\"lazy\" decoding=\"async\" width=\"150\" height=\"150\" src=\"https:\/\/www.europesays.com\/fr\/wp-content\/uploads\/2025\/11\/2LX_1558-150x150.jpg\" class=\"attachment-thumbnail size-thumbnail wp-post-image\" alt=\"\" style=\"\"\/><\/a><a class=\"wp-block-latest-posts__post-title\" href=\"https:\/\/www.info-lux.com\/mondorf-casino-musical-charity-gala\/themes\/cultures\/concerts\/\" target=\"_blank\" rel=\"noopener\">MONDORF &gt; CASINO &gt; MUSICAL CHARITY GALA<\/a>Un Musical Charity Gala au CASINO 2000 Le dimanche 9 novembre 2025, le CASINO 2000 de Mondorf-les-Bains a brillamment accueilli un Musical Charity Gala en soutien \u00e0 SOS Villages d\u2019Enfants\u2026 <a class=\"wp-block-latest-posts__read-more\" href=\"https:\/\/www.info-lux.com\/mondorf-casino-musical-charity-gala\/themes\/cultures\/concerts\/\" rel=\"noopener noreferrer\" target=\"_blank\">Lire la suite\u00a0: MONDORF &gt; CASINO &gt; MUSICAL CHARITY GALA<\/a><\/li>\n<li><a href=\"https:\/\/www.info-lux.com\/bruxelles-concert-gospel-for-life-photos\/actualites\/\" aria-label=\"Bruxelles &gt; Concert Gospel For Life &gt; Photos\" target=\"_blank\" rel=\"noopener\"><img loading=\"lazy\" decoding=\"async\" width=\"150\" height=\"150\" src=\"https:\/\/www.europesays.com\/fr\/wp-content\/uploads\/2025\/11\/Bruxelles-Concert-Gospel-For-Life-Photos-002-150x150.jpg\" class=\"attachment-thumbnail size-thumbnail wp-post-image\" alt=\"\" style=\"\"\/><\/a><a class=\"wp-block-latest-posts__post-title\" href=\"https:\/\/www.info-lux.com\/bruxelles-concert-gospel-for-life-photos\/actualites\/\" target=\"_blank\" rel=\"noopener\">Bruxelles &gt; Concert Gospel For Life &gt; Photos<\/a>\n<p>BRUXELLES, CONCERT GOSPEL FOR LIFE ET PHOTOS POUR UNE SOIR\u00c9E M\u00c9MORABLE \u00c0 LA CATH\u00c9DRALE DES SAINTS-MICHEL-ET-GUDULE<\/p>\n<\/li>\n<li><a href=\"https:\/\/www.info-lux.com\/luxembourg-den-a-open-air-nouveaux-noms\/pays\/luxembourg-belgique\/den-atelier\/\" aria-label=\"LUXEMBOURG &gt; DEN A &gt; OPEN AIR &gt; NOUVEAUX NOMS\" target=\"_blank\" rel=\"noopener\"><img loading=\"lazy\" decoding=\"async\" width=\"150\" height=\"150\" src=\"https:\/\/www.europesays.com\/fr\/wp-content\/uploads\/2025\/11\/581403895_1288928426615038_1396763785804271178_n-150x150.jpg\" class=\"attachment-thumbnail size-thumbnail wp-post-image\" alt=\"\" style=\"\"\/><\/a><a class=\"wp-block-latest-posts__post-title\" href=\"https:\/\/www.info-lux.com\/luxembourg-den-a-open-air-nouveaux-noms\/pays\/luxembourg-belgique\/den-atelier\/\" target=\"_blank\" rel=\"noopener\">LUXEMBOURG &gt; DEN A &gt; OPEN AIR &gt; NOUVEAUX NOMS<\/a>Open-Air Luxembourg 2026 : une \u00e9dition d\u2019exception entre rock, pop et \u00e9lectro L\u2019\u00e9t\u00e9 2026 s\u2019annonce d\u00e9j\u00e0 comme un rendez-vous incontournable pour tous les amateurs de musique live. Le\u00a0festival\u00a0Open-Air Luxembourg\u00a0d\u00e9voile une\u2026 <a class=\"wp-block-latest-posts__read-more\" href=\"https:\/\/www.info-lux.com\/luxembourg-den-a-open-air-nouveaux-noms\/pays\/luxembourg-belgique\/den-atelier\/\" rel=\"noopener noreferrer\" target=\"_blank\">Lire la suite\u00a0: LUXEMBOURG &gt; DEN A &gt; OPEN AIR &gt; NOUVEAUX NOMS<\/a><\/li>\n<li><a href=\"https:\/\/www.info-lux.com\/terville-concert-les-sales-majestes-charge-69\/themes\/\" aria-label=\"TERVILLE &gt; CONCERT &gt; LES SALES MAJEST\u00c9S &gt; CHARGE 69\" target=\"_blank\" rel=\"noopener\"><img loading=\"lazy\" decoding=\"async\" width=\"150\" height=\"150\" src=\"https:\/\/www.europesays.com\/fr\/wp-content\/uploads\/2025\/11\/infolux-ok_64-150x150.jpg\" class=\"attachment-thumbnail size-thumbnail wp-post-image\" alt=\"\" style=\"\"\/><\/a><a class=\"wp-block-latest-posts__post-title\" href=\"https:\/\/www.info-lux.com\/terville-concert-les-sales-majestes-charge-69\/themes\/\" target=\"_blank\" rel=\"noopener\">TERVILLE &gt; CONCERT &gt; LES SALES MAJEST\u00c9S &gt; CHARGE 69<\/a>Les Sales Majest\u00e9s et Charge 69 ont embras\u00e9 le 112 de Terville Le samedi 8 novembre 2025, le\u00a0112 de Terville\u00a0a fait trembler ses murs avec une soir\u00e9e plac\u00e9e sous le\u2026 <a class=\"wp-block-latest-posts__read-more\" href=\"https:\/\/www.info-lux.com\/terville-concert-les-sales-majestes-charge-69\/themes\/\" rel=\"noopener noreferrer\" target=\"_blank\">Lire la suite\u00a0: TERVILLE &gt; CONCERT &gt; LES SALES MAJEST\u00c9S &gt; CHARGE 69<\/a><\/li>\n<li><a href=\"https:\/\/www.info-lux.com\/spa-festival-francofolies-de-spa-2025\/themes\/\" aria-label=\"SPA &gt; FESTIVAL &gt; FRANCOFOLIES DE SPA\" target=\"_blank\" rel=\"noopener\"><img loading=\"lazy\" decoding=\"async\" width=\"150\" height=\"150\" src=\"https:\/\/www.europesays.com\/fr\/wp-content\/uploads\/2025\/11\/IMG_6302-150x150.jpg\" class=\"attachment-thumbnail size-thumbnail wp-post-image\" alt=\"\" style=\"\"\/><\/a><a class=\"wp-block-latest-posts__post-title\" href=\"https:\/\/www.info-lux.com\/spa-festival-francofolies-de-spa-2025\/themes\/\" target=\"_blank\" rel=\"noopener\">SPA &gt; FESTIVAL &gt; FRANCOFOLIES DE SPA<\/a>Les Francofolies de Spa 2025 : quatre jours d\u2019\u00e9nergie, d\u2019\u00e9motion et de communion musicale. La ville thermale de Spa s\u2019est transform\u00e9e une nouvelle fois en v\u00e9ritable temple de la musique\u2026 <a class=\"wp-block-latest-posts__read-more\" href=\"https:\/\/www.info-lux.com\/spa-festival-francofolies-de-spa-2025\/themes\/\" rel=\"noopener noreferrer\" target=\"_blank\">Lire la suite\u00a0: SPA &gt; FESTIVAL &gt; FRANCOFOLIES DE SPA<\/a><\/li>\n<li><a href=\"https:\/\/www.info-lux.com\/nancy-showcase-amel-bent-drect-fm\/activite-a-faire-en\/agenda\/\" aria-label=\"NANCY &gt; SHOWCASE &gt; AMEL BENT &gt; D!RECT FM\" target=\"_blank\" rel=\"noopener\"><img loading=\"lazy\" decoding=\"async\" width=\"150\" height=\"150\" src=\"https:\/\/www.europesays.com\/fr\/wp-content\/uploads\/2025\/11\/1762988220_394_2LX_0304-150x150.jpg\" class=\"attachment-thumbnail size-thumbnail wp-post-image\" alt=\"\" style=\"\"\/><\/a><a class=\"wp-block-latest-posts__post-title\" href=\"https:\/\/www.info-lux.com\/nancy-showcase-amel-bent-drect-fm\/activite-a-faire-en\/agenda\/\" target=\"_blank\" rel=\"noopener\">NANCY &gt; SHOWCASE &gt; AMEL BENT &gt; D!RECT FM<\/a>Un showcase tr\u00e8s priv\u00e9 avec D!RECT FM L\u2019\u00e9quipe de D!RECT FM avait d\u00e9j\u00e0 eu le plaisir d\u2019accueillir Amel Bent lors du dernier Muse D!RECT Live. La chanteuse \u00e9tait de retour\u2026 <a class=\"wp-block-latest-posts__read-more\" href=\"https:\/\/www.info-lux.com\/nancy-showcase-amel-bent-drect-fm\/activite-a-faire-en\/agenda\/\" rel=\"noopener noreferrer\" target=\"_blank\">Lire la suite\u00a0: NANCY &gt; SHOWCASE &gt; AMEL BENT &gt; D!RECT FM<\/a><\/li>\n<li><a href=\"https:\/\/www.info-lux.com\/arrasf-main-square-festival\/actualites\/\" aria-label=\"Arras(F) &gt; Main Square Festival\" target=\"_blank\" rel=\"noopener\"><img loading=\"lazy\" decoding=\"async\" width=\"150\" height=\"150\" src=\"https:\/\/www.europesays.com\/fr\/wp-content\/uploads\/2025\/11\/563956156_18528104209020920_7623654134717325564_n-150x150.jpg\" class=\"attachment-thumbnail size-thumbnail wp-post-image\" alt=\"\" style=\"\"\/><\/a><a class=\"wp-block-latest-posts__post-title\" href=\"https:\/\/www.info-lux.com\/arrasf-main-square-festival\/actualites\/\" target=\"_blank\" rel=\"noopener\">Arras(F) &gt; Main Square Festival<\/a>\n<p>Main Square Festival 2026 : une 20\u1d49 \u00e9dition explosive \u00e0 Arras.  Une programmation qui en met plein les oreilles<\/p>\n<\/li>\n<li><a href=\"https:\/\/www.info-lux.com\/mireille-mathieu-carriere-60-ans\/actualites\/\" aria-label=\"Mireille Mathieu &gt; Carri\u00e8re &gt; 60 ans\" target=\"_blank\" rel=\"noopener\"><img loading=\"lazy\" decoding=\"async\" width=\"150\" height=\"150\" src=\"https:\/\/www.europesays.com\/fr\/wp-content\/uploads\/2025\/11\/Mireille-Mathieu_Affiche-Tournee-2025-logo1-150x150.jpg\" class=\"attachment-thumbnail size-thumbnail wp-post-image\" alt=\"\" style=\"\"\/><\/a><a class=\"wp-block-latest-posts__post-title\" href=\"https:\/\/www.info-lux.com\/mireille-mathieu-carriere-60-ans\/actualites\/\" target=\"_blank\" rel=\"noopener\">Mireille Mathieu &gt; Carri\u00e8re &gt; 60 ans<\/a>Mireille Mathieu : une carri\u00e8re de 60 ans d\u2019amour avec le public Une l\u00e9gende n\u00e9e \u00e0 Avignon En 1965, le public fran\u00e7ais d\u00e9couvre une jeune fille timide au sourire \u00e9clatant\u2026 <a class=\"wp-block-latest-posts__read-more\" href=\"https:\/\/www.info-lux.com\/mireille-mathieu-carriere-60-ans\/actualites\/\" rel=\"noopener noreferrer\" target=\"_blank\">Lire la suite\u00a0: Mireille Mathieu &gt; Carri\u00e8re &gt; 60 ans<\/a><\/li>\n<li><a href=\"https:\/\/www.info-lux.com\/nancy-jazz-pulsations-2025\/themes\/\" aria-label=\"NANCY &gt; JAZZ PULSATIONS &gt; 2025\" target=\"_blank\" rel=\"noopener\"><img loading=\"lazy\" decoding=\"async\" width=\"150\" height=\"150\" src=\"https:\/\/www.europesays.com\/fr\/wp-content\/uploads\/2025\/11\/1762988222_927_MAYA_NJP_INFOLUX_-61-150x150.jpg\" class=\"attachment-thumbnail size-thumbnail wp-post-image\" alt=\"\" style=\"\"\/><\/a><a class=\"wp-block-latest-posts__post-title\" href=\"https:\/\/www.info-lux.com\/nancy-jazz-pulsations-2025\/themes\/\" target=\"_blank\" rel=\"noopener\">NANCY &gt; JAZZ PULSATIONS &gt; 2025<\/a>Nancy Jazz Pulsations 2025 \u00e0 la P\u00e9pini\u00e8re Le\u00a0Nancy Jazz Pulsations 2025\u00a0a illumin\u00e9 la cit\u00e9 ducale tout au long du mois d\u2019octobre. Sous le grand\u00a0Chapiteau de la P\u00e9pini\u00e8re, Info-lux a eu\u2026 <a class=\"wp-block-latest-posts__read-more\" href=\"https:\/\/www.info-lux.com\/nancy-jazz-pulsations-2025\/themes\/\" rel=\"noopener noreferrer\" target=\"_blank\">Lire la suite\u00a0: NANCY &gt; JAZZ PULSATIONS &gt; 2025<\/a><\/li>\n<li><a href=\"https:\/\/www.info-lux.com\/nancy-concert-ridsa\/themes\/cultures\/concerts\/\" aria-label=\"NANCY &gt; CONCERT &gt; RIDSA\" target=\"_blank\" rel=\"noopener\"><img loading=\"lazy\" decoding=\"async\" width=\"150\" height=\"150\" src=\"https:\/\/www.europesays.com\/fr\/wp-content\/uploads\/2025\/11\/IMG_3051-150x150.jpeg\" class=\"attachment-thumbnail size-thumbnail wp-post-image\" alt=\"\" style=\"\"\/><\/a><a class=\"wp-block-latest-posts__post-title\" href=\"https:\/\/www.info-lux.com\/nancy-concert-ridsa\/themes\/cultures\/concerts\/\" target=\"_blank\" rel=\"noopener\">NANCY &gt; CONCERT &gt; RIDSA<\/a>Ridsa enflamme l\u2019Autre Canal de Nancy Le 28 octobre dernier, L\u2019Autre Canal de Nancy a accueilli Ridsa pour une date de son tour \u201cVerano Tour\u201d, devant une salle comble et\u2026 <a class=\"wp-block-latest-posts__read-more\" href=\"https:\/\/www.info-lux.com\/nancy-concert-ridsa\/themes\/cultures\/concerts\/\" rel=\"noopener noreferrer\" target=\"_blank\">Lire la suite\u00a0: NANCY &gt; CONCERT &gt; RIDSA<\/a><\/li>\n<\/ul>\n<p>\t\t\t<script async src=\"\/\/www.instagram.com\/embed.js\"><\/script><\/p>\n","protected":false},"excerpt":{"rendered":"Un concert chaleureux pour une soir\u00e9e d\u2019Halloween diff\u00e9rente Vendredi 31 octobre 2025, alors que Nancy f\u00eatait Halloween un&hellip;\n","protected":false},"author":2,"featured_media":529999,"comment_status":"","ping_status":"","sticky":false,"template":"","format":"standard","meta":{"footnotes":""},"categories":[9635],"tags":[64875,1111,11,64876,64877,64878,64879,64880,64881,1777,674,64882,64883,1011,27,775,64884,64885,64886,64887,64888,10598,1702,64889,12,64890,64891,64892,25,64893,64894,64895,64896,64897,64898,64899,64900,64901,64902],"class_list":{"0":"post-529998","1":"post","2":"type-post","3":"status-publish","4":"format-standard","5":"has-post-thumbnail","7":"category-nancy","8":"tag-a-nos-souvenirs","9":"tag-actu","10":"tag-actualites","11":"tag-bleucitron","12":"tag-chanson-francaise-live","13":"tag-concert-complet-nancy","14":"tag-concert-grand-est","15":"tag-concert-intime","16":"tag-concert-nancy","17":"tag-eu","18":"tag-europe","19":"tag-evenement-culturel-nancy","20":"tag-exclusivite-info-lux","21":"tag-fr","22":"tag-france","23":"tag-grand-est","24":"tag-jeremy-trois-cafes-gourmands","25":"tag-julie-trois-cafes-gourmands","26":"tag-label-ln","27":"tag-live-acoustique-nancy","28":"tag-musiciens-francais","29":"tag-musique-francaise","30":"tag-nancy","31":"tag-nancy-concerts-2025","32":"tag-news","33":"tag-on-temmene","34":"tag-production-bleucitron","35":"tag-repetitions-artistes","36":"tag-republique-francaise","37":"tag-senlacer","38":"tag-salle-poirel","39":"tag-scene-francaise","40":"tag-sebastien-trois-cafes-gourmands","41":"tag-soiree-halloween-nancy","42":"tag-sorties-nancy","43":"tag-tournee-trois-cafes-gourmands","44":"tag-trois-cafes-gourmands","45":"tag-tu-le-sais-bien","46":"tag-un-air-de-rien"},"share_on_mastodon":{"url":"","error":"Validation failed: Text character limit of 500 exceeded"},"_links":{"self":[{"href":"https:\/\/www.europesays.com\/fr\/wp-json\/wp\/v2\/posts\/529998","targetHints":{"allow":["GET"]}}],"collection":[{"href":"https:\/\/www.europesays.com\/fr\/wp-json\/wp\/v2\/posts"}],"about":[{"href":"https:\/\/www.europesays.com\/fr\/wp-json\/wp\/v2\/types\/post"}],"author":[{"embeddable":true,"href":"https:\/\/www.europesays.com\/fr\/wp-json\/wp\/v2\/users\/2"}],"replies":[{"embeddable":true,"href":"https:\/\/www.europesays.com\/fr\/wp-json\/wp\/v2\/comments?post=529998"}],"version-history":[{"count":0,"href":"https:\/\/www.europesays.com\/fr\/wp-json\/wp\/v2\/posts\/529998\/revisions"}],"wp:featuredmedia":[{"embeddable":true,"href":"https:\/\/www.europesays.com\/fr\/wp-json\/wp\/v2\/media\/529999"}],"wp:attachment":[{"href":"https:\/\/www.europesays.com\/fr\/wp-json\/wp\/v2\/media?parent=529998"}],"wp:term":[{"taxonomy":"category","embeddable":true,"href":"https:\/\/www.europesays.com\/fr\/wp-json\/wp\/v2\/categories?post=529998"},{"taxonomy":"post_tag","embeddable":true,"href":"https:\/\/www.europesays.com\/fr\/wp-json\/wp\/v2\/tags?post=529998"}],"curies":[{"name":"wp","href":"https:\/\/api.w.org\/{rel}","templated":true}]}}