{"id":530014,"date":"2025-11-12T23:06:13","date_gmt":"2025-11-12T23:06:13","guid":{"rendered":"https:\/\/www.europesays.com\/fr\/530014\/"},"modified":"2025-11-12T23:06:13","modified_gmt":"2025-11-12T23:06:13","slug":"un-marche-dynamique-au-coeur-de-linnovation-alpine","status":"publish","type":"post","link":"https:\/\/www.europesays.com\/fr\/530014\/","title":{"rendered":"un march\u00e9 dynamique au c\u0153ur de l\u2019innovation alpine"},"content":{"rendered":"<p>Grenoble, surnomm\u00e9e la capitale des Alpes fran\u00e7aises, s\u00e9duit autant par son cadre de vie que par son dynamisme \u00e9conomique. Entre montagnes et laboratoires, la m\u00e9tropole is\u00e9roise est un v\u00e9ritable p\u00f4le d\u2019innovation o\u00f9 l\u2019emploi ne cesse d\u2019\u00e9voluer. Dans ce contexte toujours en mouvement, l\u2019<a href=\"https:\/\/staffmatch.com\/fr\/agencies\/agence-interim-grenoble\/\" target=\"_blank\" rel=\"nofollow noopener\">int\u00e9rim \u00e0 Grenoble<\/a> joue un r\u00f4le cl\u00e9 pour r\u00e9pondre aux besoins des entreprises et accompagner les parcours professionnels des talents locaux.<\/p>\n<p><strong>Un bassin d\u2019emploi en pleine mutation<\/strong><\/p>\n<p>Avec pr\u00e8s de 700 000 habitants dans l\u2019agglom\u00e9ration et une \u00e9conomie ouverte sur le monde, Grenoble attire des entreprises, des chercheurs et des ing\u00e9nieurs venus de toute l\u2019Europe. La ville fait ainsi parti des m\u00e9tropoles les plus innovantes de France.<\/p>\n<p>Mais cette attractivit\u00e9 a son revers : les besoins en main-d\u2019\u0153uvre \u00e9voluent tr\u00e8s vite et certains secteurs peinent \u00e0 recruter. L\u2019industrie, les services \u00e0 la personne, la logistique ou encore le BTP font partie des domaines o\u00f9 la p\u00e9nurie de comp\u00e9tences se fait r\u00e9ellement sentir. C\u2019est pourquoi la flexibilit\u00e9 devient un enjeu central pour les employeurs comme pour les salari\u00e9s.<\/p>\n<p><strong>Un p\u00f4le d\u2019innovation et de recherche unique en France<\/strong><\/p>\n<p>Grenoble s\u2019est forg\u00e9 une r\u00e9putation internationale gr\u00e2ce \u00e0 son \u00e9cosyst\u00e8me scientifique d\u2019exception. L\u2019Universit\u00e9 Grenoble Alpes, Grenoble INP, le CEA ou encore STMicroelectronics constituent un r\u00e9seau dense o\u00f9 collaborent chercheurs, \u00e9tudiants et entrepreneurs.<\/p>\n<p>Cet environnement, propice \u00e0 la recherche, attire de nombreuses start-ups et entreprises high-tech, notamment dans les domaines des technologies de l\u2019information, des nanotechnologies, de la biotechnologie et des \u00e9nergies renouvelables. Ces secteurs offrent aujourd\u2019hui une multitude d\u2019opportunit\u00e9s d\u2019emploi, en particulier pour les profils techniques, ing\u00e9nieurs ou sp\u00e9cialistes de la data.<\/p>\n<p>Parall\u00e8lement, le tissu industriel et commercial local reste solide. Des entreprises de la m\u00e9canique, de la chimie et de l\u2019ing\u00e9nierie s\u2019appuient sur un savoir-faire r\u00e9gional reconnu, tandis que le commerce et le tourisme soutiennent la vitalit\u00e9 \u00e9conomique du territoire.<\/p>\n<p><strong>Les d\u00e9fis du march\u00e9 grenoblois : flexibilit\u00e9 et attractivit\u00e9<\/strong><\/p>\n<p>Comme ailleurs en France, le march\u00e9 du travail grenoblois fait face \u00e0 plusieurs d\u00e9fis. Le premier concerne la p\u00e9nurie de main-d\u2019\u0153uvre qualifi\u00e9e : certains m\u00e9tiers techniques ou li\u00e9s aux soins sont en tension permanente. Le second touche \u00e0 la saisonnalit\u00e9 de l\u2019emploi, notamment dans le tourisme et les activit\u00e9s de plein air, tr\u00e8s pr\u00e9sentes dans la r\u00e9gion. Puis la transformation num\u00e9rique et \u00e9nerg\u00e9tique pousse les entreprises \u00e0 rechercher des profils polyvalents capables de s\u2019adapter \u00e0 de nouveaux outils et m\u00e9thodes.<\/p>\n<p>Dans ce contexte, l\u2019int\u00e9rim \u00e0 Grenoble appara\u00eet comme une solution souple et efficace, autant pour les entreprises que pour les candidats. Cela permet en effet de r\u00e9pondre rapidement aux besoins ponctuels tout en offrant des opportunit\u00e9s d\u2019\u00e9volution professionnelle \u00e0 ceux qui souhaitent tester diff\u00e9rents m\u00e9tiers ou secteurs.<\/p>\n<p><strong>L\u2019int\u00e9rim : un tremplin vers l\u2019emploi durable<\/strong><\/p>\n<p>Au-del\u00e0 de la flexibilit\u00e9, l\u2019int\u00e9rim est un v\u00e9ritable levier d\u2019insertion professionnelle. De nombreuses entreprises locales utilisent ce mode de recrutement pour \u00e9valuer les comp\u00e9tences sur le terrain avant de proposer un contrat durable.<\/p>\n<p>Pour les int\u00e9rimaires, c\u2019est aussi une porte d\u2019entr\u00e9e vers des emplois qualifi\u00e9s et une mani\u00e8re de d\u00e9velopper de nouvelles comp\u00e9tences gr\u00e2ce \u00e0 des missions vari\u00e9es. \u00c0 Grenoble, cette dynamique est particuli\u00e8rement visible dans les secteurs du BTP, de la logistique, de l\u2019industrie et des services.<\/p>\n<p><strong>Les agences d\u2019int\u00e9rim, acteurs de proximit\u00e9<\/strong><\/p>\n<p>Les agences d\u2019int\u00e9rim locales jouent un r\u00f4le essentiel dans l\u2019\u00e9quilibre du march\u00e9 de l\u2019emploi grenoblois. En tant qu\u2019interm\u00e9diaires entre entreprises et candidats, elles connaissent parfaitement le tissu \u00e9conomique local et accompagnent chacun dans la recherche d\u2019opportunit\u00e9s qui lui correspond.<\/p>\n<p>Elles favorisent \u00e9galement la formation continue, permettant aux int\u00e9rimaires de monter en comp\u00e9tences et de mieux s\u2019ins\u00e9rer dans un march\u00e9 de plus en plus exigeant.<\/p>\n<p><strong>Staffmatch Grenoble : une expertise locale et un accompagnement personnalis\u00e9<\/strong><\/p>\n<p>Parmi les acteurs de r\u00e9f\u00e9rence de l\u2019int\u00e9rim \u00e0 Grenoble, <a href=\"https:\/\/staffmatch.com\/fr\/agencies\/agence-interim-grenoble\/\" target=\"_blank\" rel=\"nofollow noopener\">Staffmatch Grenoble<\/a> propose une approche innovante et humaine du recrutement temporaire. Son \u00e9quipe, solidement implant\u00e9e dans la r\u00e9gion, conna\u00eet parfaitement les besoins sp\u00e9cifiques du march\u00e9 is\u00e9rois.<\/p>\n<p>Gr\u00e2ce \u00e0 des partenariats \u00e9troits avec les entreprises locales, Staffmatch propose des missions vari\u00e9es dans des domaines porteurs tels que l\u2019industrie, la logistique, la restauration, le tertiaire ou encore les services \u00e0 la personne. Les conseillers accompagnent chaque candidat \u00e0 chaque \u00e9tape de son parcours, en veillant \u00e0 une int\u00e9gration r\u00e9ussie et durable dans les \u00e9quipes.<\/p>\n<p>L\u2019agence d\u00e9veloppe \u00e9galement des solutions sur mesure pour les entreprises : gestion des pics d\u2019activit\u00e9, remplacements urgents, besoins saisonniers\u2026 Autant de situations pour lesquelles la r\u00e9activit\u00e9 et la fiabilit\u00e9 de Staffmatch font la diff\u00e9rence.<\/p>\n<p>\u00a0<\/p>\n","protected":false},"excerpt":{"rendered":"Grenoble, surnomm\u00e9e la capitale des Alpes fran\u00e7aises, s\u00e9duit autant par son cadre de vie que par son dynamisme&hellip;\n","protected":false},"author":2,"featured_media":530015,"comment_status":"","ping_status":"","sticky":false,"template":"","format":"standard","meta":{"footnotes":""},"categories":[9566],"tags":[1111,11,7884,2430,7885,1777,674,1011,27,2731,12,25],"class_list":{"0":"post-530014","1":"post","2":"type-post","3":"status-publish","4":"format-standard","5":"has-post-thumbnail","7":"category-grenoble","8":"tag-actu","9":"tag-actualites","10":"tag-articles-partenaires","11":"tag-auvergne-rhone-alpes","12":"tag-brand-content","13":"tag-eu","14":"tag-europe","15":"tag-fr","16":"tag-france","17":"tag-grenoble","18":"tag-news","19":"tag-republique-francaise"},"share_on_mastodon":{"url":"https:\/\/pubeurope.com\/@fr\/115539239502794949","error":""},"_links":{"self":[{"href":"https:\/\/www.europesays.com\/fr\/wp-json\/wp\/v2\/posts\/530014","targetHints":{"allow":["GET"]}}],"collection":[{"href":"https:\/\/www.europesays.com\/fr\/wp-json\/wp\/v2\/posts"}],"about":[{"href":"https:\/\/www.europesays.com\/fr\/wp-json\/wp\/v2\/types\/post"}],"author":[{"embeddable":true,"href":"https:\/\/www.europesays.com\/fr\/wp-json\/wp\/v2\/users\/2"}],"replies":[{"embeddable":true,"href":"https:\/\/www.europesays.com\/fr\/wp-json\/wp\/v2\/comments?post=530014"}],"version-history":[{"count":0,"href":"https:\/\/www.europesays.com\/fr\/wp-json\/wp\/v2\/posts\/530014\/revisions"}],"wp:featuredmedia":[{"embeddable":true,"href":"https:\/\/www.europesays.com\/fr\/wp-json\/wp\/v2\/media\/530015"}],"wp:attachment":[{"href":"https:\/\/www.europesays.com\/fr\/wp-json\/wp\/v2\/media?parent=530014"}],"wp:term":[{"taxonomy":"category","embeddable":true,"href":"https:\/\/www.europesays.com\/fr\/wp-json\/wp\/v2\/categories?post=530014"},{"taxonomy":"post_tag","embeddable":true,"href":"https:\/\/www.europesays.com\/fr\/wp-json\/wp\/v2\/tags?post=530014"}],"curies":[{"name":"wp","href":"https:\/\/api.w.org\/{rel}","templated":true}]}}