{"id":530016,"date":"2025-11-12T23:07:13","date_gmt":"2025-11-12T23:07:13","guid":{"rendered":"https:\/\/www.europesays.com\/fr\/530016\/"},"modified":"2025-11-12T23:07:13","modified_gmt":"2025-11-12T23:07:13","slug":"faire-connaitre-la-musique-classique-lorchestre-metropolitain-de-rennes-donnera-un-2","status":"publish","type":"post","link":"https:\/\/www.europesays.com\/fr\/530016\/","title":{"rendered":"\u00ab\u00a0Faire conna\u00eetre la musique classique\u00a0\u00bb\u00a0: l\u2019Orchestre m\u00e9tropolitain de Rennes donnera un"},"content":{"rendered":"<p>Les festivit\u00e9s organis\u00e9es \u00e0 l\u2019occasion des 80\u00a0ans de <a href=\"https:\/\/vannes.maville.com\/actu\/actudet_-a-la-decouverte-de-la-vie-des-eleves-officiers-de-l-academie-militaire-de-saint-cyr-coetquidan-_12-6975100_actu.Htm\" target=\"_blank\" rel=\"noopener\">l\u2019acad\u00e9mie militaire de Saint-Cyr-Co\u00ebtquidan<\/a>, \u00e0 Guer (Morbihan) se poursuivent avec un \u00e9v\u00e9nement musical exceptionnel\u00a0: le concert de <a href=\"https:\/\/rennes.maville.com\/actu\/actudet_-cette-annee-l-orchestre-metropolitain-de-rennes-propose-un-patchwork-symphonique-_7-7034035_actu.Htm\" target=\"_blank\" rel=\"noopener\">l\u2019Orchestre m\u00e9tropolitain de Rennes<\/a> (OMR), qui sera donn\u00e9 le dimanche 16\u00a0novembre 2025, \u00e0 16\u00a0h, \u00e0 la salle de la gare de Guer.<\/p>\n<p><strong>Lire aussi\u00a0:<\/strong> <a href=\"https:\/\/redon.maville.com\/actu\/actudet_-pourquoi-des-officiers-eleves-de-l-armee-de-terre-participent-ils-aux-commemorations-du-11-novembre-a-redon-_52698-7059328_actu.Htm\" target=\"_blank\" rel=\"noopener\">Pourquoi des officiers \u00e9l\u00e8ves de l\u2019arm\u00e9e de Terre participent-ils aux comm\u00e9morations du 11-Novembre \u00e0 Redon\u00a0?<\/a><\/p>\n<p>Cr\u00e9\u00e9 en 2014 par\u00a0Philippe Legrand et Beno\u00eet Jean, l\u2019OMR est compos\u00e9 de musiciens professionnels, d\u2019\u00e9l\u00e8ves du conservatoire et d\u2019amateurs. Dimanche, ils seront une cinquantaine \u00e0 monter sur la sc\u00e8ne de la salle de la gare. <strong>\u00ab\u00a0On veut faire conna\u00eetre la musique classique au grand public, la faire d\u00e9couvrir<\/strong>, explique Philippe Legrand, qui dirigera l\u2019orchestre.<strong> Elle parle \u00e0 tout le monde m\u00eame si elle n\u2019est pas toujours per\u00e7ue comme accessible.\u00a0\u00bb<\/strong><\/p>\n<p>Un patchwork symphonique \u00ab\u00a0in\u00e9dit et libre\u00a0\u00bb<\/p>\n<p>Au programme de ce concert\u00a0: un patchwork symphonique, <strong>\u00ab\u00a0tr\u00e8s large, in\u00e9dit et libre\u00a0\u00bb, <\/strong>avec la Rhapsodie bretonne de Camille Saint-Sa\u00ebns, les premiers mouvements de la symphonie num\u00e9ro\u00a040 de Mozart, de la symphonie pastorale num\u00e9ro\u00a06 de Beethoven, de la symphonie num\u00e9ro\u00a04 de Schumann et de la troisi\u00e8me symphonie inachev\u00e9e du g\u00e9nial Alexandre Borodine.<\/p>\n<p><strong>Dimanche 16\u00a0novembre 2025,<\/strong> \u00e0 16\u00a0h, salle de la gare \u00e0 Guer. Tarif\u00a0: 15\u00a0\u20ac. Billets en vente \u00e0 la mairie et \u00e0 la m\u00e9diath\u00e8que.<\/p>\n<p>\u00a0<\/p>\n","protected":false},"excerpt":{"rendered":"Les festivit\u00e9s organis\u00e9es \u00e0 l\u2019occasion des 80\u00a0ans de l\u2019acad\u00e9mie militaire de Saint-Cyr-Co\u00ebtquidan, \u00e0 Guer (Morbihan) se poursuivent avec&hellip;\n","protected":false},"author":2,"featured_media":529895,"comment_status":"","ping_status":"","sticky":false,"template":"","format":"standard","meta":{"footnotes":""},"categories":[2821],"tags":[1111,11,829,3526,1697,25373,64865,1777,674,4560,1011,27,50971,52535,873,12,14196,584,25],"class_list":{"0":"post-530016","1":"post","2":"type-post","3":"status-publish","4":"format-standard","5":"has-post-thumbnail","7":"category-rennes","8":"tag-actu","9":"tag-actualites","10":"tag-bretagne","11":"tag-classique","12":"tag-concert","13":"tag-connaitre","14":"tag-donnera","15":"tag-eu","16":"tag-europe","17":"tag-faire","18":"tag-fr","19":"tag-france","20":"tag-guer","21":"tag-metropolitain","22":"tag-musique","23":"tag-news","24":"tag-orchestre","25":"tag-rennes","26":"tag-republique-francaise"},"share_on_mastodon":{"url":"https:\/\/pubeurope.com\/@fr\/115539243485064419","error":""},"_links":{"self":[{"href":"https:\/\/www.europesays.com\/fr\/wp-json\/wp\/v2\/posts\/530016","targetHints":{"allow":["GET"]}}],"collection":[{"href":"https:\/\/www.europesays.com\/fr\/wp-json\/wp\/v2\/posts"}],"about":[{"href":"https:\/\/www.europesays.com\/fr\/wp-json\/wp\/v2\/types\/post"}],"author":[{"embeddable":true,"href":"https:\/\/www.europesays.com\/fr\/wp-json\/wp\/v2\/users\/2"}],"replies":[{"embeddable":true,"href":"https:\/\/www.europesays.com\/fr\/wp-json\/wp\/v2\/comments?post=530016"}],"version-history":[{"count":0,"href":"https:\/\/www.europesays.com\/fr\/wp-json\/wp\/v2\/posts\/530016\/revisions"}],"wp:featuredmedia":[{"embeddable":true,"href":"https:\/\/www.europesays.com\/fr\/wp-json\/wp\/v2\/media\/529895"}],"wp:attachment":[{"href":"https:\/\/www.europesays.com\/fr\/wp-json\/wp\/v2\/media?parent=530016"}],"wp:term":[{"taxonomy":"category","embeddable":true,"href":"https:\/\/www.europesays.com\/fr\/wp-json\/wp\/v2\/categories?post=530016"},{"taxonomy":"post_tag","embeddable":true,"href":"https:\/\/www.europesays.com\/fr\/wp-json\/wp\/v2\/tags?post=530016"}],"curies":[{"name":"wp","href":"https:\/\/api.w.org\/{rel}","templated":true}]}}