{"id":530019,"date":"2025-11-12T23:09:16","date_gmt":"2025-11-12T23:09:16","guid":{"rendered":"https:\/\/www.europesays.com\/fr\/530019\/"},"modified":"2025-11-12T23:09:16","modified_gmt":"2025-11-12T23:09:16","slug":"strasbourg-sebastian-carrasco-mendoza-fera-chanter-le-rare-theorbe-a-saint-pierre-le-vieux","status":"publish","type":"post","link":"https:\/\/www.europesays.com\/fr\/530019\/","title":{"rendered":"Strasbourg. Sebasti\u00e0n Carrasco Mendoza fera chanter le rare th\u00e9orbe \u00e0 Saint-Pierre-le-Vieux"},"content":{"rendered":"<p>Le th\u00e9orbe est un instrument de la famille des luths. Connaissant son essor au XVIIe \u00a0si\u00e8cle, notamment \u00e0 la cour de Louis XIV, il tombe soudainement dans l\u2019oubli. Son parcours reste \u00e9nigmatique, car on trouve autant de mod\u00e8les que de th\u00e9orbistes de l\u2019\u00e9poque. Ce myst\u00e8re a encourag\u00e9 les musiciens \u00e0 entreprendre sa red\u00e9couverte au cours du XXe \u00a0si\u00e8cle.<\/p>\n<p>Dans ce contexte, Sebasti\u00e1n Carrasco Mendoza s\u2019est donn\u00e9 pour mission d\u2019\u00e9largir les fronti\u00e8res connues de l\u2019instrument. Depuis 2022, il explore un nouveau r\u00e9pertoire pour le th\u00e9orbe, cherchant des \u0153uvres qui mettent en valeur les possibilit\u00e9s expressives que l\u2019instrument peut offrir \u00e0 notre \u00e9poque. Il se consacre \u00e9galement \u00e0 la rencontre de compositeurs d\u00e9sireux de s\u2019engager sur ce chemin, afin d\u2019explorer le th\u00e9orbe sous des angles vari\u00e9s.<\/p>\n<p>  De la musique ancienne au tango<\/p>\n<p>En concert, dans ce dialogue entre pass\u00e9 et devenir, la tradition se transforme, les harmonies s\u2019ouvrent et l\u2019instrument retrouve une voix d\u2019aujourd\u2019hui. Une improvisation libre viendra sceller ce voyage o\u00f9 le temps se plie au souffle du son.<\/p>\n<p>Sebasti\u00e1n Carrasco Mendoza est n\u00e9 au Chili et r\u00e9side en France depuis 2013. Son parcours musical l\u2019a conduit \u00e0 se produire en Europe comme en Am\u00e9rique du Sud. Musicien curieux, il s\u2019est aventur\u00e9 aussi bien dans la musique ancienne que dans la cr\u00e9ation contemporaine, sans oublier le tango.<\/p>\n<p class=\"note\"><a href=\"https:\/\/www.dna.fr\/pour-sortir\/loisirs\/Concert-musique\/Classique\/Alsace\/Bas-rhin\/Strasbourg\/2025\/11\/15\/Cordes-mysterieuses-l-echo-de-l-avenir-du-theorbe\" target=\"_blank\" rel=\"nofollow noopener\">R\u00e9cital<\/a> le samedi 15\u00a0novembre \u00e0 19\u00a0h\u00a030 \u00e0 l\u2019\u00e9glise Saint-Pierre-le-Vieux, 6, place Saint-Pierre-le-Vieux \u00e0 Strasbourg. Tarif unique \u00e0 5\u00a0\u20ac, Gratuit moins de 16 ans.<\/p>\n","protected":false},"excerpt":{"rendered":"Le th\u00e9orbe est un instrument de la famille des luths. Connaissant son essor au XVIIe \u00a0si\u00e8cle, notamment \u00e0&hellip;\n","protected":false},"author":2,"featured_media":530020,"comment_status":"","ping_status":"","sticky":false,"template":"","format":"standard","meta":{"footnotes":""},"categories":[2820],"tags":[1111,11,1687,2880,1777,674,107,1011,27,775,1757,873,12,25,640,2879],"class_list":{"0":"post-530019","1":"post","2":"type-post","3":"status-publish","4":"format-standard","5":"has-post-thumbnail","7":"category-strasbourg","8":"tag-actu","9":"tag-actualites","10":"tag-culture-loisirs","11":"tag-edition-strasbourg","12":"tag-eu","13":"tag-europe","14":"tag-fil-info","15":"tag-fr","16":"tag-france","17":"tag-grand-est","18":"tag-insolite","19":"tag-musique","20":"tag-news","21":"tag-republique-francaise","22":"tag-strasbourg","23":"tag-strasbourg-ville"},"share_on_mastodon":{"url":"https:\/\/pubeurope.com\/@fr\/115539251295645099","error":""},"_links":{"self":[{"href":"https:\/\/www.europesays.com\/fr\/wp-json\/wp\/v2\/posts\/530019","targetHints":{"allow":["GET"]}}],"collection":[{"href":"https:\/\/www.europesays.com\/fr\/wp-json\/wp\/v2\/posts"}],"about":[{"href":"https:\/\/www.europesays.com\/fr\/wp-json\/wp\/v2\/types\/post"}],"author":[{"embeddable":true,"href":"https:\/\/www.europesays.com\/fr\/wp-json\/wp\/v2\/users\/2"}],"replies":[{"embeddable":true,"href":"https:\/\/www.europesays.com\/fr\/wp-json\/wp\/v2\/comments?post=530019"}],"version-history":[{"count":0,"href":"https:\/\/www.europesays.com\/fr\/wp-json\/wp\/v2\/posts\/530019\/revisions"}],"wp:featuredmedia":[{"embeddable":true,"href":"https:\/\/www.europesays.com\/fr\/wp-json\/wp\/v2\/media\/530020"}],"wp:attachment":[{"href":"https:\/\/www.europesays.com\/fr\/wp-json\/wp\/v2\/media?parent=530019"}],"wp:term":[{"taxonomy":"category","embeddable":true,"href":"https:\/\/www.europesays.com\/fr\/wp-json\/wp\/v2\/categories?post=530019"},{"taxonomy":"post_tag","embeddable":true,"href":"https:\/\/www.europesays.com\/fr\/wp-json\/wp\/v2\/tags?post=530019"}],"curies":[{"name":"wp","href":"https:\/\/api.w.org\/{rel}","templated":true}]}}