{"id":530027,"date":"2025-11-12T23:13:14","date_gmt":"2025-11-12T23:13:14","guid":{"rendered":"https:\/\/www.europesays.com\/fr\/530027\/"},"modified":"2025-11-12T23:13:14","modified_gmt":"2025-11-12T23:13:14","slug":"cest-desolant-de-voir-ca-des-habitants-exasperes-apres-des-degradations-dans","status":"publish","type":"post","link":"https:\/\/www.europesays.com\/fr\/530027\/","title":{"rendered":"\u00ab\u00a0C\u2019est d\u00e9solant de voir \u00e7a\u00a0\u00bb\u00a0: des habitants exasp\u00e9r\u00e9s apr\u00e8s des d\u00e9gradations dans"},"content":{"rendered":"<p>\u00a0Bon courage aux services techniques\u00a0\u00a0: C\u2019est la surprise et la col\u00e8re ce mercredi 12\u00a0novembre 2025 apr\u00e8s la d\u00e9couverte des d\u00e9gradations \u00e0 <a href=\"https:\/\/faydebretagne.fr\/accueil\" target=\"_self\" rel=\"noopener\">Fay-de-Bretagne<\/a>.<\/p>\n<p>\t<img decoding=\"async\" src=\"https:\/\/www.europesays.com\/fr\/wp-content\/uploads\/2025\/11\/P35577268D7061031G_px_640_.jpg\" alt=\"photo des vitres de cars cass\u00e9es.  \u00a9  photo cp\" width=\"640\" title=\" Des vitres de cars cass\u00e9es.   Photo CP \"\/><\/p>\n<p class=\"elmt-legende\"> Des vitres de cars cass\u00e9es.   Photo CP <\/p>\n<p>De nombreuses vitres des abris pour attendre le car ont \u00e9t\u00e9 cass\u00e9es en mille morceaux, des voitures ont \u00e9t\u00e9 ray\u00e9es. Une situation qui exasp\u00e8re les habitants sur les r\u00e9seaux sociaux\u00a0: \u00a0lls ont fait absolument tous les arr\u00eats des cars\u00a0\u00bb, se d\u00e9sole, sur facebook, Charl\u00e8ne, une habitante.<\/p>\n<p>\t<img decoding=\"async\" src=\"https:\/\/www.europesays.com\/fr\/wp-content\/uploads\/2025\/11\/P35577269D7061031G_px_640_.jpg\" alt=\"photo les abris de cars ont \u00e9t\u00e9 endommag\u00e9s.  \u00a9  photos jb\" width=\"640\" title=\" Les abris de cars ont \u00e9t\u00e9 endommag\u00e9s.   Photos JB \"\/><\/p>\n<p class=\"elmt-legende\"> Les abris de cars ont \u00e9t\u00e9 endommag\u00e9s.   Photos JB <\/p>\n<p>\u00ab\u00a0Merci pour les enfants\u00a0\u00bb<\/p>\n<p>\u00a0Merci pour les enfants \u00e0 7\u00a0h du matin qui d\u00e9couvrent leur arr\u00eat de car en miettes\u2026.\u00bb, indique Marie.<br \/> En plus des aubettes, des vitres de car ont aussi \u00e9t\u00e9 cass\u00e9es sur le parking pr\u00e8s des \u00e9coles. <\/p>\n<p>\u00a0Plus les bourgs s\u2019agrandissent et plus il y a des probl\u00e8mes\u2026\u00a0\u00bb, s\u2019exprime Sandrine. \u00a0C\u2019est d\u00e9solant de voir \u00e7a\u00a0, ajoute une autre internaute.<\/p>\n<p>Les agents techniques (voirie, espaces verts, b\u00e2timent) ont pass\u00e9 une journ\u00e9e \u00e0 nettoyer les 8 aubettes de bus cass\u00e9es dans toutes la commune, indique Julie, les jeunes ont de tr\u00e8s nombreuses occupation &#8211; foot skate-park et pumtrack flambant neuf -. C\u2019est lamentable de casser. Tout \u00e7a, c\u2019est pour eux \u00bb.<\/p>\n<p>Des r\u00e9parations n\u00e9cessaires<\/p>\n<p>Les services comp\u00e9tents sont sur le pont et les auteurs recherch\u00e9s.<\/p>\n<p>\u00a0<\/p>\n","protected":false},"excerpt":{"rendered":"\u00a0Bon courage aux services techniques\u00a0\u00a0: C\u2019est la surprise et la col\u00e8re ce mercredi 12\u00a0novembre 2025 apr\u00e8s la d\u00e9couverte&hellip;\n","protected":false},"author":2,"featured_media":530028,"comment_status":"","ping_status":"","sticky":false,"template":"","format":"standard","meta":{"footnotes":""},"categories":[2818],"tags":[1111,11,7052,7229,64903,1777,674,9221,1011,27,4021,3047,766,12,2636,25,3840],"class_list":{"0":"post-530027","1":"post","2":"type-post","3":"status-publish","4":"format-standard","5":"has-post-thumbnail","7":"category-nantes","8":"tag-actu","9":"tag-actualites","10":"tag-commune","11":"tag-degradations","12":"tag-desolant","13":"tag-eu","14":"tag-europe","15":"tag-exasperes","16":"tag-fr","17":"tag-france","18":"tag-habitants","19":"tag-loire-atlantique","20":"tag-nantes","21":"tag-news","22":"tag-pays-de-la-loire","23":"tag-republique-francaise","24":"tag-voir"},"share_on_mastodon":{"url":"https:\/\/pubeurope.com\/@fr\/115539268391394493","error":""},"_links":{"self":[{"href":"https:\/\/www.europesays.com\/fr\/wp-json\/wp\/v2\/posts\/530027","targetHints":{"allow":["GET"]}}],"collection":[{"href":"https:\/\/www.europesays.com\/fr\/wp-json\/wp\/v2\/posts"}],"about":[{"href":"https:\/\/www.europesays.com\/fr\/wp-json\/wp\/v2\/types\/post"}],"author":[{"embeddable":true,"href":"https:\/\/www.europesays.com\/fr\/wp-json\/wp\/v2\/users\/2"}],"replies":[{"embeddable":true,"href":"https:\/\/www.europesays.com\/fr\/wp-json\/wp\/v2\/comments?post=530027"}],"version-history":[{"count":0,"href":"https:\/\/www.europesays.com\/fr\/wp-json\/wp\/v2\/posts\/530027\/revisions"}],"wp:featuredmedia":[{"embeddable":true,"href":"https:\/\/www.europesays.com\/fr\/wp-json\/wp\/v2\/media\/530028"}],"wp:attachment":[{"href":"https:\/\/www.europesays.com\/fr\/wp-json\/wp\/v2\/media?parent=530027"}],"wp:term":[{"taxonomy":"category","embeddable":true,"href":"https:\/\/www.europesays.com\/fr\/wp-json\/wp\/v2\/categories?post=530027"},{"taxonomy":"post_tag","embeddable":true,"href":"https:\/\/www.europesays.com\/fr\/wp-json\/wp\/v2\/tags?post=530027"}],"curies":[{"name":"wp","href":"https:\/\/api.w.org\/{rel}","templated":true}]}}