{"id":530035,"date":"2025-11-12T23:17:24","date_gmt":"2025-11-12T23:17:24","guid":{"rendered":"https:\/\/www.europesays.com\/fr\/530035\/"},"modified":"2025-11-12T23:17:24","modified_gmt":"2025-11-12T23:17:24","slug":"sortir-a-toulouse-record-du-monde-tournee-des-bars-cirque-voici-10-idees-pour-ce-week-end","status":"publish","type":"post","link":"https:\/\/www.europesays.com\/fr\/530035\/","title":{"rendered":"Sortir \u00e0 Toulouse. Record du monde, tourn\u00e9e des bars, cirque\u2026 Voici 10 id\u00e9es pour ce week-end\u00a0!"},"content":{"rendered":"<p>                    Par<br \/>\n        <strong><br \/>\n            <a href=\"https:\/\/actu.fr\/auteur\/gabriel-kenedi\" title=\"Consulter tous les articles de Gabriel Kenedi\" target=\"_blank\" rel=\"noopener\">Gabriel Kenedi<\/a><br \/>\n                    <\/strong><\/p>\n<p>        Publi\u00e9 le<\/p>\n<p>            12 nov. 2025 \u00e0 18h54        <\/p>\n<p>Que faire <a href=\"https:\/\/actu.fr\/toulouse\/loisirs-culture\" target=\"_blank\" rel=\"noopener\">\u00e0 Toulouse<\/a>, ce week-end ?\u00a0 Ne vous inqui\u00e9tez pas, il y a de quoi faire ! Aligofest, Toulouse Nouvelle Mode, expo, spectacles\u2026 La r\u00e9daction d\u2019Actu Toulouse a s\u00e9lectionn\u00e9 <strong>dix id\u00e9es riches et vari\u00e9es<\/strong> \u00e0 faire du jeudi 13 au dimanche 16 novembre 2025. Suivez le guide !\u00a0<\/p>\n<p>#1. L\u2019Aligofest, objectif record du monde !\u00a0<br \/>\n    <img   decoding=\"async\" loading=\"lazy\" src=\"https:\/\/www.europesays.com\/fr\/wp-content\/uploads\/2025\/11\/aligofest-toulouse-960x640.png\" alt=\"L'aligofest d\u00e9barque pour la premi\u00e8re fois \u00e0 Toulouse. Un banquet g\u00e9ant d'aligot-saucisse qui va durer tros jours ! \" width=\"960\" height=\"640\"\/><br \/>\n    L\u2019aligofest d\u00e9barque pour la premi\u00e8re fois \u00e0 Toulouse. Un banquet g\u00e9ant d\u2019aligot-saucisse qui va durer tros jours ! (\u00a9DR)<\/p>\n<p class=\" wall-content\">C\u2019est LE nouveau rendez-vous des Toulousains amateurs de convivialit\u00e9, de bonne humeur et de plaisirs simples ! Au menu : <strong>Aligot<\/strong>\u2013<strong>Saucisse \u00e0 volont\u00e9<\/strong>, musique, sport, jeux et ambiance du Sud-Ouest ! Pour cette premi\u00e8re \u00e9dition, le festival s\u2019associe au Toulouse Olympique XIII pour un d\u00e9fi totalement in\u00e9dit : \u00e9tablir le record du monde de consommation d\u2019Aligot-Saucisse sur un week-end ! L\u2019ambiance s\u2019annonce aussi chaude que l\u2019aligot. Bon \u00e0 savoir : face \u00e0 l\u2019affluence, l\u2019\u00e9v\u00e9nement culinaire initialement pr\u00e9vu au stade Arnaun\u00e9 d\u00e9m\u00e9nage au MIN.<\/p>\n<p>Les 14 et 15 novembre, au MIN. Infos et tarifs sur le site de <a href=\"http:\/\/www.aligofest.fr\" target=\"_blank\" rel=\"noopener\">l\u2019Aligofest<\/a>.#2. Toulouse Nouvelle Mode<br \/>\n    <img   decoding=\"async\" loading=\"lazy\" src=\"https:\/\/www.europesays.com\/fr\/wp-content\/uploads\/2025\/11\/halles-cartoucherie-toulouse-credit-gabriel-kenedi-960x640-1-960x640.jpg\" alt=\"La Nuit des Chercheurs devait avoir lieu aux Halles de la Cartoucherie vendredi 3 octobre. C'est annul\u00e9 annoncent les organisateurs. \" width=\"960\" height=\"640\"\/><br \/>\n    Les Halles de la Cartoucherie accueillent la manifestation Toulouse Nouvelle Mode. (\u00a9Illustration\/Gabriel Kenedi\/Actu Toulouse)<\/p>\n<p class=\" wall-content\">Les 14 et 15 novembre prochains, Toulouse\u00a0accueillera la deuxi\u00e8me \u00e9dition de\u00a0<strong>Toulouse\u00a0Nouvelle\u00a0Mode<\/strong>, un \u00e9v\u00e9nement incontournable pour tous ceux qui s\u2019int\u00e9ressent \u00e0 la mode\u00a0responsable, au r\u00e9emploi textile et \u00e0 l\u2019\u00e9conomie circulaire. Organis\u00e9 par RECYCL\u2019Occ, en partenariat avec la Mairie de Toulouse, la R\u00e9gion Occitanie et l\u2019ADEME, ce rendez-vous investit les Halles de la Cartoucherie durant deux jours. La journ\u00e9e grand public aura lieu le 15 novembre, avec un march\u00e9 de cr\u00e9ateurs, des ateliers participatifs et un d\u00e9fil\u00e9 engag\u00e9 imagin\u00e9 avec les \u00e9tudiants d\u2019Esimode.<\/p>\n<p>Journ\u00e9e grand public le 15 novembre, de 10 heures \u00e0 19 heures, aux Halles de la Cartoucherie. Plus d\u2019infos sur le site de <a href=\"https:\/\/www.toulousenouvellemode.fr\/\" target=\"_blank\" rel=\"noopener\">Toulouse Nouvelle Mode<\/a>.\u00a0<\/p>\n<p>Votre r\u00e9gion, votre actu !<\/p>\n<p>Recevez chaque jour les infos qui comptent pour vous.<\/p>\n<p>\t<a href=\"https:\/\/actu.fr\/newsletter\" class=\"ac-btn ac-btn--corner ac-btn--medium ac-btn--blue800\" target=\"_blank\" rel=\"noopener\">S&rsquo;incrire<\/a><br \/>\n#3. Les 111 Arts<\/p>\n<p class=\" wall-content\">Venez d\u00e9couvrir une exposition d\u2019\u0153uvres originales de<strong> 111 artistes<\/strong> aux talents divers et vari\u00e9s qui r\u00e9alisent en amont ou en direct des tableaux. Cet \u00e9v\u00e9nement caritatif unique rassemble chaque ann\u00e9e artistes, amateurs d\u2019art et m\u00e9c\u00e8nes autour d\u2019un objectif commun : soutenir l\u2019H\u00f4pital des enfants de Toulouse.<\/p>\n<p>Chapelle de l\u2019H\u00f4tel Dieu. Entr\u00e9e libre, jusqu\u2019au 16 novembre. Infos <a href=\"https:\/\/les111desartstoulouse.com\/\" target=\"_blank\" rel=\"noopener\">sur le site des 111 Arts<\/a>.#4. Africlap<\/p>\n<p class=\" wall-content\"><strong>Africlap<\/strong> propose dans divers lieux (Path\u00e9 Wilson, Le Crat\u00e8re, Auditorium de l\u2019Espace des Diversit\u00e9s, La Fabrique de l\u2019universit\u00e9 Jean Jaur\u00e8s) une large s\u00e9lection de films venus d\u2019Afrique et sa diaspora, parmi lesquels des in\u00e9dits. En plus des projections, des rencontres, des ateliers et conf\u00e9rences avec pour focus les cin\u00e9mas des pays d\u2019Afrique centrale (Cameroun, Gabon, Congo RDC, Guin\u00e9e \u00e9quatoriale\u2026).<\/p>\n<p>Plus d\u2019infos <a href=\"http:\/\/www.africlap.fr\" target=\"_blank\" rel=\"noopener\">sur le site Internet d\u2019Africlap<\/a>.\u00a0#5. La Nuit du Cirque\u00a0<br \/>\n    <img   decoding=\"async\" loading=\"lazy\" src=\"https:\/\/www.europesays.com\/fr\/wp-content\/uploads\/2025\/11\/cirque-le-lido-toulouse-960x640.jpg\" alt=\"Le large chapiteau du Lido s\u2019appr\u00eate \u00e0 accueillir tous les amoureux du cirque. \u00a9 DR\" width=\"960\" height=\"640\"\/><br \/>\n    Le large chapiteau du Lido s\u2019appr\u00eate \u00e0 accueillir tous les amoureux du cirque. \u00a9 DR<\/p>\n<p class=\" wall-content\">Pour cette \u00e9dition de<strong> La Nuit du Cirque<\/strong>, rendez-vous sous le chapiteau des Argoulets avec un plateau partag\u00e9 o\u00f9 se croisent les univers des artistes des \u00e9coles amateure et professionnelle. Une soir\u00e9e unique (et gratuite !) pour d\u00e9couvrir ce que le Lido peut cr\u00e9er de plus dr\u00f4le, touchant, fou, beau.<\/p>\n<p>Au Lido (m\u00e9tro Argoulets). Le 15 novembre, \u00e0 20 h. Gratuit. Infos : <a href=\"https:\/\/lanuitducirque.com\/\" target=\"_blank\" rel=\"noopener\">https:\/\/lanuitducirque.com\/<\/a>#6. Le Livre de K<br \/>\n    <img   decoding=\"async\" loading=\"lazy\" src=\"https:\/\/www.europesays.com\/fr\/wp-content\/uploads\/2025\/11\/theatre-de-la-cite-960x640.jpg\" alt=\"Les th\u00e9\u00e2tres reprennent peu \u00e0 peu vie mais la v\u00e9ritable reprise est esp\u00e9r\u00e9e pour l'automne 2020, \u00e0 Toulouse. \" width=\"960\" height=\"640\"\/><br \/>\n    Le Livre de K est \u00e0 voir au Th\u00e9\u00e2tre de la Cit\u00e9. (\u00a9Th\u00e9\u00e2tre de la Cit\u00e9)<\/p>\n<p class=\" wall-content\">Bienvenue dans <strong>Le Livre de K<\/strong>, un conte puissant et po\u00e9tique qui parle de r\u00e9sistance, de choix, et de libert\u00e9. Imaginez un pays recouvert de neige, domin\u00e9 par un immense ch\u00e2teau, froid et mena\u00e7ant. L\u00e0-haut, un tyran r\u00e8gne sans partage. En bas, dans la ville gel\u00e9e, une famille essaie simplement de vivre. Le Livre de K n\u2019est pas qu\u2019un simple r\u00e9cit. C\u2019est un conte po\u00e9tique et politique.\u00a0<\/p>\n<p>Jusqu\u2019au 19 novembre, au<a href=\"https:\/\/theatre-cite.com\" target=\"_blank\" rel=\"noopener\"> Th\u00e9\u00e2tre de la Cit\u00e9<\/a>. Tarifs : 15 \u00e0 25\u20ac. Infos : https:\/\/theatre-cite.com#7. Styleto au Bikini<\/p>\n<p class=\" wall-content\">Apr\u00e8s une premi\u00e8re tourn\u00e9e compl\u00e8te boucl\u00e9e par un Olympia sold-out, <strong>Styleto<\/strong> (qui a conquis plus de 2M de fans sur les r\u00e9seaux sociaux), poursuit son aventure sur sc\u00e8ne en 2025. Une tourn\u00e9e qui passe par le Bikini. Avec sa voix singuli\u00e8re et ses titres aussi solaires qu\u2019intimes, Styleto continue d\u2019imposer pas \u00e0 pas son identit\u00e9 musicale avec des ballades \u00e9l\u00e9gantes ancr\u00e9es dans la chanson fran\u00e7aise, alli\u00e9es \u00e0 une pop tant \u00e9nergique que m\u00e9lancolique.<\/p>\n<p>Dimanche 16 novembre, au <a href=\"https:\/\/lebikini.com\/2025\/11\/16\/styleto\" target=\"_blank\" rel=\"noopener\">Bikini<\/a>, \u00e0 partir de 19h30.\u00a0#8. Festival Supernova\u00a0<\/p>\n<p class=\" wall-content\">La nouvelle \u00e9dition de <strong>SUPERNOVA<\/strong> se tient \u00e0 Toulouse du 12 au 28 novembre. N\u00e9 sous l\u2019impulsion de S\u00e9bastien Bournac, cet incontournable de l\u2019automne toulousain fait chaque ann\u00e9e battre le c\u0153ur des spectateurs en leur proposant des \u0153uvres originales et surprenantes.\u00a0<\/p>\n<p class=\" wall-content\"><strong>Plus d\u2019infos ici :\u00a0<\/strong><\/p>\n<p>#9. Le Grand Barathon<br \/>\n    <img   decoding=\"async\" loading=\"lazy\" src=\"https:\/\/www.europesays.com\/fr\/wp-content\/uploads\/2025\/11\/grand-barathon-toulouse-960x640.jpg\" alt=\"5000 participants sont attendus pour ce grand Barathon de Toulouse.\" width=\"960\" height=\"640\"\/><br \/>\n    5000 participants sont attendus pour ce grand Barathon de Toulouse. (\u00a9Le Grand Barathon)<\/p>\n<p class=\" wall-content\">C\u2019est un rendez-vous tr\u00e8s pris\u00e9 des \u00e9tudiants. <strong>Le Grand Barathon de Toulouse<\/strong> revient pour un nouveau rendez-vous, du 13 au 15 novembre, avec pour th\u00e8me, les ann\u00e9es 2000. La tourn\u00e9e des bars s\u2019accompagnera donc des hits des ann\u00e9es 2000, diffus\u00e9s dans les bars d\u00e9cor\u00e9s en ce sens pour l\u2019occasion.\u00a0<\/p>\n<p>Journ\u00e9e du 8<\/p>\n<p class=\" wall-content\">Venez vibrer au rythme des 8 avec<strong> l\u2019Aviron Toulousain<\/strong> ! Ces impressionnants bateaux de 19 m\u00e8tres de long, chacun compos\u00e9 de huit rameurs et d\u2019un barreur, s\u2019affrontent sur la Garonne, au niveau du pont de La Croix-de-Pierre. Les courses promettent des duels intenses et spectaculaires. L\u2019\u00e9v\u00e9nement est accessible depuis les berges du fleuve. Venez les encourager !<\/p>\n<p><a href=\"https:\/\/aviron-toulousain.assoconnect.com\/page\/3574823-journee-du-8#:~:text=Journ%C3%A9e%20du%208%20%7C%20Aviron%20Toulousain&amp;text=20%20octobre%202025%20%C3%A0%2012h,inscriptions%20sur%20l&#039;intranet%20f%C3%A9d%C3%A9ral.&amp;text=%F0%9F%8D%BD%EF%B8%8FR%C3%A9servation%20du%20panier%20repas%20(pour%20tous%20!)\" target=\"_blank\" rel=\"noopener\">Journ\u00e9e du 8<\/a>, sur les bords de Garonne. De 10h \u00e0 16h, dimanche 16 novembre. Gratuit.<\/p>\n<p class=\" wall-content\">Personnalisez votre actualit\u00e9 en ajoutant vos villes et m\u00e9dias en favori avec <a href=\"https:\/\/moncompte.actu.fr\" title=\"D\u00e9couvez Mon Actu\" rel=\"nofollow noopener\" data-trk=\"{&quot;cta&quot;:{&quot;action&quot;:&quot;https:\\\/\\\/moncompte.actu.fr&quot;,&quot;category&quot;:&quot;mon compte&quot;,&quot;from&quot;:&quot;article footer&quot;,&quot;name&quot;:&quot;Mon actu&quot;,&quot;type&quot;:&quot;cta&quot;}}\" target=\"_blank\">Mon Actu<\/a>.<\/p>\n","protected":false},"excerpt":{"rendered":"Par Gabriel Kenedi Publi\u00e9 le 12 nov. 2025 \u00e0 18h54 Que faire \u00e0 Toulouse, ce week-end ?\u00a0 Ne&hellip;\n","protected":false},"author":2,"featured_media":530036,"comment_status":"","ping_status":"","sticky":false,"template":"","format":"standard","meta":{"footnotes":""},"categories":[2816],"tags":[1111,11,1777,674,1011,27,12,2680,25,104,1341,2312],"class_list":{"0":"post-530035","1":"post","2":"type-post","3":"status-publish","4":"format-standard","5":"has-post-thumbnail","7":"category-toulouse","8":"tag-actu","9":"tag-actualites","10":"tag-eu","11":"tag-europe","12":"tag-fr","13":"tag-france","14":"tag-news","15":"tag-occitanie","16":"tag-republique-francaise","17":"tag-societe","18":"tag-sortir-a-toulouse","19":"tag-toulouse"},"share_on_mastodon":{"url":"https:\/\/pubeurope.com\/@fr\/115539284118062425","error":""},"_links":{"self":[{"href":"https:\/\/www.europesays.com\/fr\/wp-json\/wp\/v2\/posts\/530035","targetHints":{"allow":["GET"]}}],"collection":[{"href":"https:\/\/www.europesays.com\/fr\/wp-json\/wp\/v2\/posts"}],"about":[{"href":"https:\/\/www.europesays.com\/fr\/wp-json\/wp\/v2\/types\/post"}],"author":[{"embeddable":true,"href":"https:\/\/www.europesays.com\/fr\/wp-json\/wp\/v2\/users\/2"}],"replies":[{"embeddable":true,"href":"https:\/\/www.europesays.com\/fr\/wp-json\/wp\/v2\/comments?post=530035"}],"version-history":[{"count":0,"href":"https:\/\/www.europesays.com\/fr\/wp-json\/wp\/v2\/posts\/530035\/revisions"}],"wp:featuredmedia":[{"embeddable":true,"href":"https:\/\/www.europesays.com\/fr\/wp-json\/wp\/v2\/media\/530036"}],"wp:attachment":[{"href":"https:\/\/www.europesays.com\/fr\/wp-json\/wp\/v2\/media?parent=530035"}],"wp:term":[{"taxonomy":"category","embeddable":true,"href":"https:\/\/www.europesays.com\/fr\/wp-json\/wp\/v2\/categories?post=530035"},{"taxonomy":"post_tag","embeddable":true,"href":"https:\/\/www.europesays.com\/fr\/wp-json\/wp\/v2\/tags?post=530035"}],"curies":[{"name":"wp","href":"https:\/\/api.w.org\/{rel}","templated":true}]}}