{"id":530037,"date":"2025-11-12T23:18:13","date_gmt":"2025-11-12T23:18:13","guid":{"rendered":"https:\/\/www.europesays.com\/fr\/530037\/"},"modified":"2025-11-12T23:18:13","modified_gmt":"2025-11-12T23:18:13","slug":"strategie-spatiale-reseaux-sociaux-les-annonces-de-macron-a-toulouse","status":"publish","type":"post","link":"https:\/\/www.europesays.com\/fr\/530037\/","title":{"rendered":"Strat\u00e9gie spatiale, r\u00e9seaux sociaux\u2026 Les annonces de Macron \u00e0 Toulouse"},"content":{"rendered":"<p>      <img fetchpriority=\"high\" decoding=\"async\" class=\"mx-auto\" src=\"data:image\/svg+xml,%3Csvg%20xmlns%3D%27http%3A%2F%2Fwww.w3.org%2F2000%2Fsvg%27%20fill%3D%22%23e4e4e4%22%20viewBox%3D%270%200%20510%20340%27%20width%3D%22510%22%20height%3D%22340%22%3E%3Cpath%20d%3D%27M0%200h510v340H0z%27%2F%3E%3C%2Fsvg%3E\"  loading=\"eager\" width=\"510\" height=\"340\" data-oncrawl-image-size=\"510x340\" alt=\"Le pr\u00e9sident fran\u00e7ais Emmanuel Macron lors d\u2019un discours dans les locaux du Commandement militaire de l\u2019Espace, \u00e0 Toulouse, le 12\u00a0novembre 2025.\"\/>      <\/p>\n<p class=\"latino-100m text-grey-600\">\n            Le pr\u00e9sident fran\u00e7ais Emmanuel Macron lors d\u2019un discours dans les locaux du Commandement militaire de l\u2019Espace, \u00e0 Toulouse, le 12\u00a0novembre 2025.\u00a0GUILLAUME HORCAJUELO \/ AFP        <\/p>\n<p>        Lire\u00a0plus\u00a0tard      <\/p>\n<p><a aria-label=\"Nous suivre sur Google News\" href=\"https:\/\/news.google.com\/publications\/CAAqBwgKMJe4nQkw3dFs?hl=fr&amp;gl=FR&amp;ceid=FR%3Afr\" target=\"_blank\" data-piano=\"Page_Article,Sous_date_publi,Nous_suivre_sur_google_news,1er_clic,action\" class=\"btn btn--small btn--tertiary btn--icon-only\" rel=\"noopener\"><\/p>\n<p>      Google Actualit\u00e9s<br \/>\n  <\/a><\/p>\n<p>  Partager<\/p>\n<p>        Facebook<\/p>\n<p>        Bluesky<\/p>\n<p>        E-mail<\/p>\n<p>        Copier le lien<\/p>\n<p>      Envoyer<\/p>\n<p>      S\u2019abonner    <\/p>\n<p class=\"node__paragraphe antonia-750r text-grey-800 pb-24 pb-md-32\">\nLe pr\u00e9sident Emmanuel Macron a achev\u00e9 ce mercredi 12\u00a0novembre un d\u00e9placement \u00e0 Toulouse par la pr\u00e9sentation de la strat\u00e9gie fran\u00e7aise pour un espace \u00ab\u00a0devenu un champ de bataille\u00a0\u00bb, dernier chapitre d\u2019une visite charg\u00e9e o\u00f9 il a lanc\u00e9 un cycle de d\u00e9bats sur les r\u00e9seaux sociaux et tent\u00e9 d\u2019apaiser les agriculteurs.<\/p>\n<p>\u2022 4,2\u00a0milliards d\u2019euros au spatial militaire d\u2019ici 2030<\/p>\n<p class=\"node__paragraphe antonia-750r text-grey-800 pb-24 pb-md-32\">\n\u00ab\u00a0L\u2019espace n\u2019est plus un sanctuaire, c\u2019est devenu un champ de bataille\u00a0\u00bb, a soulign\u00e9 le chef de l\u2019Etat, dans les nouveaux locaux du Commandement militaire de l\u2019Espace install\u00e9 depuis l\u2019\u00e9t\u00e9 dernier \u00e0 Toulouse. Persuad\u00e9 que \u00ab\u00a0la guerre d\u2019aujourd\u2019hui se joue d\u00e9j\u00e0 dans l\u2019espace\u00a0\u00bb et que \u00ab\u00a0la guerre de demain commencera dans l\u2019espace\u00a0\u00bb, Emmanuel Macron a insist\u00e9 sur la n\u00e9cessit\u00e9 pour la France et l\u2019Europe de d\u00e9fendre avec force leurs positions dans ce secteur.<\/p>\n<p class=\"latino-500b text-grey-600 pb-16\">A lire aussi<\/p>\n<p><a href=\"https:\/\/www.nouvelobs.com\/politique\/20251029.OBS109261\/j-ai-besoin-de-vous-a-l-elysee-macron-sonne-l-alarme-contre-les-reseaux-sociaux.html\" data-article-key=\"20251029.OBS109261\" class=\"link--box flex-grow-1\" data-piano=\"Page_Article,Lire_aussi,,Lien1,navigation\" target=\"_blank\" rel=\"noopener\"><\/p>\n<p>                <img decoding=\"async\" src=\"data:image\/svg+xml,%3Csvg%20xmlns%3D%27http%3A%2F%2Fwww.w3.org%2F2000%2Fsvg%27%20fill%3D%22%23e4e4e4%22%20viewBox%3D%270%200%20120%2080%27%20width%3D%22120%22%20height%3D%2280%22%3E%3Cpath%20d%3D%27M0%200h120v80H0z%27%2F%3E%3C%2Fsvg%3E\"  width=\"120\" height=\"79\" loading=\"lazy\" alt=\"Emmanuel Macron, le 23\u00a0octobre 2025. \"\/><\/p>\n<p class=\"latino-300r latino-lg-600m text-grey-800\">\n                      <strong class=\"latino-300b latino-lg-600m text-grey-500\">R\u00e9cit\u00a0<\/strong><br \/>\n                    \u00ab\u00a0J\u2019ai besoin de vous\u00a0\u00bb\u00a0: \u00e0 l\u2019Elys\u00e9e, Macron sonne l\u2019alarme contre les r\u00e9seaux sociaux        <\/p>\n<p><\/a><\/p>\n<p class=\"node__paragraphe antonia-750r text-grey-800 pb-24 pb-md-32\">\nA cet \u00e9gard, le pr\u00e9sident a annonc\u00e9 une rallonge de 4,2\u00a0milliards d\u2019euros suppl\u00e9mentaires au spatial militaire d\u2019ici 2030 dans le cadre de l\u2019actualisation de la <a href=\"https:\/\/www.nouvelobs.com\/politique\/20230713.OBS75714\/le-parlement-adopte-definitivement-la-loi-de-programmation-militaire-2024-2030.html\" target=\"_blank\" rel=\"noopener\">loi de programmation militaire<\/a>.<\/p>\n<p>\u2022 Esquisse de la strat\u00e9gie spatiale<\/p>\n<p class=\"node__paragraphe antonia-750r text-grey-800 pb-24 pb-md-32\">\nDans une Europe spatiale \u00ab\u00a0fragile\u00a0\u00bb, il a aussi estim\u00e9 qu\u2019il fallait \u00ab\u00a0pousser nos champions europ\u00e9ens pour qu\u2019ils soient comp\u00e9titifs sur le march\u00e9 mondial\u00a0\u00bb. Parmi les priorit\u00e9s affich\u00e9es pour la strat\u00e9gie spatiale fran\u00e7aise, Emmanuel Macron a \u00e9voqu\u00e9 son souhait de \u00ab\u00a0d\u00e9velopper les futurs lanceurs autour de la r\u00e9utilisation, la propulsion \u00e0 bas co\u00fbt, la motorisation \u00e0 forte pouss\u00e9e qui sont les \u00e9l\u00e9ments de rupture et d\u2019avanc\u00e9e technologique que nous avons identifi\u00e9s\u00a0\u00bb.<\/p>\n<p class=\"node__paragraphe antonia-750r text-grey-800 pb-24 pb-md-32\">\nEmmanuel Macron a martel\u00e9\u00a0: \u00ab\u00a0d\u00e9pendre d\u2019une grande puissance tierce ou d\u2019un quelconque magnat du spatial c\u2019est hors de question\u00a0\u00bb, ajoutant\u00a0: \u00ab\u00a0suivez mon regard\u00a0\u00bb, dans une claire allusion \u00e0 Elon Musk. Il faut \u00ab\u00a0faire monter en cadence l\u2019exploitation d\u2019Ariane 6 dont la comp\u00e9titivit\u00e9 doit \u00eatre am\u00e9lior\u00e9e\u00a0\u00bb, a par ailleurs soulign\u00e9 Emmanuel Macron qui souhaite \u00ab\u00a0moderniser la base de Kourou pour en faire un lieu agile, ouvert aux petits lanceurs et aux partenaires \u00e9trangers\u00a0\u00bb.<\/p>\n<p>\u2022 Entretien avec les agriculteurs<\/p>\n<p class=\"node__paragraphe antonia-750r text-grey-800 pb-24 pb-md-32\">\nAuparavant, le chef de l\u2019Etat a dit clairement \u00e0 une d\u00e9l\u00e9gation d\u2019agriculteurs que le projet d\u2019accord de libre-\u00e9change entre l\u2019UE et le <a href=\"https:\/\/www.nouvelobs.com\/politique\/20251107.OBS109546\/accord-ue-mercosur-macron-pret-a-accepter-le-traite-avant-de-reculer-face-a-l-indignation-agricole-et-politique.html\" target=\"_blank\" rel=\"noopener\">Mercosur<\/a> \u00ab\u00a0tel qu\u2019il existe aujourd\u2019hui, recueillera un non tr\u00e8s ferme de la France\u00a0\u00bb en l\u2019absence de clauses de sauvegarde, de \u00ab\u00a0mesures miroirs\u00a0\u00bb ou encore de \u00ab\u00a0contr\u00f4les aux fronti\u00e8res\u00a0\u00bb, a rapport\u00e9 la ministre de l\u2019Agriculture Annie Genevard, \u00e0 la fin de l\u2019entretien auquel elle a \u00e9galement particip\u00e9.<\/p>\n<p class=\"latino-500b text-grey-600 pb-16\">A lire aussi<\/p>\n<p><a href=\"https:\/\/www.nouvelobs.com\/politique\/20251101.OBS109328\/manuel-valls-le-probleme-aujourd-hui-c-est-emmanuel-macron.html\" data-article-key=\"20251101.OBS109328\" class=\"link--box flex-grow-1\" data-piano=\"Page_Article,Lire_aussi,,Lien2,navigation\" target=\"_blank\" rel=\"noopener\"><\/p>\n<p>                <img decoding=\"async\" src=\"data:image\/svg+xml,%3Csvg%20xmlns%3D%27http%3A%2F%2Fwww.w3.org%2F2000%2Fsvg%27%20fill%3D%22%23e4e4e4%22%20viewBox%3D%270%200%20120%2080%27%20width%3D%22120%22%20height%3D%2280%22%3E%3Cpath%20d%3D%27M0%200h120v80H0z%27%2F%3E%3C%2Fsvg%3E\"  width=\"120\" height=\"80\" loading=\"lazy\" alt=\"Emmanuel Macron et Manuel Valls, alors ministre des Outre-mer, lors de la conclusion du sommet pour l'avenir de la Nouvelle-Cal\u00e9donie, \u00e0 l\u2019Elysee, le 12\u00a0juillet 2025.\"\/><\/p>\n<p class=\"latino-300r latino-lg-600m text-grey-800\">\n                      <strong class=\"latino-300b latino-lg-600m text-grey-500\">Entretien\u00a0<\/strong><br \/>\n                    Manuel Valls\u00a0: \u00ab\u00a0Le probl\u00e8me aujourd\u2019hui, c\u2019est Emmanuel Macron\u00a0\u00bb        <\/p>\n<p><\/a><\/p>\n<p class=\"node__paragraphe antonia-750r text-grey-800 pb-24 pb-md-32\">\nLes agriculteurs mobilis\u00e9s ont accueilli de mani\u00e8re relativement positive la clarification des exigences de la France sur le projet d\u2019accord, tout en restant tr\u00e8s critiques sur son contenu. D\u2019autres mesures, sur une diminution de la taxation sur les importations d\u2019engrais par exemple ou sur les questions sp\u00e9cifiquement r\u00e9gionales li\u00e9es \u00e0 l\u2019impact du r\u00e9chauffement climatique en Occitanie, ont \u00e9t\u00e9 salu\u00e9es par la FNSEA qui avec les Jeunes Agriculteurs avait appel\u00e9 \u00e0 manifester.<\/p>\n<p>\u2022 Vers un \u00ab\u00a0\u00e2ge de majorit\u00e9 num\u00e9rique\u00a0\u00bb<\/p>\n<p class=\"node__paragraphe antonia-750r text-grey-800 pb-24 pb-md-32\">\nLe d\u00e9placement toulousain du pr\u00e9sident a d\u2019abord \u00e9t\u00e9 d\u00e9di\u00e9 au lancement d\u2019un cycle de d\u00e9bats citoyens avec la presse quotidienne r\u00e9gionale, Emmanuel Macron affirmant vouloir \u00ab\u00a0sonner le tocsin\u00a0\u00bb sur le risque que font peser les r\u00e9seaux sociaux sur la d\u00e9mocratie fran\u00e7aise. \u00ab\u00a0Il n\u2019y a pas de libert\u00e9 sans responsabilit\u00e9\u00a0\u00bb, a-t-il martel\u00e9, n\u2019h\u00e9sitant pas \u00e0 comparer les r\u00e9seaux sociaux au \u00ab\u00a0far west\u00a0\u00bb devant 300 personnes r\u00e9unies au si\u00e8ge du quotidien r\u00e9gional \u00ab\u00a0La D\u00e9p\u00eache du Midi\u00a0\u00bb.<\/p>\n<p class=\"node__paragraphe antonia-750r text-grey-800 pb-24 pb-md-32\">\nLe pr\u00e9sident Macron, en retrait sur la sc\u00e8ne politique int\u00e9rieure depuis la dissolution rat\u00e9e de 2024, entend faire des <a href=\"https:\/\/www.nouvelobs.com\/societe\/20240430.OBS87764\/ecrans-et-enfants-ce-que-preconise-un-rapport-d-experts.html\" target=\"_blank\" rel=\"noopener\">effets n\u00e9fastes des \u00e9crans et des r\u00e9seaux sociaux<\/a> son nouveau cheval de bataille dans la derni\u00e8re ligne droite du quinquennat. \u00ab\u00a0L\u2019objectif, c\u2019est d\u2019aller vers des d\u00e9cisions concr\u00e8tes au d\u00e9but de l\u2019ann\u00e9e 2026\u00a0\u00bb, a-t-il soulign\u00e9, pr\u00f4nant notamment un \u00ab\u00a0\u00e2ge de majorit\u00e9 num\u00e9rique\u00a0\u00bb, vers 15\u00a0ans en France.<\/p>\n<p class=\"node__paragraphe antonia-750r text-grey-800 pb-24 pb-md-32\">\nA la mani\u00e8re des d\u00e9bats de l\u2019\u00e9poque des gilets jaunes, le chef de l\u2019Etat, au centre d\u2019un cercle de six rang\u00e9es de si\u00e8ges, a m\u00eame admis qu\u2019il n\u2019excluait pas de sortir de certains r\u00e9seaux, <a href=\"https:\/\/www.nouvelobs.com\/monde\/20250812.OBS106696\/x-censure-parfois-la-verite-grok-l-ia-d-elon-musk-denonce-sa-suspension-apres-avoir-parle-d-un-genocide-a-gaza.html\" target=\"_blank\" rel=\"noopener\">dont X<\/a>, mais pr\u00e9cis\u00e9 qu\u2019il ne le ferait pas \u00ab\u00a0demain matin\u00a0\u00bb car \u00ab\u00a0la priorit\u00e9 c\u2019est d\u2019abord de mener la bataille en interne\u00a0\u00bb.<\/p>\n<p class=\"node__paragraphe antonia-750r text-grey-800 pb-24 pb-md-32\">\nLe prochain d\u00e9bat citoyen similaire doit avoir lieu le 19\u00a0novembre, avec le quotidien \u00ab\u00a0La Voix du Nord\u00a0\u00bb.<\/p>\n<p class=\"authors latino-600m text-grey-800\">\n<p>  Par\u00a0<br \/>\nService Actu\u00a0(avec AFP)<\/p>\n","protected":false},"excerpt":{"rendered":"Le pr\u00e9sident fran\u00e7ais Emmanuel Macron lors d\u2019un discours dans les locaux du Commandement militaire de l\u2019Espace, \u00e0 Toulouse,&hellip;\n","protected":false},"author":2,"featured_media":530038,"comment_status":"","ping_status":"","sticky":false,"template":"","format":"standard","meta":{"footnotes":""},"categories":[2816],"tags":[17,1111,11,2063,1073,1777,674,1011,27,11514,12,2680,316,25,19436,2847,57612,5384,2312],"class_list":{"0":"post-530037","1":"post","2":"type-post","3":"status-publish","4":"format-standard","5":"has-post-thumbnail","7":"category-toulouse","8":"tag-17","9":"tag-actu","10":"tag-actualites","11":"tag-annonces","12":"tag-emmanuel-macron","13":"tag-eu","14":"tag-europe","15":"tag-fr","16":"tag-france","17":"tag-macron","18":"tag-news","19":"tag-occitanie","20":"tag-politique","21":"tag-republique-francaise","22":"tag-reseaux","23":"tag-sociaux","24":"tag-spatiale","25":"tag-strategie","26":"tag-toulouse"},"share_on_mastodon":{"url":"https:\/\/pubeurope.com\/@fr\/115539286798227046","error":""},"_links":{"self":[{"href":"https:\/\/www.europesays.com\/fr\/wp-json\/wp\/v2\/posts\/530037","targetHints":{"allow":["GET"]}}],"collection":[{"href":"https:\/\/www.europesays.com\/fr\/wp-json\/wp\/v2\/posts"}],"about":[{"href":"https:\/\/www.europesays.com\/fr\/wp-json\/wp\/v2\/types\/post"}],"author":[{"embeddable":true,"href":"https:\/\/www.europesays.com\/fr\/wp-json\/wp\/v2\/users\/2"}],"replies":[{"embeddable":true,"href":"https:\/\/www.europesays.com\/fr\/wp-json\/wp\/v2\/comments?post=530037"}],"version-history":[{"count":0,"href":"https:\/\/www.europesays.com\/fr\/wp-json\/wp\/v2\/posts\/530037\/revisions"}],"wp:featuredmedia":[{"embeddable":true,"href":"https:\/\/www.europesays.com\/fr\/wp-json\/wp\/v2\/media\/530038"}],"wp:attachment":[{"href":"https:\/\/www.europesays.com\/fr\/wp-json\/wp\/v2\/media?parent=530037"}],"wp:term":[{"taxonomy":"category","embeddable":true,"href":"https:\/\/www.europesays.com\/fr\/wp-json\/wp\/v2\/categories?post=530037"},{"taxonomy":"post_tag","embeddable":true,"href":"https:\/\/www.europesays.com\/fr\/wp-json\/wp\/v2\/tags?post=530037"}],"curies":[{"name":"wp","href":"https:\/\/api.w.org\/{rel}","templated":true}]}}