{"id":530041,"date":"2025-11-12T23:20:43","date_gmt":"2025-11-12T23:20:43","guid":{"rendered":"https:\/\/www.europesays.com\/fr\/530041\/"},"modified":"2025-11-12T23:20:43","modified_gmt":"2025-11-12T23:20:43","slug":"leurodepute-matthieu-valet-sera-tete-de-liste-du-rn-a-lille-2","status":"publish","type":"post","link":"https:\/\/www.europesays.com\/fr\/530041\/","title":{"rendered":"l&rsquo;eurod\u00e9put\u00e9 Matthieu Valet sera t\u00eate de liste du RN \u00e0 Lille"},"content":{"rendered":"<p>C\u2019est d\u00e9sormais officiel. Le d\u00e9put\u00e9 europ\u00e9en Matthieu Valet, porte-parole du <a href=\"https:\/\/www.latribune.fr\/article\/la-tribune-dimanche\/opinions\/12428810351329\/opinion-l-accession-du-rn-au-pouvoir-serait-un-desastre-pour-la-france-par-matthieu-pigasse\" target=\"_blank\" rel=\"noopener\">Rassemblement national<\/a>, sera t\u00eate de liste de son parti \u00e0 Lille pour les prochaines municipales. L\u2019ancien policier revendique \u00ab un choix personnel \u00bb. \u00ab C&rsquo;est avec beaucoup d&rsquo;\u00e9motion et beaucoup d&rsquo;honneur que je vais repr\u00e9senter le Rassemblement national pour \u00eatre, si les \u00e9lecteurs le d\u00e9cident, le futur maire de Lille, a-t-il annonc\u00e9 le 6 novembre. Je suis n\u00e9 \u00e0 Lille, j&rsquo;ai grandi \u00e0 Lille, j&rsquo;ai \u00e9tudi\u00e9 \u00e0 <a href=\"https:\/\/www.latribune.fr\/article\/tech\/55463832298420\/eurasante-a-lille-25-ans-d-incubation-et-une-nouvelle-generation-d-innovations\" target=\"_blank\" rel=\"noopener\">Lille<\/a>, j&rsquo;habite \u00e0 Lille, j&rsquo;ai travaill\u00e9 aussi \u00e0 Lille \u00bb, a ajout\u00e9 l\u2019\u00e9lu europ\u00e9en qui ambitionne d\u2019\u00ab ouvrir une nouvelle \u00e8re \u00bb sans <a href=\"https:\/\/www.latribune.fr\/economie\/france\/martine-aubry-veut-peser-sur-l-avenir-du-ps-578268.html\" target=\"_blank\" rel=\"noopener\">Martine Aubry<\/a>.<\/p>\n<p>L\u2019eurod\u00e9put\u00e9 RN devait initialement affronter Roger Vicot, d\u00e9put\u00e9 de la 11e circonscription, lors d&rsquo;une primaire interne. Mais ce dernier a finalement renonc\u00e9 \u00e0 sa candidature en septembre dernier apr\u00e8s qu&rsquo;un sondage command\u00e9 par le PS l&rsquo;ai plac\u00e9 loin derri\u00e8re le candidat socialiste.<\/p>\n<p>Les chances de l&rsquo;eurod\u00e9put\u00e9 sont faibles sur le papier : en 2020, lors des derni\u00e8res municipales, le RN n\u2019avait r\u00e9colt\u00e9 que 6,84% des voix dans ce fief socialiste qui vote traditionnellement tr\u00e8s majoritairement \u00e0 gauche.<\/p>\n<p>Mais la d\u00e9mission de Martine Aubry en mars, apr\u00e8s 24 ans pass\u00e9s \u00e0 la t\u00eate de la ville, pourrait rebattre les cartes. D\u2019apr\u00e8s un sondage Ifop publi\u00e9 en septembre\u00a02025, la candidature de Matthieu Valet obtiendrait 11\u00a0% des voix au premier tour, pr\u00e8s du double des voix remport\u00e9es par le RN aux pr\u00e9c\u00e9dentes \u00e9lections. Vallet reste toutefois encore loin derri\u00e8re le candidat PS <a href=\"https:\/\/www.latribune.fr\/article\/la-tribune-dimanche\/politique\/10871964315679\/succession-un-sacre-feuilleton-la-chronique-de-ludovic-vigogne\" target=\"_blank\" rel=\"noopener\">Arnaud Deslandes<\/a>, choisi pour succ\u00e9der \u00e0 la maire sortante, cr\u00e9dit\u00e9 \u00e0 27 % d\u2019apr\u00e8s ce m\u00eame sondage.<\/p>\n<p>Face \u00e0 eux, St\u00e9phane Baly, repr\u00e9sentant des \u00e9cologistes est cr\u00e9dit\u00e9 de 19%,\u00a0 Lahouaria Addouche (LFI) de 16%, Violette Spillebout, t\u00eate de liste pour le camp macroniste, obtient 18% d\u2019intentions de vote et Louis Delemer, repr\u00e9sentant des R\u00e9publicains, 9%.\u00a0<\/p>\n<p><img alt=\"Sondage Ifop sur le climat politique \u00e0 Lille.\" fetchpriority=\"auto\" loading=\"lazy\" decoding=\"async\" data-nimg=\"fill\" class=\"TwicCore_img__i9TC1\" style=\"position:absolute;height:100%;width:100%;left:0;top:0;right:0;bottom:0;color:transparent\"   src=\"https:\/\/www.europesays.com\/fr\/wp-content\/uploads\/2025\/11\/sondage-ifop-sur-le-climat-politique-a-lille-1762959992_c7467bc0a4196b2567bc0a419ce567v_.jpg\"\/>Sondage Ifop sur le climat politique \u00e0 Lille. (Cr\u00e9dits : LTD)<\/p>\n","protected":false},"excerpt":{"rendered":"C\u2019est d\u00e9sormais officiel. Le d\u00e9put\u00e9 europ\u00e9en Matthieu Valet, porte-parole du Rassemblement national, sera t\u00eate de liste de son&hellip;\n","protected":false},"author":2,"featured_media":530042,"comment_status":"","ping_status":"","sticky":false,"template":"","format":"standard","meta":{"footnotes":""},"categories":[2815],"tags":[17,5734,1111,11,1777,674,1011,27,811,64904,1307,5110,37135,3554,3434,12,25,2848,17643,64905],"class_list":{"0":"post-530041","1":"post","2":"type-post","3":"status-publish","4":"format-standard","5":"has-post-thumbnail","7":"category-lille","8":"tag-17","9":"tag-5734","10":"tag-actu","11":"tag-actualites","12":"tag-eu","13":"tag-europe","14":"tag-fr","15":"tag-france","16":"tag-hauts-de-france","17":"tag-leurodepute","18":"tag-lille","19":"tag-liste","20":"tag-matthieu","21":"tag-municipales","22":"tag-municipales-2026","23":"tag-news","24":"tag-republique-francaise","25":"tag-rn","26":"tag-tete","27":"tag-valet"},"share_on_mastodon":{"url":"https:\/\/pubeurope.com\/@fr\/115539295073336844","error":""},"_links":{"self":[{"href":"https:\/\/www.europesays.com\/fr\/wp-json\/wp\/v2\/posts\/530041","targetHints":{"allow":["GET"]}}],"collection":[{"href":"https:\/\/www.europesays.com\/fr\/wp-json\/wp\/v2\/posts"}],"about":[{"href":"https:\/\/www.europesays.com\/fr\/wp-json\/wp\/v2\/types\/post"}],"author":[{"embeddable":true,"href":"https:\/\/www.europesays.com\/fr\/wp-json\/wp\/v2\/users\/2"}],"replies":[{"embeddable":true,"href":"https:\/\/www.europesays.com\/fr\/wp-json\/wp\/v2\/comments?post=530041"}],"version-history":[{"count":0,"href":"https:\/\/www.europesays.com\/fr\/wp-json\/wp\/v2\/posts\/530041\/revisions"}],"wp:featuredmedia":[{"embeddable":true,"href":"https:\/\/www.europesays.com\/fr\/wp-json\/wp\/v2\/media\/530042"}],"wp:attachment":[{"href":"https:\/\/www.europesays.com\/fr\/wp-json\/wp\/v2\/media?parent=530041"}],"wp:term":[{"taxonomy":"category","embeddable":true,"href":"https:\/\/www.europesays.com\/fr\/wp-json\/wp\/v2\/categories?post=530041"},{"taxonomy":"post_tag","embeddable":true,"href":"https:\/\/www.europesays.com\/fr\/wp-json\/wp\/v2\/tags?post=530041"}],"curies":[{"name":"wp","href":"https:\/\/api.w.org\/{rel}","templated":true}]}}