{"id":530043,"date":"2025-11-12T23:22:17","date_gmt":"2025-11-12T23:22:17","guid":{"rendered":"https:\/\/www.europesays.com\/fr\/530043\/"},"modified":"2025-11-12T23:22:17","modified_gmt":"2025-11-12T23:22:17","slug":"rouge-cabosse-a-fait-son-entree-au-salon-du-chocolat-de-paris","status":"publish","type":"post","link":"https:\/\/www.europesays.com\/fr\/530043\/","title":{"rendered":"Rouge Cabosse a fait son entr\u00e9e au Salon du Chocolat de Paris"},"content":{"rendered":"<p>Il en r\u00eavait, il l\u2019a fait\u00a0! Fr\u00e9d\u00e9ric Chanal, a brillamment relev\u00e9 le d\u00e9fi de participer pour la premi\u00e8re fois au prestigieux <a href=\"https:\/\/www.laprovence.com\/article\/france-monde\/8934102756675614\/au-salon-du-chocolat-les-artisans-redoutent-de-nouvelles-taxes\" target=\"_blank\" rel=\"noopener\">Salon du Chocolat de Paris<\/a>, du 29\u00a0octobre au 2\u00a0novembre. Un \u00e9v\u00e9nement d\u2019envergure internationale, qui a marqu\u00e9 une \u00e9tape cl\u00e9 dans l\u2019aventure de Rouge Cabosse, ce vin \u00e9tonnant aux ar\u00f4mes naturels de cacao qui ne laisse personne indiff\u00e9rent. Une histoire n\u00e9e d\u2019un heureux hasard, Rouge Cabosse est avant tout une histoire d\u2019intuition et de curiosit\u00e9. Concoct\u00e9 par Olivier, caviste \u00e0 <a href=\"https:\/\/www.laprovence.com\/article\/region\/26036486365350\/a-lambesc-le-vignoble-du-roy-rene-inaugure-sa-nouvelle-cuverie-en-hommage-a-jean-claude-pellegrin-homme-de-passion\" target=\"_blank\" rel=\"noopener\">Lambesc<\/a>, ce vin fruit\u00e9, profond et enrichi de subtils ar\u00f4mes de cacao est une explosion en bouche.<\/p>\n<p>Avec Rouge Cabosse, le cacao se d\u00e9guste d\u00e9sormais aussi dans un verre. D\u00e8s que Fr\u00e9d\u00e9ric a d\u00e9couvert cette p\u00e9pite il est devenu l\u2019ambassadeur passionn\u00e9 du projet. V\u00e9ritable artisan du go\u00fbt et ambassadeur du terroir local, il porte aujourd\u2019hui Rouge Cabosse avec conviction, sur les salons et aupr\u00e8s du public. \u00ab\u00a0C\u2019\u00e9tait notre premier salon \u00e0 plus de 800\u00a0km de la maison\u2026 Une vraie aventure humaine et logistique\u00a0! \u00ab\u00a0, raconte-t-il. \u00ab\u00a0Entre le transport des palettes, la gestion du stock et l\u2019installation du stand, tout a \u00e9t\u00e9 \u00e0 la fois exigeant et formateur. Cette exp\u00e9rience a \u00e9t\u00e9 extr\u00eamement enrich&#8230;<\/p>\n","protected":false},"excerpt":{"rendered":"Il en r\u00eavait, il l\u2019a fait\u00a0! Fr\u00e9d\u00e9ric Chanal, a brillamment relev\u00e9 le d\u00e9fi de participer pour la premi\u00e8re&hellip;\n","protected":false},"author":2,"featured_media":530044,"comment_status":"","ping_status":"","sticky":false,"template":"","format":"standard","meta":{"footnotes":""},"categories":[2814],"tags":[17,1111,11,1007,47009,64906,1777,674,1011,27,884,12,5912,882,25,7289,24647,104,1662],"class_list":{"0":"post-530043","1":"post","2":"type-post","3":"status-publish","4":"format-standard","5":"has-post-thumbnail","7":"category-marseille","8":"tag-17","9":"tag-actu","10":"tag-actualites","11":"tag-aux","12":"tag-cacao","13":"tag-elabore","14":"tag-eu","15":"tag-europe","16":"tag-fr","17":"tag-france","18":"tag-marseille","19":"tag-news","20":"tag-par","21":"tag-provence-alpes-cote-dazur","22":"tag-republique-francaise","23":"tag-rouge","24":"tag-saveurs","25":"tag-societe","26":"tag-vin"},"share_on_mastodon":{"url":"https:\/\/pubeurope.com\/@fr\/115539302471426384","error":""},"_links":{"self":[{"href":"https:\/\/www.europesays.com\/fr\/wp-json\/wp\/v2\/posts\/530043","targetHints":{"allow":["GET"]}}],"collection":[{"href":"https:\/\/www.europesays.com\/fr\/wp-json\/wp\/v2\/posts"}],"about":[{"href":"https:\/\/www.europesays.com\/fr\/wp-json\/wp\/v2\/types\/post"}],"author":[{"embeddable":true,"href":"https:\/\/www.europesays.com\/fr\/wp-json\/wp\/v2\/users\/2"}],"replies":[{"embeddable":true,"href":"https:\/\/www.europesays.com\/fr\/wp-json\/wp\/v2\/comments?post=530043"}],"version-history":[{"count":0,"href":"https:\/\/www.europesays.com\/fr\/wp-json\/wp\/v2\/posts\/530043\/revisions"}],"wp:featuredmedia":[{"embeddable":true,"href":"https:\/\/www.europesays.com\/fr\/wp-json\/wp\/v2\/media\/530044"}],"wp:attachment":[{"href":"https:\/\/www.europesays.com\/fr\/wp-json\/wp\/v2\/media?parent=530043"}],"wp:term":[{"taxonomy":"category","embeddable":true,"href":"https:\/\/www.europesays.com\/fr\/wp-json\/wp\/v2\/categories?post=530043"},{"taxonomy":"post_tag","embeddable":true,"href":"https:\/\/www.europesays.com\/fr\/wp-json\/wp\/v2\/tags?post=530043"}],"curies":[{"name":"wp","href":"https:\/\/api.w.org\/{rel}","templated":true}]}}