{"id":530047,"date":"2025-11-12T23:24:14","date_gmt":"2025-11-12T23:24:14","guid":{"rendered":"https:\/\/www.europesays.com\/fr\/530047\/"},"modified":"2025-11-12T23:24:14","modified_gmt":"2025-11-12T23:24:14","slug":"albert-levy-lfi-cible-dinsultes-antisemites-apres-son-entree-en-campagne","status":"publish","type":"post","link":"https:\/\/www.europesays.com\/fr\/530047\/","title":{"rendered":"Albert L\u00e9vy (LFI) cible d\u2019insultes antis\u00e9mites apr\u00e8s son entr\u00e9e en campagne"},"content":{"rendered":"<p itemprop=\"description\"><strong>Ancien juge et ex-vice-pr\u00e9sident du Syndicat de la magistrature, Albert L\u00e9vy conduira la liste de la France Insoumise dans le 3e arrondissement de Lyon.<\/strong><\/p>\n<p>Un engagement assum\u00e9 \u00e0 l&rsquo;extr\u00eame gauche qui, depuis son annonce officielle, lui vaut une s\u00e9rie d\u2019attaques antis\u00e9mites sur les r\u00e9seaux sociaux.<\/p>\n<p>Malgr\u00e9 un important tri r\u00e9alis\u00e9 sur ses publications, plusieurs messages haineux subsistent. On peut notamment lire : \u00ab\u00a0Levy, est le tra\u00eetre parfait et le 1er antis\u00e9mite !\u00a0\u00bb, \u00ab\u00a0Les 2 communaut\u00e9s qu\u2019il faudrait expulser d\u2019occident\u00a0\u00bb. Ou encore, sur un ton plus ironique :\u00a0\u00bbC\u2019est une cam\u00e9ra cach\u00e9e !\u00a0\u00bb, \u00ab\u00a0tu soutiens ces antis\u00e9mites ?\u00a0\u00bb \u00a0<\/p>\n<p>Des propos qui t\u00e9moignent d\u2019une forte hostilit\u00e9, m\u00ealant insultes et incompr\u00e9hensions autour de sa candidature.<\/p>\n<p>Face \u00e0 cette d\u00e9ferlante, Albert L\u00e9vy a r\u00e9agi fermement : \u00ab\u00a0L\u2019antis\u00e9mitisme visc\u00e9ralement d\u2019extr\u00eame droite dont je suis l\u2019objet depuis ma candidature aux municipales de Lyon 3 et le silence approbateur de mes adversaires politiques souvent prompts \u00e0 instrumentaliser ce fl\u00e9au, renforcent ma pugnacit\u00e9 pour remporter ce scrutin.\u00a0\u00bb<\/p>\n<p>Et d\u2019ajouter : \u00ab\u00a0Je masque, je bloque, je screen et j\u2019efface leur d\u00e9shonneur.\u00a0\u00bb<\/p>\n<p>Dans la foul\u00e9e, la t\u00eate de liste LFI pour la Ville de Lyon,\u00a0Ana\u00efs Belouassa Cherifi, lui a publiquement exprim\u00e9 son soutien : \u00ab\u00a0Fiert\u00e9 d\u2019avoir Albert L\u00e9vy comme camarade et t\u00eate de liste du 3e arrondissement de Lyon. Tout mon soutien \u00e0 Albert L\u00e9vy face aux attaques antis\u00e9mites qu\u2019il subit. L\u2019antis\u00e9mitisme n\u2019a pas sa place, ni dans nos rues ni en ligne.\u00a0\u00bb<\/p>\n<blockquote class=\"twitter-tweet\"><p>&#13;<\/p>\n<p dir=\"ltr\" lang=\"fr\">L\u2019antis\u00e9mitisme visc\u00e9ralement d\u2019extr\u00eame droite dont je suis l\u2019objet depuis ma candidature aux municipales de Lyon 3 et le silence approbateur de mes adversaires politiques souvent prompts \u00e0 instrumentaliser ce fl\u00e9au, renforcent ma pugnacit\u00e9 pour remporter ce scrutin.<\/p>\n<p>&#13;<br \/>\n\u2014 Albert L\u00e9vy (@AlbertLvy1) <a href=\"https:\/\/twitter.com\/AlbertLvy1\/status\/1988306420526444693?ref_src=twsrc%5Etfw\" target=\"_blank\" rel=\"noopener\">November 11, 2025<\/a><\/p><\/blockquote>\n<p>\t\t  <script async src=\"https:\/\/platform.twitter.com\/widgets.js\" charset=\"utf-8\"><\/script><\/p>\n","protected":false},"excerpt":{"rendered":"Ancien juge et ex-vice-pr\u00e9sident du Syndicat de la magistrature, Albert L\u00e9vy conduira la liste de la France Insoumise&hellip;\n","protected":false},"author":2,"featured_media":530048,"comment_status":"","ping_status":"","sticky":false,"template":"","format":"standard","meta":{"footnotes":""},"categories":[1889],"tags":[1111,11,2813,2190,2430,1109,251,1112,2811,1777,674,118,1011,27,1922,1110,1114,2428,2810,12,241,316,25,2812,517,800],"class_list":{"0":"post-530047","1":"post","2":"type-post","3":"status-publish","4":"format-standard","5":"has-post-thumbnail","7":"category-lyon","8":"tag-actu","9":"tag-actualites","10":"tag-article","11":"tag-asvel","12":"tag-auvergne-rhone-alpes","13":"tag-breves","14":"tag-culture","15":"tag-depeches","16":"tag-economique","17":"tag-eu","18":"tag-europe","19":"tag-faits-divers","20":"tag-fr","21":"tag-france","22":"tag-info","23":"tag-informations","24":"tag-infos","25":"tag-lyon","26":"tag-lyonmag","27":"tag-news","28":"tag-ol","29":"tag-politique","30":"tag-republique-francaise","31":"tag-sociale","32":"tag-sport","33":"tag-transports"},"share_on_mastodon":{"url":"https:\/\/pubeurope.com\/@fr\/115539310398186558","error":""},"_links":{"self":[{"href":"https:\/\/www.europesays.com\/fr\/wp-json\/wp\/v2\/posts\/530047","targetHints":{"allow":["GET"]}}],"collection":[{"href":"https:\/\/www.europesays.com\/fr\/wp-json\/wp\/v2\/posts"}],"about":[{"href":"https:\/\/www.europesays.com\/fr\/wp-json\/wp\/v2\/types\/post"}],"author":[{"embeddable":true,"href":"https:\/\/www.europesays.com\/fr\/wp-json\/wp\/v2\/users\/2"}],"replies":[{"embeddable":true,"href":"https:\/\/www.europesays.com\/fr\/wp-json\/wp\/v2\/comments?post=530047"}],"version-history":[{"count":0,"href":"https:\/\/www.europesays.com\/fr\/wp-json\/wp\/v2\/posts\/530047\/revisions"}],"wp:featuredmedia":[{"embeddable":true,"href":"https:\/\/www.europesays.com\/fr\/wp-json\/wp\/v2\/media\/530048"}],"wp:attachment":[{"href":"https:\/\/www.europesays.com\/fr\/wp-json\/wp\/v2\/media?parent=530047"}],"wp:term":[{"taxonomy":"category","embeddable":true,"href":"https:\/\/www.europesays.com\/fr\/wp-json\/wp\/v2\/categories?post=530047"},{"taxonomy":"post_tag","embeddable":true,"href":"https:\/\/www.europesays.com\/fr\/wp-json\/wp\/v2\/tags?post=530047"}],"curies":[{"name":"wp","href":"https:\/\/api.w.org\/{rel}","templated":true}]}}