{"id":530049,"date":"2025-11-12T23:25:13","date_gmt":"2025-11-12T23:25:13","guid":{"rendered":"https:\/\/www.europesays.com\/fr\/530049\/"},"modified":"2025-11-12T23:25:13","modified_gmt":"2025-11-12T23:25:13","slug":"des-coups-de-feu-en-rafale-en-pleine-rue-devant-un-restaurant-un-homme-tue","status":"publish","type":"post","link":"https:\/\/www.europesays.com\/fr\/530049\/","title":{"rendered":"des coups de feu en rafale en pleine rue devant un restaurant, un homme tu\u00e9"},"content":{"rendered":"<p>                    Par<br \/>\n        <strong><br \/>\n            <a href=\"https:\/\/actu.fr\/auteur\/nicolas-zaugra\" title=\"Consulter tous les articles de Nicolas Zaugra\" target=\"_blank\" rel=\"noopener\">Nicolas Zaugra<\/a><br \/>\n                    <\/strong><\/p>\n<p>        Publi\u00e9 le<\/p>\n<p>            12 nov. 2025 \u00e0 23h26<br \/>\n        ; mis \u00e0 jour le 12 nov. 2025 \u00e0 23h37    <\/p>\n<p>Une grave fusillade \u00e0 l\u2019arme lourde a fait <strong>un mort<\/strong> ce mercredi 12 novembre dans la soir\u00e9e \u00e0 Ecully, dans la m\u00e9tropole, \u00e0 proximit\u00e9 imm\u00e9diate du quartier de <a href=\"https:\/\/actu.fr\/auvergne-rhone-alpes\/lyon_69123\/lyon-un-homme-tue-par-arme-a-feu-en-pleine-rue-le-tireur-en-fuite_62350021.html\" target=\"_blank\" rel=\"noopener\">La Duch\u00e8re<\/a> \u00e0 <a href=\"https:\/\/actu.fr\/auvergne-rhone-alpes\/lyon_69123\" target=\"_blank\" rel=\"noopener\">Lyon<\/a>, dans le 9e arrondissement, a appris actu Lyon de plusieurs sources dont une source polici\u00e8re.<\/p>\n<p class=\" wall-content\">Un jeune homme \u00e2g\u00e9 de 20 ans a \u00e9t\u00e9 touch\u00e9 chemin des Cerisiers \u00e0 Ecully, o\u00f9 de nombreux coups de feu ont \u00e9t\u00e9 entendus vers 22h.<\/p>\n<p class=\" wall-content\">Des coups de feu ont \u00e9galement \u00e9t\u00e9 tir\u00e9s dans le quartier de La Duch\u00e8re. Les faits se sont d\u00e9roul\u00e9s pr\u00e8s d\u2019une pizz\u00e9ria, l\u2019\u00e9tablissement Pizzeria O Barrio. Selon nos informations, le propri\u00e9taire du restaurant a \u00e9galement \u00e9t\u00e9 bless\u00e9 par balle et pourrait \u00eatre touch\u00e9 \u00e0 une jambe.\u00a0<\/p>\n<p>    <a href=\"https:\/\/www.google.com\/maps\/embed?pb=!1m18!1m12!1m3!1d20534.30521948046!2d4.775415374848322!3d45.78434053304177!2m3!1f0!2f0!3f0!3m2!1i1024!2i768!4f13.1!3m3!1m2!1s0x47f4ec9ff88af931%3A0xf9af192ea350abff!2sChem.%20des%20Cerisiers%2C%2069130%20%C3%89cully!5e1!3m2!1sfr!2sfr!4v1762985964130!5m2!1sfr!2sfr\" title=\"Ouvrie le lien\" target=\"_blank\" rel=\"noopener\">Cliquez ici pour visualiser le contenu<\/a><\/p>\n<p class=\" wall-content\">Les circonstances ne sont pas connues \u00e0 ce stade et une enqu\u00eate a \u00e9t\u00e9 ouverte pour meurtre. Le ou les auteurs sont en fuite.<\/p>\n<p>Un secteur d\u00e9j\u00e0 touch\u00e9 par des fusillades mortelles<\/p>\n<p class=\" wall-content\">En janvier 2023, Ecully avait d\u00e9j\u00e0 \u00e9t\u00e9 touch\u00e9e par <a href=\"https:\/\/actu.fr\/auvergne-rhone-alpes\/ecully_69081\/une-fusillade-eclate-a-ecully-pres-de-lyon-au-moins-un-mort_56343647.html\" target=\"_blank\" rel=\"noopener\">une fusillade mortelle<\/a> non loin, dans le secteur de l\u2019avenue des Sources. Un homme avait \u00e9t\u00e9 abattu en pleine rue devant un immeuble r\u00e9sidentiel.\u00a0<\/p>\n<p class=\" wall-content\">\n<p class=\" wall-content\">Quant \u00e0 La Duch\u00e8re \u00e0 Lyon, le secteur est habitu\u00e9 aux r\u00e8glements de comptes li\u00e9s au trafic de drogue. En juin 2022, une <a href=\"https:\/\/actu.fr\/auvergne-rhone-alpes\/lyon_69123\/lyon-il-a-pris-une-balle-dans-la-tete-il-est-mort-les-videos-glacantes-de-la-fusillade_51731485.html\" target=\"_blank\" rel=\"noopener\">fusillade \u00e0 l\u2019arme de guerre avait fait deux morts<\/a> devant une barre d\u2019immeuble avenue Sakharov. Plus r\u00e9cemment, en mars 2025, <a href=\"https:\/\/actu.fr\/auvergne-rhone-alpes\/lyon_69123\/lyon-un-homme-tue-par-balles-tireur-en-fuite-profil-de-la-victime-ce-que-l-on-sait_62350358.html\" target=\"_blank\" rel=\"noopener\">un homme a \u00e9t\u00e9 tu\u00e9 \u00e0 l\u2019arme \u00e0 feu<\/a> place de l\u2019Abb\u00e9-Pierre.<\/p>\n<p class=\" wall-content\">Personnalisez votre actualit\u00e9 en ajoutant vos villes et m\u00e9dias en favori avec <a href=\"https:\/\/moncompte.actu.fr\" title=\"D\u00e9couvez Mon Actu\" rel=\"nofollow noopener\" data-trk=\"{&quot;cta&quot;:{&quot;action&quot;:&quot;https:\\\/\\\/moncompte.actu.fr&quot;,&quot;category&quot;:&quot;mon compte&quot;,&quot;from&quot;:&quot;article footer&quot;,&quot;name&quot;:&quot;Mon actu&quot;,&quot;type&quot;:&quot;cta&quot;}}\" target=\"_blank\">Mon Actu<\/a>.<\/p>\n","protected":false},"excerpt":{"rendered":"Par Nicolas Zaugra Publi\u00e9 le 12 nov. 2025 \u00e0 23h26 ; mis \u00e0 jour le 12 nov. 2025&hellip;\n","protected":false},"author":2,"featured_media":530050,"comment_status":"","ping_status":"","sticky":false,"template":"","format":"standard","meta":{"footnotes":""},"categories":[1889],"tags":[1111,11,2430,1777,674,118,1011,27,5313,2428,777,12,1072,25],"class_list":{"0":"post-530049","1":"post","2":"type-post","3":"status-publish","4":"format-standard","5":"has-post-thumbnail","7":"category-lyon","8":"tag-actu","9":"tag-actualites","10":"tag-auvergne-rhone-alpes","11":"tag-eu","12":"tag-europe","13":"tag-faits-divers","14":"tag-fr","15":"tag-france","16":"tag-la-duchere","17":"tag-lyon","18":"tag-meurtre","19":"tag-news","20":"tag-police","21":"tag-republique-francaise"},"share_on_mastodon":{"url":"https:\/\/pubeurope.com\/@fr\/115539314180375615","error":""},"_links":{"self":[{"href":"https:\/\/www.europesays.com\/fr\/wp-json\/wp\/v2\/posts\/530049","targetHints":{"allow":["GET"]}}],"collection":[{"href":"https:\/\/www.europesays.com\/fr\/wp-json\/wp\/v2\/posts"}],"about":[{"href":"https:\/\/www.europesays.com\/fr\/wp-json\/wp\/v2\/types\/post"}],"author":[{"embeddable":true,"href":"https:\/\/www.europesays.com\/fr\/wp-json\/wp\/v2\/users\/2"}],"replies":[{"embeddable":true,"href":"https:\/\/www.europesays.com\/fr\/wp-json\/wp\/v2\/comments?post=530049"}],"version-history":[{"count":0,"href":"https:\/\/www.europesays.com\/fr\/wp-json\/wp\/v2\/posts\/530049\/revisions"}],"wp:featuredmedia":[{"embeddable":true,"href":"https:\/\/www.europesays.com\/fr\/wp-json\/wp\/v2\/media\/530050"}],"wp:attachment":[{"href":"https:\/\/www.europesays.com\/fr\/wp-json\/wp\/v2\/media?parent=530049"}],"wp:term":[{"taxonomy":"category","embeddable":true,"href":"https:\/\/www.europesays.com\/fr\/wp-json\/wp\/v2\/categories?post=530049"},{"taxonomy":"post_tag","embeddable":true,"href":"https:\/\/www.europesays.com\/fr\/wp-json\/wp\/v2\/tags?post=530049"}],"curies":[{"name":"wp","href":"https:\/\/api.w.org\/{rel}","templated":true}]}}