{"id":530053,"date":"2025-11-12T23:28:20","date_gmt":"2025-11-12T23:28:20","guid":{"rendered":"https:\/\/www.europesays.com\/fr\/530053\/"},"modified":"2025-11-12T23:28:20","modified_gmt":"2025-11-12T23:28:20","slug":"le-financement-des-creches-augmente-de-2-retroactivement-des-janvier-2025-annonce-la-ministre-de-la-sante-et-des-familles","status":"publish","type":"post","link":"https:\/\/www.europesays.com\/fr\/530053\/","title":{"rendered":"Le financement des cr\u00e8ches augmente de 2% r\u00e9troactivement d\u00e8s janvier 2025, annonce la ministre de la Sant\u00e9 et des Familles"},"content":{"rendered":"\n<p class=\"c-chapo \">\n  L&rsquo;annonce a \u00e9t\u00e9 faite par la ministre de la Sant\u00e9, St\u00e9phanie Rist, pendant les discussions \u00e0 l&rsquo;Assembl\u00e9e nationale sur le projet de loi de financement de la S\u00e9curit\u00e9 sociale pour 2026.\n<\/p>\n<p>      lire plus tard<\/p>\n<p id=\"dialog__title\" class=\"dialog__title\">Pour sauvegarder cet article, connectez-vous ou cr\u00e9ez un compte franceinfo<\/p>\n<p class=\"dialog__description\">Sans paiement. Sans abonnement.<\/p>\n<p>        Fermer la fen\u00eatre d\u2019activation des notifications France Info<\/p>\n<p>      cr\u00e9er votre compte<\/p>\n<p>      se connecter<\/p>\n<p>        Fermer la fen\u00eatre de pr\u00e9sentation<\/p>\n<p>    <img loading=\"lazy\" decoding=\"async\" class=\"signature__image lazyload\" width=\"100\" height=\"100\" data- alt=\"\" src=\"https:\/\/www.europesays.com\/fr\/wp-content\/uploads\/2025\/05\/64a68815cd1a7_placeholder-36b69ec8.png\"\/><\/p>\n<p>    Publi\u00e9 le 12\/11\/2025 21:54<\/p>\n<p>        Temps de lecture : 1min<\/p>\n<p>    <img decoding=\"async\"  alt=\"Des enfants jouent dans une cr\u00e8che \u00e0 Dijon, le 9 juillet 2025. (EMMA BUONCRISTIANI \/ MAXPPP)\" width=\"432\" height=\"243\" src=\"https:\/\/www.europesays.com\/fr\/wp-content\/uploads\/2025\/11\/maxstockworld485576-6914f34566257200868240.jpg\" fetchpriority=\"high\"\/><\/p>\n<p>      Des enfants jouent dans une cr\u00e8che \u00e0 Dijon, le 9 juillet 2025. (EMMA BUONCRISTIANI \/ MAXPPP)<\/p>\n<p>Contrairement \u00e0 <a href=\"https:\/\/www.franceinfo.fr\/economie\/retraite\/reforme-des-retraites\/pourquoi-la-suspension-de-la-reforme-des-retraites-est-encore-loin-d-etre-definitivement-actee_7611260.html\" rel=\"nofollow noopener\" target=\"_blank\">la suspension de la r\u00e9forme des retraites<\/a>, l&rsquo;annonce n&rsquo;a pas besoin de projet de loi pour prendre effet. Le tarif de <a href=\"https:\/\/www.franceinfo.fr\/societe\/enfance-et-adolescence\/le-gouvernement-promet-une-reforme-du-mode-de-financement-des-creches-d-ici-2028_6870329.html\" rel=\"nofollow noopener\" target=\"_blank\">financement des cr\u00e8ches<\/a> par les Caisses d&rsquo;allocations familiales b\u00e9n\u00e9ficie d&rsquo;une \u00ab\u00a0revalorisation de 2% (&#8230;) applicable de mani\u00e8re r\u00e9troactive \u00e0 l&rsquo;ensemble de l&rsquo;ann\u00e9e 2025\u00a0\u00bb, annonce la ministre de la Sant\u00e9, St\u00e9phanie Rist, mercredi 12 novembre.<\/p>\n<p>Cette mesure, annonc\u00e9e lors des discussions sur le projet de loi de financement de la S\u00e9curit\u00e9 sociale pour 2026 d\u00e9battu \u00e0 l&rsquo;Assembl\u00e9e nationale, s&rsquo;inscrit \u00ab\u00a0dans la volont\u00e9 du gouvernement de soutenir durablement les acteurs de la petite enfance \u2013 collectivit\u00e9s, associations, entreprises et familles\u00a0\u00bb, d\u00e9taille le minist\u00e8re de la Sant\u00e9 dans un communiqu\u00e9. \u00ab\u00a0Apr\u00e8s le vote du conseil d&rsquo;administration de la Caisse nationale d&rsquo;allocations familiales (Cnaf), les caisses d&rsquo;allocations familiales, partenaires majeurs des collectivit\u00e9s, r\u00e9viseront \u00e0 la hausse les montants des subventions vers\u00e9es d\u00e8s d\u00e9but 2026\u00a0\u00bb, assure \u00e9galement le minist\u00e8re.<\/p>\n<p>\u00ab\u00a0Aujourd&rsquo;hui, environ 60% des besoins d&rsquo;accueil formel des enfants de 0 \u00e0 3 ans sont couverts, et de nombreuses familles rencontrent encore des difficult\u00e9s pour trouver une place, notamment en cr\u00e8che\u00a0\u00bb, rappelle le minist\u00e8re. \u00ab\u00a0Offrir de bonnes conditions d&rsquo;accueil aux jeunes enfants, c&rsquo;est investir dans l&rsquo;avenir de notre pays\u00a0\u00bb, a d\u00e9clar\u00e9 St\u00e9phanie Rist, ministre de la Sant\u00e9, des Familles, de l&rsquo;Autonomie et des Personnes handicap\u00e9es.<\/p>\n","protected":false},"excerpt":{"rendered":"L&rsquo;annonce a \u00e9t\u00e9 faite par la ministre de la Sant\u00e9, St\u00e9phanie Rist, pendant les discussions \u00e0 l&rsquo;Assembl\u00e9e nationale&hellip;\n","protected":false},"author":2,"featured_media":530054,"comment_status":"","ping_status":"","sticky":false,"template":"","format":"standard","meta":{"footnotes":""},"categories":[1888],"tags":[1111,1928,11,1927,1777,674,1011,27,12,1926,626,1925,25],"class_list":{"0":"post-530053","1":"post","2":"type-post","3":"status-publish","4":"format-standard","5":"has-post-thumbnail","7":"category-paris","8":"tag-actu","9":"tag-actu-paris","10":"tag-actualites","11":"tag-actualites-paris","12":"tag-eu","13":"tag-europe","14":"tag-fr","15":"tag-france","16":"tag-news","17":"tag-news-paris","18":"tag-paris","19":"tag-paris-news","20":"tag-republique-francaise"},"share_on_mastodon":{"url":"https:\/\/pubeurope.com\/@fr\/115539327941880438","error":""},"_links":{"self":[{"href":"https:\/\/www.europesays.com\/fr\/wp-json\/wp\/v2\/posts\/530053","targetHints":{"allow":["GET"]}}],"collection":[{"href":"https:\/\/www.europesays.com\/fr\/wp-json\/wp\/v2\/posts"}],"about":[{"href":"https:\/\/www.europesays.com\/fr\/wp-json\/wp\/v2\/types\/post"}],"author":[{"embeddable":true,"href":"https:\/\/www.europesays.com\/fr\/wp-json\/wp\/v2\/users\/2"}],"replies":[{"embeddable":true,"href":"https:\/\/www.europesays.com\/fr\/wp-json\/wp\/v2\/comments?post=530053"}],"version-history":[{"count":0,"href":"https:\/\/www.europesays.com\/fr\/wp-json\/wp\/v2\/posts\/530053\/revisions"}],"wp:featuredmedia":[{"embeddable":true,"href":"https:\/\/www.europesays.com\/fr\/wp-json\/wp\/v2\/media\/530054"}],"wp:attachment":[{"href":"https:\/\/www.europesays.com\/fr\/wp-json\/wp\/v2\/media?parent=530053"}],"wp:term":[{"taxonomy":"category","embeddable":true,"href":"https:\/\/www.europesays.com\/fr\/wp-json\/wp\/v2\/categories?post=530053"},{"taxonomy":"post_tag","embeddable":true,"href":"https:\/\/www.europesays.com\/fr\/wp-json\/wp\/v2\/tags?post=530053"}],"curies":[{"name":"wp","href":"https:\/\/api.w.org\/{rel}","templated":true}]}}