{"id":530057,"date":"2025-11-12T23:30:40","date_gmt":"2025-11-12T23:30:40","guid":{"rendered":"https:\/\/www.europesays.com\/fr\/530057\/"},"modified":"2025-11-12T23:30:40","modified_gmt":"2025-11-12T23:30:40","slug":"la-cabane-de-larchitecte-artistikrezo","status":"publish","type":"post","link":"https:\/\/www.europesays.com\/fr\/530057\/","title":{"rendered":"La Cabane de L\u2019Architecte &#8211; Artistikrezo"},"content":{"rendered":"<p><b>La Cabane de l\u2019architecte<\/b><\/p>\n<p><b>Connaissez vous l\u2019histoire vraie de Robertino Rebutato, petit gar\u00e7on de douze ans, que le grand architecte Le Corbusier initiera \u00e0 l\u2019architecture, dans un cabanon pos\u00e9 sur une plage de la M\u00e9diterran\u00e9e ? Cette histoire incroyable de transmission et de fid\u00e9lit\u00e9, Louise Doutreligne nous la raconte dans une mise en sc\u00e8ne lumineuse de Jean-Luc Pali\u00e8s. Le spectacle s\u2019installe au Th\u00e9\u00e2tre de l\u2019Ep\u00e9e de Bois et il ne faut\u00a0pas le rater.<\/b><\/p>\n<p><b>Une histoire incroyable<\/b><\/p>\n<p><img loading=\"lazy\" decoding=\"async\" aria-describedby=\"caption-attachment-373937\" class=\"size-large wp-image-373937\" src=\"https:\/\/www.europesays.com\/fr\/wp-content\/uploads\/2025\/11\/La-cabane-de-larchitecte.0436-1024x682.jpg\" alt=\"\" width=\"740\" height=\"493\"  \/><\/p>\n<p id=\"caption-attachment-373937\" class=\"wp-caption-text\">\u00a9Xavier Cantat.<\/p>\n<p>Pour leur derni\u00e8re cr\u00e9ation, la compagnie Influensc\u00e8nes frappe une nouvelle fois tr\u00e8s fort avec l\u2019histoire v\u00e9ridique, \u00e9crite pour la sc\u00e8ne par Louise Doutreligne, du c\u00e9l\u00e8bre architecte Le Corbusier qui d\u00e9cide, dans les ann\u00e9es 1950, de s\u00e9journer au bord de la M\u00e9diterran\u00e9e, \u00e0 Roquebrune-Cap Martin, apr\u00e8s avoir \u00e9t\u00e9 accueilli chaleureusement par une famille italienne. Dans cette famille, le p\u00e8re Robert Rebutato, tr\u00e8s bon cuisinier, sert quotidiennement \u00e0 manger \u00e0 l\u2019architecte et \u00e0 son \u00e9pouse dans une cabane plus que modeste. C\u2019est avec Robertino, le jeune gar\u00e7on de Robert, que se noue une relation de filiation et d\u2019\u00e9ducation, puisque Le Corbusier l\u2019initie au dessin et \u00e0 l\u2019architecture, lui apprenant \u00e0 observer le monde. Du gamin mal d\u00e9grossi mais au c\u0153ur d\u2019or, au maestro en architecture qui multiplie les complexes d\u2019habitation citadines \u00e0 la rationalit\u00e9 parfaite, se tisse une filiation intense nourrie d\u2019apprentissage, de morale et d\u2019exigence.\u00a0<\/p>\n<p><b>Une preuve de transmission exemplaire<\/b><\/p>\n<p><img loading=\"lazy\" decoding=\"async\" aria-describedby=\"caption-attachment-373938\" class=\"size-large wp-image-373938\" src=\"https:\/\/www.europesays.com\/fr\/wp-content\/uploads\/2025\/11\/La-cabane-de-larchitecte.0388-1024x682.jpg\" alt=\"\" width=\"740\" height=\"493\"  \/><\/p>\n<p id=\"caption-attachment-373938\" class=\"wp-caption-text\">\u00a9Xavier Cantat.<\/p>\n<p>Robertino r\u00e9ussira \u00e0 25 ans \u00e0 int\u00e9grer l\u2019un des plus gros cabinets d\u2019architecte et poursuivra, gr\u00e2ce \u00e0 son travail et \u00e0 son sens des affaires, une tr\u00e8s belle carri\u00e8re. La pi\u00e8ce explore la magie de cette rencontre sous forme d\u2019\u00e9tapes d\u2019un voyage, \u00e0 partir d\u2019une main tendue : celle d\u2019un homme c\u00e9l\u00e8bre qui ouvre le monde \u00e0 un gamin destin\u00e9 au d\u00e9part \u00e0 \u00eatre plombier. Dans une sc\u00e9nographie g\u00e9om\u00e9trique et subtile sign\u00e9e Lucas Jimenez, des panneaux m\u00e9talliques en forme de voiles de bateau qui se colorent au fil des \u00e9vocations. Oscar Clark campe l\u2019intr\u00e9pide h\u00e9ros dont la vie va basculer, et dont le double, Magali Pali\u00e8s, semble le rattacher sans cesse au r\u00e9el. Jean-Luc Pali\u00e8s est un Le Corbusier plus que vraisemblable, costume sombre et lunettes rondes en \u00e9caille noire, qui semble jauger la ligne d\u2019horizon de la mer comme celle de son destin. Claudine Fievet incarne son \u00e9pouse dans de superbes costumes et lumi\u00e8res. Une vraie r\u00e9ussite.\u00a0<\/p>\n<p>H\u00e9l\u00e8ne Kuttner\u00a0<\/p>\n","protected":false},"excerpt":{"rendered":"La Cabane de l\u2019architecte Connaissez vous l\u2019histoire vraie de Robertino Rebutato, petit gar\u00e7on de douze ans, que le&hellip;\n","protected":false},"author":2,"featured_media":530058,"comment_status":"","ping_status":"","sticky":false,"template":"","format":"standard","meta":{"footnotes":""},"categories":[1888],"tags":[11,7257,1777,674,1011,27,12,626,25,1347],"class_list":{"0":"post-530057","1":"post","2":"type-post","3":"status-publish","4":"format-standard","5":"has-post-thumbnail","7":"category-paris","8":"tag-actualites","9":"tag-critique","10":"tag-eu","11":"tag-europe","12":"tag-fr","13":"tag-france","14":"tag-news","15":"tag-paris","16":"tag-republique-francaise","17":"tag-theatre"},"share_on_mastodon":{"url":"https:\/\/pubeurope.com\/@fr\/115539334163909905","error":""},"_links":{"self":[{"href":"https:\/\/www.europesays.com\/fr\/wp-json\/wp\/v2\/posts\/530057","targetHints":{"allow":["GET"]}}],"collection":[{"href":"https:\/\/www.europesays.com\/fr\/wp-json\/wp\/v2\/posts"}],"about":[{"href":"https:\/\/www.europesays.com\/fr\/wp-json\/wp\/v2\/types\/post"}],"author":[{"embeddable":true,"href":"https:\/\/www.europesays.com\/fr\/wp-json\/wp\/v2\/users\/2"}],"replies":[{"embeddable":true,"href":"https:\/\/www.europesays.com\/fr\/wp-json\/wp\/v2\/comments?post=530057"}],"version-history":[{"count":0,"href":"https:\/\/www.europesays.com\/fr\/wp-json\/wp\/v2\/posts\/530057\/revisions"}],"wp:featuredmedia":[{"embeddable":true,"href":"https:\/\/www.europesays.com\/fr\/wp-json\/wp\/v2\/media\/530058"}],"wp:attachment":[{"href":"https:\/\/www.europesays.com\/fr\/wp-json\/wp\/v2\/media?parent=530057"}],"wp:term":[{"taxonomy":"category","embeddable":true,"href":"https:\/\/www.europesays.com\/fr\/wp-json\/wp\/v2\/categories?post=530057"},{"taxonomy":"post_tag","embeddable":true,"href":"https:\/\/www.europesays.com\/fr\/wp-json\/wp\/v2\/tags?post=530057"}],"curies":[{"name":"wp","href":"https:\/\/api.w.org\/{rel}","templated":true}]}}