{"id":530059,"date":"2025-11-12T23:32:21","date_gmt":"2025-11-12T23:32:21","guid":{"rendered":"https:\/\/www.europesays.com\/fr\/530059\/"},"modified":"2025-11-12T23:32:21","modified_gmt":"2025-11-12T23:32:21","slug":"en-memoire-du-13-novembre-plusieurs-monuments-parisiens-sont-eclaires-en-bleu-blanc-et-rouge","status":"publish","type":"post","link":"https:\/\/www.europesays.com\/fr\/530059\/","title":{"rendered":"En m\u00e9moire du 13-Novembre, plusieurs monuments parisiens sont \u00e9clair\u00e9s en bleu, blanc et rouge"},"content":{"rendered":"<p>        <img decoding=\"async\" loading=\"lazy\" src=\"https:\/\/www.europesays.com\/fr\/wp-content\/uploads\/2025\/11\/fe759f8_upload-1-jdnzzyuawdim-afp-20251112-83uk3aw-v1-highres-franceparisattacksanniversary.jpg\"  width=\"728\" height=\"410\" alt=\"En m\u00e9moire du 13-Novembre, plusieurs monuments parisiens dont la Tour Eiffel sont \u00e9clair\u00e9s en bleu, blanc et rouge.\"\/>  <\/p>\n<p>LUDOVIC MARIN \/ AFP<\/p>\n<p>En m\u00e9moire du 13-Novembre, plusieurs monuments parisiens dont la Tour Eiffel sont \u00e9clair\u00e9s en bleu, blanc et rouge.<\/p>\n<p class=\"asset asset-text\">HOMMAGE &#8211; Le recueillement a d\u00e9j\u00e0 commenc\u00e9 dans la capitale. Alors que la journ\u00e9e du jeudi <a href=\"https:\/\/www.huffingtonpost.fr\/france\/article\/je-scanne-tout-le-monde-les-attentats-du-13-novembre-ont-change-leurs-reflexes-dans-l-espace-public_256992.html\" target=\"_blank\" rel=\"noopener\" title=\"Nouvelle fen\u00eatre\">13\u00a0novembre<\/a> va marquer les <a href=\"https:\/\/www.huffingtonpost.fr\/justice\/article\/salah-abdeslam-envisage-une-demarche-de-justice-restaurative-avec-des-victimes-du-13-novembre_257034.html\" target=\"_blank\" rel=\"noopener\" title=\"Nouvelle fen\u00eatre\">dix ans des attentats<\/a> de Paris, la Ville Lumi\u00e8re rend un hommage aux victimes d\u00e8s ce mercredi. Plusieurs monuments parisiens embl\u00e9matiques sont \u00e9clair\u00e9s en bleu, blanc et rouge comme l\u2019ont not\u00e9 <a href=\"https:\/\/www.leparisien.fr\/paris-75\/13-novembre-trois-monuments-de-paris-silluminent-en-bleu-blanc-rouge-pour-rendre-hommage-aux-victimes-12-11-2025-KM2WVZ5LCVFIPOKCHDDD3GRSBM.php\" target=\"_blank\" rel=\"noopener\" title=\"Nouvelle fen\u00eatre\">Le Parisien<\/a> et plusieurs internautes.<\/p>\n<p class=\"asset asset-text\">Les 13\u00a0novembre\u00a02015, les attaques <a href=\"https:\/\/www.huffingtonpost.fr\/justice\/article\/quelles-sont-les-conditions-de-detention-de-salah-abdeslam-dix-ans-apres-les-attentats-du-13-novembre_256789.html\" target=\"_blank\" rel=\"noopener\">terroristes<\/a> dans plusieurs quartiers de la capitale et \u00e0 Saint-Denis ont fait pr\u00e8s de 400\u00a0bless\u00e9s et plus de 130\u00a0morts \u2013 dont 90\u00a0personnes tu\u00e9es dans la salle de concert du Bataclan. \u00ab\u00a010\u00a0ans apr\u00e8s, Paris et la Nation tout enti\u00e8re rendent cette semaine hommage aux victimes [\u2026], \u00e0 leurs familles et \u00e0 leurs proches\u00a0\u00bb, a \u00e9crit Anne Hidalgo lundi sur son compte Instagram.<\/p>\n<p class=\"asset asset-text\">Et la maire de Paris d\u2019annoncer\u00a0: \u00ab\u00a0En leur m\u00e9moire, la tour Eiffel s\u2019illuminera en bleu, blanc et rouge mercredi\u00a012\u00a0et jeudi 13\u00a0novembre d\u00e8s la tomb\u00e9e de la nuit. Paris se souvient. Nous ne les oublierons jamais.\u00a0\u00bb La promesse a d\u00e9j\u00e0 \u00e9t\u00e9 tenue avant l\u2019aube ce mercredi, rapporte Le Parisien, pr\u00e9cisant que la Dame de Fer \u00e9tait d\u00e9j\u00e0 illumin\u00e9e aux couleurs du drapeau \u00ab\u00a0aux alentours de 5\u00a0heures du matin, [\u2026] vraisemblablement pour un test technique\u00a0\u00bb.<\/p>\n<p class=\"asset asset-text\">Ce mercredi dans la soir\u00e9e, le plus c\u00e9l\u00e8bre monument de Paris a \u00e9t\u00e9 \u00e0 nouveau \u00e9clair\u00e9 aux couleurs nationales, <strong>comme vous pouvez le voir ci-dessous<\/strong> ou sur la photo prise par l\u2019AFP et plac\u00e9e en t\u00eate d\u2019article. D\u2019autres lieux embl\u00e9matiques de la capitale ont eu le droit au m\u00eame traitement, notamment l\u2019H\u00f4tel de ville situ\u00e9 dans le centre de Paris.<\/p>\n<p> La lecture de ce contenu est susceptible d\u2019entra\u00eener un d\u00e9p\u00f4t de cookies de la part de l\u2019op\u00e9rateur tiers qui l\u2019h\u00e9berge. Compte-tenu des choix que vous avez exprim\u00e9s en mati\u00e8re de d\u00e9p\u00f4t de cookies, nous avons bloqu\u00e9 l\u2019affichage de ce contenu. Si vous souhaitez y acc\u00e9der, vous devez accepter la cat\u00e9gorie de cookies \u201cContenus tiers\u201d en cliquant sur le bouton ci-dessous. <\/p>\n<p> Lire la Vid\u00e9o        Une fresque inaugur\u00e9e dans le 11e arrondissement    <\/p>\n<p class=\"asset asset-text\">La statue de la place de la R\u00e9publique, situ\u00e9e dans l\u2019est de la capitale \u00e0 dix minutes \u00e0 pied du Bataclan, brillait elle aussi en bleu, blanc et rouge, <strong>comme vous pouvez le constater sur les images ci-dessous<\/strong>. Un moment de recueillement y \u00e9tait organis\u00e9 ce mercredi en pr\u00e9sence d\u2019Anne Hidalgo et de plusieurs \u00e9lus. \u00ab\u00a0De nombreuses fleurs et bougies ont \u00e9t\u00e9 d\u00e9pos\u00e9es par <a href=\"https:\/\/www.huffingtonpost.fr\/france\/article\/visages-des-commemorations-du-13-novembre-ils-se-confient-dix-ans-apres-la-sequence-du-petit-journal_256981.html\" target=\"_blank\" rel=\"noopener\">des badauds<\/a>\u00a0\u00bb, a constat\u00e9 un journaliste de Radio France pr\u00e9sent sur place.<\/p>\n<p> La lecture de ce contenu est susceptible d\u2019entra\u00eener un d\u00e9p\u00f4t de cookies de la part de l\u2019op\u00e9rateur tiers qui l\u2019h\u00e9berge. Compte-tenu des choix que vous avez exprim\u00e9s en mati\u00e8re de d\u00e9p\u00f4t de cookies, nous avons bloqu\u00e9 l\u2019affichage de ce contenu. Si vous souhaitez y acc\u00e9der, vous devez accepter la cat\u00e9gorie de cookies \u201cContenus tiers\u201d en cliquant sur le bouton ci-dessous. <\/p>\n<p> Lire la Vid\u00e9o           <\/p>\n<p> La lecture de ce contenu est susceptible d\u2019entra\u00eener un d\u00e9p\u00f4t de cookies de la part de l\u2019op\u00e9rateur tiers qui l\u2019h\u00e9berge. Compte-tenu des choix que vous avez exprim\u00e9s en mati\u00e8re de d\u00e9p\u00f4t de cookies, nous avons bloqu\u00e9 l\u2019affichage de ce contenu. Si vous souhaitez y acc\u00e9der, vous devez accepter la cat\u00e9gorie de cookies \u201cContenus tiers\u201d en cliquant sur le bouton ci-dessous. <\/p>\n<p> Lire la Vid\u00e9o        <\/p>\n<p class=\"asset asset-text\">Plus t\u00f4t ce mercredi, une fresque en hommage aux victimes du 13-Novembre a \u00e9galement \u00e9t\u00e9 inaugur\u00e9e dans le 11e arrondissement, \u00e0 quelques rues des terrasses attaqu\u00e9es \u00e0 l\u2019arme de guerre. Cette peinture, <strong>que vous pouvez voir dans la publication juste en dessous<\/strong>, repr\u00e9sente deux rescap\u00e9s dans les bras l\u2019un de l\u2019autre. Haute de plusieurs m\u00e8tres, elle est intitul\u00e9e \u00ab\u00a0Paris, France, vendredi\u00a013\u00a0novembre\u00a02015\u00a0\u00bb.<\/p>\n<p> La lecture de ce contenu est susceptible d\u2019entra\u00eener un d\u00e9p\u00f4t de cookies de la part de l\u2019op\u00e9rateur tiers qui l\u2019h\u00e9berge. Compte-tenu des choix que vous avez exprim\u00e9s en mati\u00e8re de d\u00e9p\u00f4t de cookies, nous avons bloqu\u00e9 l\u2019affichage de ce contenu. Si vous souhaitez y acc\u00e9der, vous devez accepter la cat\u00e9gorie de cookies \u201cContenus tiers\u201d en cliquant sur le bouton ci-dessous. <\/p>\n<p> Lire la Vid\u00e9o        <\/p>\n<p class=\"asset asset-text\">Les illuminations de plusieurs monuments parisiens en bleu, blanc et rouge ne sont pas sans rappeler les hommages rendus \u00e0 travers le monde, il y a dix ans, dans la foul\u00e9e des attaques. Comme le relevait <a href=\"https:\/\/www.franceinfo.fr\/faits-divers\/terrorisme\/attaques-du-13-novembre-a-paris\/en-images-apres-les-attentats-le-monde-en-bleu-blanc-rouge-solidaire-avec-la-france_1174771.html\" target=\"_blank\" rel=\"noopener\" title=\"Nouvelle fen\u00eatre\">franceinfo<\/a> \u00e0 l\u2019\u00e9poque, le S\u00e9nat mexicain, l\u2019Op\u00e9ra de Sydney, la Grande Roue de Las Vegas ou encore la mairie de San Francisco avaient tous \u00e9t\u00e9 \u00e9clair\u00e9s aux couleurs fran\u00e7aises pour honorer la m\u00e9moire des victimes.<\/p>\n","protected":false},"excerpt":{"rendered":"LUDOVIC MARIN \/ AFP En m\u00e9moire du 13-Novembre, plusieurs monuments parisiens dont la Tour Eiffel sont \u00e9clair\u00e9s en&hellip;\n","protected":false},"author":2,"featured_media":530060,"comment_status":"","ping_status":"","sticky":false,"template":"","format":"standard","meta":{"footnotes":""},"categories":[1888],"tags":[11,63085,1777,674,1011,27,4879,12,626,25,1254],"class_list":{"0":"post-530059","1":"post","2":"type-post","3":"status-publish","4":"format-standard","5":"has-post-thumbnail","7":"category-paris","8":"tag-actualites","9":"tag-attentats-13-novembre-2015","10":"tag-eu","11":"tag-europe","12":"tag-fr","13":"tag-france","14":"tag-hommage","15":"tag-news","16":"tag-paris","17":"tag-republique-francaise","18":"tag-terrorisme"},"share_on_mastodon":{"url":"https:\/\/pubeurope.com\/@fr\/115539342572286157","error":""},"_links":{"self":[{"href":"https:\/\/www.europesays.com\/fr\/wp-json\/wp\/v2\/posts\/530059","targetHints":{"allow":["GET"]}}],"collection":[{"href":"https:\/\/www.europesays.com\/fr\/wp-json\/wp\/v2\/posts"}],"about":[{"href":"https:\/\/www.europesays.com\/fr\/wp-json\/wp\/v2\/types\/post"}],"author":[{"embeddable":true,"href":"https:\/\/www.europesays.com\/fr\/wp-json\/wp\/v2\/users\/2"}],"replies":[{"embeddable":true,"href":"https:\/\/www.europesays.com\/fr\/wp-json\/wp\/v2\/comments?post=530059"}],"version-history":[{"count":0,"href":"https:\/\/www.europesays.com\/fr\/wp-json\/wp\/v2\/posts\/530059\/revisions"}],"wp:featuredmedia":[{"embeddable":true,"href":"https:\/\/www.europesays.com\/fr\/wp-json\/wp\/v2\/media\/530060"}],"wp:attachment":[{"href":"https:\/\/www.europesays.com\/fr\/wp-json\/wp\/v2\/media?parent=530059"}],"wp:term":[{"taxonomy":"category","embeddable":true,"href":"https:\/\/www.europesays.com\/fr\/wp-json\/wp\/v2\/categories?post=530059"},{"taxonomy":"post_tag","embeddable":true,"href":"https:\/\/www.europesays.com\/fr\/wp-json\/wp\/v2\/tags?post=530059"}],"curies":[{"name":"wp","href":"https:\/\/api.w.org\/{rel}","templated":true}]}}