{"id":530061,"date":"2025-11-12T23:33:16","date_gmt":"2025-11-12T23:33:16","guid":{"rendered":"https:\/\/www.europesays.com\/fr\/530061\/"},"modified":"2025-11-12T23:33:16","modified_gmt":"2025-11-12T23:33:16","slug":"ukraine-le-g7-reflechit-a-la-maniere-damener-la-russie-a-des-negociations-de-paix","status":"publish","type":"post","link":"https:\/\/www.europesays.com\/fr\/530061\/","title":{"rendered":"Ukraine-Le G7 r\u00e9fl\u00e9chit \u00e0 la mani\u00e8re d&rsquo;amener la Russie \u00e0 des n\u00e9gociations de paix"},"content":{"rendered":"<p>NIAGARA, Canada (Reuters) &#8211;     Les ministres des Affaires \u00e9trang\u00e8re des pays membres du Groupe des Sept (G7) ont discut\u00e9 mercredi des moyens d&rsquo;accro\u00eetre la pression sur la Russie, alors que des doutes subsistent quant \u00e0 la volont\u00e9 de Moscou de n\u00e9gocier la fin du conflit en Ukraine.<\/p>\n<p>\n              Le secr\u00e9taire d&rsquo;Etat am\u00e9ricain Marco Rubio \u00e9tait pr\u00e9sent \u00e0 cette r\u00e9union, organis\u00e9e au Canada, \u00e0 laquelle participait \u00e9galement le ministre ukrainien des Affaires \u00e9trang\u00e8res Andrii Sybiha, qui a plaid\u00e9 pour que les alli\u00e9s de Kyiv renforcent ses capacit\u00e9s en mati\u00e8re de missiles \u00e0 longue port\u00e9e et soutiennent son secteur \u00e9nerg\u00e9tique.<\/p>\n<p>\n              Les relations entre la Russie et les Etats-Unis se sont d\u00e9t\u00e9rior\u00e9es ces derni\u00e8res semaines alors que le pr\u00e9sident am\u00e9ricain Donald Trump, frustr\u00e9 du manque de progr\u00e8s sur le dossier ukrainien, a annul\u00e9 un sommet pr\u00e9vu avec son homologue russe Vladimir Poutine et a impos\u00e9 des sanctions contre Moscou pour la premi\u00e8re fois depuis son retour \u00e0 la Maison blanche.<\/p>\n<p>\n              Les ministres des Affaires \u00e9trang\u00e8res du G7 ont publi\u00e9 une d\u00e9claration commune dans laquelle ils ont de nouveau appel\u00e9 \u00e0 un cessez-le-feu imm\u00e9diat et ont dit: \u00ab\u00a0Nous augmentons le co\u00fbt \u00e9conomique pour la Russie et nous \u00e9tudions des mesures contre les pays qui aident \u00e0 financer l&rsquo;effort de guerre russe.\u00a0\u00bb<\/p>\n<p>\n              Kaja Kallas, haute repr\u00e9sentante de l&rsquo;Union europ\u00e9enne pour les Affaires \u00e9trang\u00e8res, a d\u00e9clar\u00e9 \u00e0 Reuters en marge des n\u00e9gociations que les discussions visaient \u00e0 accro\u00eetre la pression sur la Russie pour parvenir \u00e0 la paix.<\/p>\n<p>\n              Apr\u00e8s avoir rencontr\u00e9 les ministres des Affaires \u00e9trang\u00e8res du G7, Andrii Sybiha a f\u00e9licit\u00e9 Washington pour les nouvelles sanctions impos\u00e9es aux compagnies p\u00e9troli\u00e8res russes le mois dernier.<\/p>\n<p>\n              \u00ab\u00a0Nous devons continuer \u00e0 augmenter le co\u00fbt de la guerre pour (Vladimir) Poutine et son r\u00e9gime, afin de forcer la Russie \u00e0 mettre fin \u00e0 la guerre\u00a0\u00bb, a-t-il \u00e9crit sur le r\u00e9seau social X.<\/p>\n<p> (Avec David Ljunggren, Michelle Nichols et Simon Lewis; version fran\u00e7aise Camille Raynaud)<\/p>\n<p>\n            par Daphne Psaledakis et Maria  Cheng<\/p>\n","protected":false},"excerpt":{"rendered":"NIAGARA, Canada (Reuters) &#8211; Les ministres des Affaires \u00e9trang\u00e8re des pays membres du Groupe des Sept (G7) ont&hellip;\n","protected":false},"author":2,"featured_media":530062,"comment_status":"","ping_status":"","sticky":false,"template":"","format":"standard","meta":{"footnotes":""},"categories":[1591],"tags":[11,340,1887,12,1885,1886,132],"class_list":{"0":"post-530061","1":"post","2":"type-post","3":"status-publish","4":"format-standard","5":"has-post-thumbnail","7":"category-russie","8":"tag-actualites","9":"tag-bourse","10":"tag-federation-de-russie","11":"tag-news","12":"tag-russia","13":"tag-russian-federation","14":"tag-russie"},"share_on_mastodon":{"url":"https:\/\/pubeurope.com\/@fr\/115539345702007817","error":""},"_links":{"self":[{"href":"https:\/\/www.europesays.com\/fr\/wp-json\/wp\/v2\/posts\/530061","targetHints":{"allow":["GET"]}}],"collection":[{"href":"https:\/\/www.europesays.com\/fr\/wp-json\/wp\/v2\/posts"}],"about":[{"href":"https:\/\/www.europesays.com\/fr\/wp-json\/wp\/v2\/types\/post"}],"author":[{"embeddable":true,"href":"https:\/\/www.europesays.com\/fr\/wp-json\/wp\/v2\/users\/2"}],"replies":[{"embeddable":true,"href":"https:\/\/www.europesays.com\/fr\/wp-json\/wp\/v2\/comments?post=530061"}],"version-history":[{"count":0,"href":"https:\/\/www.europesays.com\/fr\/wp-json\/wp\/v2\/posts\/530061\/revisions"}],"wp:featuredmedia":[{"embeddable":true,"href":"https:\/\/www.europesays.com\/fr\/wp-json\/wp\/v2\/media\/530062"}],"wp:attachment":[{"href":"https:\/\/www.europesays.com\/fr\/wp-json\/wp\/v2\/media?parent=530061"}],"wp:term":[{"taxonomy":"category","embeddable":true,"href":"https:\/\/www.europesays.com\/fr\/wp-json\/wp\/v2\/categories?post=530061"},{"taxonomy":"post_tag","embeddable":true,"href":"https:\/\/www.europesays.com\/fr\/wp-json\/wp\/v2\/tags?post=530061"}],"curies":[{"name":"wp","href":"https:\/\/api.w.org\/{rel}","templated":true}]}}