{"id":530063,"date":"2025-11-12T23:34:14","date_gmt":"2025-11-12T23:34:14","guid":{"rendered":"https:\/\/www.europesays.com\/fr\/530063\/"},"modified":"2025-11-12T23:34:14","modified_gmt":"2025-11-12T23:34:14","slug":"le-g7-appelle-a-un-cessez-le-feu-urgent-en-ukraine-et-a-la-desescalade-au-soudan-actualites","status":"publish","type":"post","link":"https:\/\/www.europesays.com\/fr\/530063\/","title":{"rendered":"Le G7 appelle \u00e0 un cessez-le-feu urgent en Ukraine et \u00e0 la d\u00e9sescalade au Soudan : Actualit\u00e9s"},"content":{"rendered":"<p class=\"lead \">Le G7 a estim\u00e9 mercredi qu&rsquo;un cessez-le-feu \u00e9tait n\u00e9cessaire de \u00ab\u00a0toute urgence\u00a0\u00bb en Ukraine apr\u00e8s plus de trois ans de guerre, sans pour autant durcir le ton contre la Russie, et tir\u00e9 la sonnette d&rsquo;alarme sur la r\u00e9cente escalade du conflit au Soudan.<\/p>\n<p class=\"lead \">\u00ab\u00a0Nous avons r\u00e9it\u00e9r\u00e9 qu&rsquo;un cessez-le-feu imm\u00e9diat \u00e9tait n\u00e9cessaire de toute urgence\u00a0\u00bb, ont d\u00e9clar\u00e9 les ministres des Affaires \u00e9trang\u00e8res des Etats-Unis, de la France, du Canada, de l&rsquo;Italie, de l&rsquo;Allemagne, du Royaume-Uni et du Japon dans leur communiqu\u00e9 final apr\u00e8s une r\u00e9union de deux jours \u00e0 Niagara (Canada).<\/p>\n<p class=\"lead \">\u00ab\u00a0Les fronti\u00e8res internationales ne doivent pas \u00eatre modifi\u00e9es par la force\u00a0\u00bb, ont-ils ajout\u00e9, r\u00e9p\u00e9tant leur \u00ab\u00a0soutien ind\u00e9fectible\u00a0\u00bb \u00e0 Kiev et \u00e0 la souverainet\u00e9 du pays.<\/p>\n<p class=\"lead \">\u00ab\u00a0L&rsquo;Ukraine veut la fin de la guerre aussi rapidement que possible\u00a0\u00bb, a plaid\u00e9 le ministre ukrainien des Affaires \u00e9trang\u00e8res Andri\u00ef Sybiga, invit\u00e9, avant d&rsquo;appeler le G7 \u00e0 continuer \u00e0 investir dans la fabrication de missiles et de drones, et la d\u00e9fense a\u00e9rienne de l&rsquo;Ukraine. <\/p>\n<p class=\"lead \">Selon lui, le pr\u00e9sident russe Vladimir Poutine \u00ab\u00a0se fait toujours l&rsquo;illusion qu&rsquo;il peut gagner\u00a0\u00bb.<\/p>\n<p class=\"lead \">Plus t\u00f4t, Ottawa, h\u00f4te du sommet, a annonc\u00e9 de nouvelles sanctions contre Moscou au moment o\u00f9, \u00e0 l&rsquo;approche de l&rsquo;hiver, l&rsquo;Ukraine est la cible d&rsquo;attaques russes redoubl\u00e9es sur ses infrastructures \u00e9nerg\u00e9tiques.<\/p>\n<p class=\"lead \">Le mois dernier, Donald Trump avait impos\u00e9 des sanctions aux deux plus grandes compagnies p\u00e9troli\u00e8res russes -Rosneft et Lukoil- fustigeant Vladimir Poutine pour son refus de mettre fin au conflit.<\/p>\n<p class=\"lead \">&#8211; \u00ab\u00a0Impact d\u00e9vastateur\u00a0\u00bb &#8211;<\/p>\n<p class=\"lead \">Pour cette seconde rencontre de l&rsquo;ann\u00e9e des chefs de la diplomatie du club des grandes d\u00e9mocraties industrialis\u00e9es, les repr\u00e9sentants de l&rsquo;Afrique du Sud, de l&rsquo;Australie, du Br\u00e9sil, de l&rsquo;Inde, du Mexique, de la Cor\u00e9e du Sud et de l&rsquo;Arabie saoudite, avaient \u00e9galement \u00e9t\u00e9 invit\u00e9s.<\/p>\n<p class=\"lead \">Tous ont \u00e9voqu\u00e9 le conflit au Soudan, qui s&rsquo;est encore aggrav\u00e9 ces derni\u00e8res semaines. <\/p>\n<p class=\"lead \">\u00ab\u00a0Nous d\u00e9plorons l&rsquo;impact d\u00e9vastateur de cette guerre sur les civils et civiles, notamment la famine qui a conduit \u00e0 la plus grande crise humanitaire au monde. Nous condamnons sans \u00e9quivoque les violences sexuelles\u00a0\u00bb, a d\u00e9nonc\u00e9 le G7.<\/p>\n<p class=\"lead \">Ce grand pays d&rsquo;Afrique est d\u00e9chir\u00e9 depuis avril 2023 par une lutte pour le pouvoir opposant l&rsquo;arm\u00e9e aux paramilitaires des Forces de soutien rapide (FSR), tous deux accus\u00e9s d&rsquo;exactions. Le conflit a fait des dizaines de milliers de morts, d\u00e9plac\u00e9 pr\u00e8s de 12 millions de personnes et provoqu\u00e9 la pire crise humanitaire au monde selon l&rsquo;ONU. <\/p>\n<p class=\"lead \">Dans la foul\u00e9e, l&rsquo;Am\u00e9ricain Marco Rubio a demand\u00e9 l&rsquo;arr\u00eat des livraisons d&rsquo;armes aux paramilitaires: \u00ab\u00a0Quelque chose doit \u00eatre fait pour arr\u00eater les livraisons d&rsquo;armes et le soutien dont b\u00e9n\u00e9ficient les FSR, alors qu&rsquo;ils continuent leurs avanc\u00e9es\u00a0\u00bb.<\/p>\n<p class=\"lead \">Les Emirats arabes unis, alli\u00e9s des Etats-Unis, sont accus\u00e9s par certaines ONG de fournir des armes aux FSR, ce qu&rsquo;ils d\u00e9mentent.<\/p>\n<p class=\"lead \">Lors des r\u00e9unions, deux dossiers tr\u00e8s conflictuels ont \u00e9t\u00e9 \u00e9vit\u00e9s, d&rsquo;apr\u00e8s les participants: le Venezuela et la brouille canado-am\u00e9ricaine sur les droits de douane.<\/p>\n<p class=\"lead \">En quittant le Canada, Marco Rubio a affirm\u00e9 que ses alli\u00e9s du G7 n&rsquo;avaient pas \u00e9voqu\u00e9 le dossier v\u00e9n\u00e9zu\u00e9lien avec lui. La veille, le ministre fran\u00e7ais Jean-No\u00ebl Barrot s&rsquo;\u00e9tait pourtant dit \u00ab\u00a0pr\u00e9occup\u00e9\u00a0\u00bb par les op\u00e9rations militaires am\u00e9ricaines dans les Cara\u00efbes.<\/p>\n<p class=\"lead \">Ces derni\u00e8res semaines, les Etats-Unis ont men\u00e9 une s\u00e9rie de frappes dans les Cara\u00efbes et le Pacifique contre des embarcations qu&rsquo;ils accusent  -sans pr\u00e9senter de preuves- de transporter de la drogue, faisant au total 76 morts.<\/p>\n<p class=\"lead \">Le Canada et les Etats-Unis n&rsquo;ont pas non plus \u00e9voqu\u00e9 la question de leur diff\u00e9rend \u00e9conomique.<\/p>\n<p class=\"lead \">Ils avaient entam\u00e9 depuis des semaines des discussions commerciales mais vex\u00e9 par une publicit\u00e9 canadienne concernant les droits de douane, Donald Trump a annonc\u00e9 fin octobre y mettre un terme. Depuis, Ottawa a plusieurs fois dit \u00eatre pr\u00eat \u00e0 reprendre la discussion.<\/p>\n<p class=\"lead \">De son c\u00f4t\u00e9, la ministre canadienne Anita Anand a expliqu\u00e9 qu&rsquo;elle n&rsquo;\u00e9tait pas en charge du dossier et qu&rsquo;elle n&rsquo;avait pas abord\u00e9 ce sujet avec Marco Rubio. <\/p>\n<p class=\"lead \">\u00ab\u00a0Nous entretenons d&rsquo;excellentes relations de travail\u00a0\u00bb, a-t-elle affirm\u00e9, expliquant qu&rsquo;ils s&rsquo;\u00e9taient concentr\u00e9s sur \u00ab\u00a0leur collaboration sur de nombreux dossiers, de l&rsquo;Ukraine au Moyen-Orient, en passant par Ha\u00efti et l&rsquo;Arctique\u00a0\u00bb.<\/p>\n<p class=\"small font-weight-bold text-gray3 \"> publi\u00e9 le 13 novembre \u00e0 00h02, AFP<\/p>\n<p>                             Partager<\/p>\n","protected":false},"excerpt":{"rendered":"Le G7 a estim\u00e9 mercredi qu&rsquo;un cessez-le-feu \u00e9tait n\u00e9cessaire de \u00ab\u00a0toute urgence\u00a0\u00bb en Ukraine apr\u00e8s plus de trois&hellip;\n","protected":false},"author":2,"featured_media":530064,"comment_status":"","ping_status":"","sticky":false,"template":"","format":"standard","meta":{"footnotes":""},"categories":[1590],"tags":[11,574,2120,312,1777,674,23564,12,132,4535,220],"class_list":{"0":"post-530063","1":"post","2":"type-post","3":"status-publish","4":"format-standard","5":"has-post-thumbnail","7":"category-ukraine","8":"tag-actualites","9":"tag-canada","10":"tag-conflit","11":"tag-diplomatie","12":"tag-eu","13":"tag-europe","14":"tag-g7","15":"tag-news","16":"tag-russie","17":"tag-soudan","18":"tag-ukraine"},"share_on_mastodon":{"url":"https:\/\/pubeurope.com\/@fr\/115539349634219557","error":""},"_links":{"self":[{"href":"https:\/\/www.europesays.com\/fr\/wp-json\/wp\/v2\/posts\/530063","targetHints":{"allow":["GET"]}}],"collection":[{"href":"https:\/\/www.europesays.com\/fr\/wp-json\/wp\/v2\/posts"}],"about":[{"href":"https:\/\/www.europesays.com\/fr\/wp-json\/wp\/v2\/types\/post"}],"author":[{"embeddable":true,"href":"https:\/\/www.europesays.com\/fr\/wp-json\/wp\/v2\/users\/2"}],"replies":[{"embeddable":true,"href":"https:\/\/www.europesays.com\/fr\/wp-json\/wp\/v2\/comments?post=530063"}],"version-history":[{"count":0,"href":"https:\/\/www.europesays.com\/fr\/wp-json\/wp\/v2\/posts\/530063\/revisions"}],"wp:featuredmedia":[{"embeddable":true,"href":"https:\/\/www.europesays.com\/fr\/wp-json\/wp\/v2\/media\/530064"}],"wp:attachment":[{"href":"https:\/\/www.europesays.com\/fr\/wp-json\/wp\/v2\/media?parent=530063"}],"wp:term":[{"taxonomy":"category","embeddable":true,"href":"https:\/\/www.europesays.com\/fr\/wp-json\/wp\/v2\/categories?post=530063"},{"taxonomy":"post_tag","embeddable":true,"href":"https:\/\/www.europesays.com\/fr\/wp-json\/wp\/v2\/tags?post=530063"}],"curies":[{"name":"wp","href":"https:\/\/api.w.org\/{rel}","templated":true}]}}