{"id":530067,"date":"2025-11-12T23:36:23","date_gmt":"2025-11-12T23:36:23","guid":{"rendered":"https:\/\/www.europesays.com\/fr\/530067\/"},"modified":"2025-11-12T23:36:23","modified_gmt":"2025-11-12T23:36:23","slug":"royaume-uni-la-crainte-dun-renversement-du-premier-ministre-plane-sur-fond-dimpopularite","status":"publish","type":"post","link":"https:\/\/www.europesays.com\/fr\/530067\/","title":{"rendered":"Royaume-Uni : la crainte d&rsquo;un renversement du Premier ministre plane, sur fond d&rsquo;impopularit\u00e9"},"content":{"rendered":"<p>Des alli\u00e9s de Keir Starmer, chef du gouvernement depuis la victoire \u00e9crasante du Labour aux l\u00e9gislatives de juillet 2024, ont affirm\u00e9 que celui-ci \u00e9tait menac\u00e9 d\u2019une tentative de renversement au sein de son parti, lors d\u2019\u00e9changes mardi soir avec des m\u00e9dias britanniques.<\/p>\n<p>Le Premier ministre est au plus bas dans les sondages, critiqu\u00e9 aussi bien sur sa gestion de l\u2019immigration irr\u00e9guli\u00e8re que sur l\u2019\u00e9conomie qui est \u00e0 la peine. Il fait face \u00e0 la mont\u00e9e du parti d\u2019extr\u00eame droite Reform UK de Nigel Farage, en t\u00eate des intentions de vote depuis plusieurs mois.<\/p>\n<p>\u00ab\u00a0Il se battra\u00a0\u00bb<\/p>\n<p>Les prochaines l\u00e9gislatives ne sont pas pr\u00e9vues avant 2029, mais le gouvernement sera soumis \u00e0 un test \u00e9lectoral important lors de scrutins locaux en mai 2026. Keir Starmer \u00ab\u00a0sait qu\u2019il est d\u00e9j\u00e0 engag\u00e9 dans une bataille pour la direction (du parti). Quand elle arrivera, il ne d\u00e9missionnera pas. Il se battra\u00a0\u00bb, a dit un proche du Premier ministre au Times.<\/p>\n<p>Des alli\u00e9s du dirigeant britannique craignent qu\u2019il soit menac\u00e9 d\u00e8s la fin novembre, dans la foul\u00e9e de la pr\u00e9sentation du budget, rapporte la BBC.<\/p>\n<p>Keir Starmer est \u00ab\u00a0l\u2019une des deux seules personnes encore en vie \u00e0 avoir remport\u00e9 des \u00e9lections l\u00e9gislatives pour le parti travailliste. Ce serait de la folie de se pr\u00e9senter contre lui apr\u00e8s 17 mois\u00a0\u00bb, a dit \u00e0 la BBC un membre du gouvernement, sous couvert d\u2019anonymat.<\/p>\n<p>Une mauvaise opinion pour 73\u00a0% des Britanniques<\/p>\n<p>Wes Streeting, 42 ans, ferait partie des personnalit\u00e9s du parti travailliste en train de \u00ab\u00a0man\u0153uvrer\u00a0\u00bb pour remplacer Keir Starmer, selon des proches du chef du gouvernement. Les ministres de l\u2019Int\u00e9rieur Shabana Mahmood et de l\u2019\u00c9nergie Ed Miliband sont \u00e9galement cit\u00e9s, selon la BBC.<\/p>\n<p>Ces \u00e9changes avec les m\u00e9dias sont \u00ab\u00a0totalement contre-productifs (\u2026). Je ne comprends pas comment quelqu\u2019un peut penser que cela aide le Premier ministre\u00a0\u00bb, a d\u00e9clar\u00e9 Wes Streeting sur Sky News.<\/p>\n<p>D\u2019apr\u00e8s un sondage YouGov du 3 novembre, 73\u00a0% des Britanniques ont une opinion d\u00e9favorable de Keir Starmer.<\/p>\n<p>Les m\u00e9dias britanniques ne cessent de sp\u00e9culer sur les mesures impopulaires que la ministre des Finances, Rachel Reeves, pourrait annoncer le 26 novembre lors de la pr\u00e9sentation du budget, dont de nouvelles augmentations de taxes, apr\u00e8s de fortes hausses d\u2019imp\u00f4ts cette ann\u00e9e.<\/p>\n<p>Selon les r\u00e8gles du parti travailliste, pour renverser Keir Starmer, il faudrait que 20\u00a0% des d\u00e9put\u00e9s du Labour soutiennent cette d\u00e9marche, soit actuellement 80 \u00e9lus.<\/p>\n","protected":false},"excerpt":{"rendered":"Des alli\u00e9s de Keir Starmer, chef du gouvernement depuis la victoire \u00e9crasante du Labour aux l\u00e9gislatives de juillet&hellip;\n","protected":false},"author":2,"featured_media":530068,"comment_status":"","ping_status":"","sticky":false,"template":"","format":"standard","meta":{"footnotes":""},"categories":[1588],"tags":[11,765,1777,674,74,12,473,1853,1851,1850,1852],"class_list":{"0":"post-530067","1":"post","2":"type-post","3":"status-publish","4":"format-standard","5":"has-post-thumbnail","7":"category-royaume-uni","8":"tag-actualites","9":"tag-en-continu","10":"tag-eu","11":"tag-europe","12":"tag-monde","13":"tag-news","14":"tag-royaume-uni","15":"tag-royaume-uni-de-grande-bretagne-et-dirlande-du-nord","16":"tag-uk","17":"tag-united-kingdom","18":"tag-united-kingdom-of-great-britain-and-northern-ireland"},"share_on_mastodon":{"url":"https:\/\/pubeurope.com\/@fr\/115539357782139153","error":""},"_links":{"self":[{"href":"https:\/\/www.europesays.com\/fr\/wp-json\/wp\/v2\/posts\/530067","targetHints":{"allow":["GET"]}}],"collection":[{"href":"https:\/\/www.europesays.com\/fr\/wp-json\/wp\/v2\/posts"}],"about":[{"href":"https:\/\/www.europesays.com\/fr\/wp-json\/wp\/v2\/types\/post"}],"author":[{"embeddable":true,"href":"https:\/\/www.europesays.com\/fr\/wp-json\/wp\/v2\/users\/2"}],"replies":[{"embeddable":true,"href":"https:\/\/www.europesays.com\/fr\/wp-json\/wp\/v2\/comments?post=530067"}],"version-history":[{"count":0,"href":"https:\/\/www.europesays.com\/fr\/wp-json\/wp\/v2\/posts\/530067\/revisions"}],"wp:featuredmedia":[{"embeddable":true,"href":"https:\/\/www.europesays.com\/fr\/wp-json\/wp\/v2\/media\/530068"}],"wp:attachment":[{"href":"https:\/\/www.europesays.com\/fr\/wp-json\/wp\/v2\/media?parent=530067"}],"wp:term":[{"taxonomy":"category","embeddable":true,"href":"https:\/\/www.europesays.com\/fr\/wp-json\/wp\/v2\/categories?post=530067"},{"taxonomy":"post_tag","embeddable":true,"href":"https:\/\/www.europesays.com\/fr\/wp-json\/wp\/v2\/tags?post=530067"}],"curies":[{"name":"wp","href":"https:\/\/api.w.org\/{rel}","templated":true}]}}