{"id":530069,"date":"2025-11-12T23:37:14","date_gmt":"2025-11-12T23:37:14","guid":{"rendered":"https:\/\/www.europesays.com\/fr\/530069\/"},"modified":"2025-11-12T23:37:14","modified_gmt":"2025-11-12T23:37:14","slug":"grace-de-boualem-sansal-en-algerie-lecrivain-est-bien-arrive-en-allemagne","status":"publish","type":"post","link":"https:\/\/www.europesays.com\/fr\/530069\/","title":{"rendered":"Gr\u00e2ce de Boualem Sansal en Alg\u00e9rie : L\u2019\u00e9crivain est bien arriv\u00e9 en Allemagne"},"content":{"rendered":"<p class=\"mb-4 text-lg md:leading-8 break-words\"><strong>LIB\u00c9RATION &#8211; Graci\u00e9 apr\u00e8s un an de d\u00e9tention en Alg\u00e9rie, l\u2019\u00e9crivain franco-alg\u00e9rien Boualem Sansal a \u00e9t\u00e9 transf\u00e9r\u00e9 mercredi soir \u00e0 Berlin \u00e0 bord d\u2019un avion militaire allemand pour y recevoir des soins<\/strong><\/p>\n<p class=\"mb-4 text-lg md:leading-8 break-words\">L\u2019<a href=\"https:\/\/www.20minutes.fr\/monde\/4185144-20251112-algerie-accepte-gracier-ecrivain-boualem-sansal?at_medium=RSS%20feed&amp;at_campaign=ynews&amp;utm_source=yahoo&amp;utm_medium=rss&amp;utm_campaign=news_feed&amp;utm_content=in_article_link\" rel=\"nofollow noopener\" target=\"_blank\" data-ylk=\"slk:\u00e9crivain franco-alg\u00e9rien Boualem Sansal;elm:context_link;itc:0;sec:content-canvas\" class=\"link \">\u00e9crivain franco-alg\u00e9rien Boualem Sansal<\/a>, 81 ans, a retrouv\u00e9 la libert\u00e9. Graci\u00e9 par le pr\u00e9sident alg\u00e9rien Abdelmadjid Tebboune apr\u00e8s un an d\u2019incarc\u00e9ration, il a atterri mercredi soir \u00e0 <a href=\"https:\/\/www.20minutes.fr\/dossier\/berlin?at_medium=RSS%20feed&amp;at_campaign=ynews&amp;utm_source=yahoo&amp;utm_medium=rss&amp;utm_campaign=news_feed&amp;utm_content=in_article_link\" rel=\"nofollow noopener\" target=\"_blank\" data-ylk=\"slk:Berlin;elm:context_link;itc:0;sec:content-canvas\" class=\"link \">Berlin<\/a> \u00e0 bord d\u2019un avion militaire allemand, o\u00f9 il doit d\u00e9sormais recevoir des soins m\u00e9dicaux. Le transfert s\u2019est d\u00e9roul\u00e9 en quelques heures, sous escorte diplomatique.<\/p>\n<p class=\"mb-4 text-lg md:leading-8 break-words\">Selon la porte-parole du pr\u00e9sident <a href=\"https:\/\/www.20minutes.fr\/dossier\/allemagne?at_medium=RSS%20feed&amp;at_campaign=ynews&amp;utm_source=yahoo&amp;utm_medium=rss&amp;utm_campaign=news_feed&amp;utm_content=in_article_link\" rel=\"nofollow noopener\" target=\"_blank\" data-ylk=\"slk:allemand;elm:context_link;itc:0;sec:content-canvas\" class=\"link \">allemand<\/a>, Cerstin Gammelin, un conseiller de Frank-Walter Steinmeier s\u2019est rendu personnellement \u00e0 <a href=\"https:\/\/www.20minutes.fr\/dossier\/algerie?at_medium=RSS%20feed&amp;at_campaign=ynews&amp;utm_source=yahoo&amp;utm_medium=rss&amp;utm_campaign=news_feed&amp;utm_content=in_article_link\" rel=\"nofollow noopener\" target=\"_blank\" data-ylk=\"slk:Alger;elm:context_link;itc:0;sec:content-canvas\" class=\"link \">Alger<\/a> pour accompagner l\u2019auteur jusqu\u2019\u00e0 l\u2019a\u00e9roport de Berlin. Sur place, des journalistes de l\u2019AFP ont observ\u00e9 un convoi de trois v\u00e9hicules noirs quitter l\u2019a\u00e9roport, parmi lesquels figurait l\u2019<a href=\"https:\/\/www.20minutes.fr\/monde\/ambassadeur\/?at_medium=RSS%20feed&amp;at_campaign=ynews&amp;utm_source=yahoo&amp;utm_medium=rss&amp;utm_campaign=news_feed&amp;utm_content=in_article_link\" rel=\"nofollow noopener\" target=\"_blank\" data-ylk=\"slk:ambassadeur;elm:context_link;itc:0;sec:content-canvas\" class=\"link \">ambassadeur<\/a> de France, Fran\u00e7ois Delattre. Boualem Sansal a imm\u00e9diatement \u00e9t\u00e9 pris en charge dans un h\u00f4pital berlinois, avant d\u2019\u00eatre rejoint jeudi par son \u00e9pouse arriv\u00e9e d\u2019Alg\u00e9rie.<\/p>\n<p>\u00ab\u00a0Un geste humanitaire important\u00a0\u00bb<\/p>\n<p class=\"mb-4 text-lg md:leading-8 break-words\">Cette <a href=\"https:\/\/www.20minutes.fr\/dossier\/liberation?at_medium=RSS%20feed&amp;at_campaign=ynews&amp;utm_source=yahoo&amp;utm_medium=rss&amp;utm_campaign=news_feed&amp;utm_content=in_article_link\" rel=\"nofollow noopener\" target=\"_blank\" data-ylk=\"slk:lib\u00e9ration;elm:context_link;itc:0;sec:content-canvas\" class=\"link \">lib\u00e9ration<\/a> marque l\u2019aboutissement d\u2019une intense m\u00e9diation diplomatique. Le pr\u00e9sident allemand a salu\u00e9 \u00ab\u00a0un geste humanitaire important\u00a0\u00bb de son homologue alg\u00e9rien, soulignant qu\u2019il \u00ab\u00a0t\u00e9moigne \u00e9galement de la qualit\u00e9 des relations et de la confiance entre l\u2019Allemagne et l\u2019Alg\u00e9rie\u00a0\u00bb. A Toulouse, <a href=\"https:\/\/www.20minutes.fr\/politique\/emmanuel-macron\/?at_medium=RSS%20feed&amp;at_campaign=ynews&amp;utm_source=yahoo&amp;utm_medium=rss&amp;utm_campaign=news_feed&amp;utm_content=in_article_link\" rel=\"nofollow noopener\" target=\"_blank\" data-ylk=\"slk:Emmanuel Macron;elm:context_link;itc:0;sec:content-canvas\" class=\"link \">Emmanuel Macron<\/a> a lui aussi remerci\u00e9 Abdelmadjid Tebboune et Frank-Walter Steinmeier, \u00e9voquant \u00ab\u00a0les bons offices de l\u2019Allemagne\u00a0\u00bb et \u00ab\u00a0ce geste d\u2019humanit\u00e9\u00a0\u00bb.<\/p>\n<p class=\"mb-4 text-lg md:leading-8 break-words\">Condamn\u00e9 \u00e0 cinq ans de prison en mars\u00a02025, peine confirm\u00e9e en appel le 1er\u00a0juillet, Boualem Sansal purgeait une peine pour \u00ab\u00a0atteinte \u00e0 l\u2019uni(&#8230;)<\/p>\n<p class=\"mb-4 text-lg md:leading-8 break-words\"><a href=\"https:\/\/www.20minutes.fr\/monde\/4185292-20251112-grace-boualem-sansal-algerie-ecrivain-bien-arrive-allemagne?at_medium=RSS%20feed&amp;at_campaign=ynews&amp;utm_source=yahoo&amp;utm_medium=rss&amp;utm_campaign=news_feed&amp;utm_content=read_more_link&quot;\" rel=\"nofollow noopener\" target=\"_blank\" data-ylk=\"slk:Lire la suite sur 20minutes;elm:context_link;itc:0;sec:content-canvas\" class=\"link \">Lire la suite sur 20minutes<\/a><\/p>\n<p>\u00c0 lire aussi :<br \/><a href=\"https:\/\/www.20minutes.fr\/monde\/4185144-20251112-algerie-accepte-gracier-ecrivain-boualem-sansal?at_medium=RSS%20feed&amp;at_campaign=ynews&amp;utm_source=yahoo&amp;utm_medium=rss&amp;utm_campaign=news_feed&amp;utm_content=related_content_link\" rel=\"nofollow noopener\" target=\"_blank\" data-ylk=\"slk:L\u2019Alg\u00e9rie \u00ab\u00a0accepte\u00a0\u00bb de gracier l\u2019\u00e9crivain franco-alg\u00e9rien Boualem Sansal, emprisonn\u00e9 depuis un an;elm:context_link;itc:0;sec:content-canvas\" class=\"link \">L\u2019Alg\u00e9rie \u00ab\u00a0accepte\u00a0\u00bb de gracier l\u2019\u00e9crivain franco-alg\u00e9rien Boualem Sansal, emprisonn\u00e9 depuis un an<\/a><br \/><a href=\"https:\/\/www.20minutes.fr\/societe\/4185184-20251112-grace-boualem-sansal-algerie-proches-politiques-disent-soulagement-satisfaction?at_medium=RSS%20feed&amp;at_campaign=ynews&amp;utm_source=yahoo&amp;utm_medium=rss&amp;utm_campaign=news_feed&amp;utm_content=related_content_link\" rel=\"nofollow noopener\" target=\"_blank\" data-ylk=\"slk:Gr\u00e2ce de Boualem Sansal en Alg\u00e9rie\u00a0: Proches et politiques disent leur \u00ab\u00a0soulagement\u00a0\u00bb et \u00ab\u00a0satisfaction\u00a0\u00bb;elm:context_link;itc:0;sec:content-canvas\" class=\"link \">Gr\u00e2ce de Boualem Sansal en Alg\u00e9rie\u00a0: Proches et politiques disent leur \u00ab\u00a0soulagement\u00a0\u00bb et \u00ab\u00a0satisfaction\u00a0\u00bb<\/a><\/p>\n","protected":false},"excerpt":{"rendered":"LIB\u00c9RATION &#8211; Graci\u00e9 apr\u00e8s un an de d\u00e9tention en Alg\u00e9rie, l\u2019\u00e9crivain franco-alg\u00e9rien Boualem Sansal a \u00e9t\u00e9 transf\u00e9r\u00e9 mercredi&hellip;\n","protected":false},"author":2,"featured_media":530070,"comment_status":"","ping_status":"","sticky":false,"template":"","format":"standard","meta":{"footnotes":""},"categories":[1587],"tags":[11,15,672,4142,1804,1805,1803,1777,674,38312,1801,18815,9985,12,1802],"class_list":{"0":"post-530069","1":"post","2":"type-post","3":"status-publish","4":"format-standard","5":"has-post-thumbnail","7":"category-allemagne","8":"tag-actualites","9":"tag-algerie","10":"tag-allemagne","11":"tag-boualem-sansal","12":"tag-bundesrepublik-deutschland","13":"tag-de","14":"tag-deutschland","15":"tag-eu","16":"tag-europe","17":"tag-franco-algerien","18":"tag-germany","19":"tag-lecrivain","20":"tag-liberation","21":"tag-news","22":"tag-republique-federale-dallemagne"},"share_on_mastodon":{"url":"https:\/\/pubeurope.com\/@fr\/115539361504139056","error":""},"_links":{"self":[{"href":"https:\/\/www.europesays.com\/fr\/wp-json\/wp\/v2\/posts\/530069","targetHints":{"allow":["GET"]}}],"collection":[{"href":"https:\/\/www.europesays.com\/fr\/wp-json\/wp\/v2\/posts"}],"about":[{"href":"https:\/\/www.europesays.com\/fr\/wp-json\/wp\/v2\/types\/post"}],"author":[{"embeddable":true,"href":"https:\/\/www.europesays.com\/fr\/wp-json\/wp\/v2\/users\/2"}],"replies":[{"embeddable":true,"href":"https:\/\/www.europesays.com\/fr\/wp-json\/wp\/v2\/comments?post=530069"}],"version-history":[{"count":0,"href":"https:\/\/www.europesays.com\/fr\/wp-json\/wp\/v2\/posts\/530069\/revisions"}],"wp:featuredmedia":[{"embeddable":true,"href":"https:\/\/www.europesays.com\/fr\/wp-json\/wp\/v2\/media\/530070"}],"wp:attachment":[{"href":"https:\/\/www.europesays.com\/fr\/wp-json\/wp\/v2\/media?parent=530069"}],"wp:term":[{"taxonomy":"category","embeddable":true,"href":"https:\/\/www.europesays.com\/fr\/wp-json\/wp\/v2\/categories?post=530069"},{"taxonomy":"post_tag","embeddable":true,"href":"https:\/\/www.europesays.com\/fr\/wp-json\/wp\/v2\/tags?post=530069"}],"curies":[{"name":"wp","href":"https:\/\/api.w.org\/{rel}","templated":true}]}}