{"id":530077,"date":"2025-11-12T23:41:18","date_gmt":"2025-11-12T23:41:18","guid":{"rendered":"https:\/\/www.europesays.com\/fr\/530077\/"},"modified":"2025-11-12T23:41:18","modified_gmt":"2025-11-12T23:41:18","slug":"les-revenus-de-nicolas-sarkozy-reveles-lors-de-son-audience-au-tribunal","status":"publish","type":"post","link":"https:\/\/www.europesays.com\/fr\/530077\/","title":{"rendered":"les revenus de Nicolas Sarkozy r\u00e9v\u00e9l\u00e9s lors de son audience au tribunal"},"content":{"rendered":"<p>Combien peut <strong>gagner<\/strong> un ancien pr\u00e9sident de la R\u00e9publique fran\u00e7aise ? Une partie de la r\u00e9ponse a \u00e9t\u00e9 donn\u00e9e avant <a href=\"https:\/\/www.laprovence.com\/article\/faits-divers-justice\/34512212082214\/nicolas-sarkozy-remis-en-liberte-sortira-de-prison-ce-lundi-et-sera-place-sous-controle-judiciaire\" target=\"_blank\" rel=\"noopener\">la lib\u00e9ration de Nicolas Sarkozy<\/a>, au moment de son audience devant la cour d&rsquo;appel de Paris, lundi 10 novembre.<\/p>\n<p>\u00ab\u00a0On a beaucoup parl\u00e9 de sa lib\u00e9ration, mais on est pass\u00e9 un peu rapidement sur ce qui s&rsquo;est pass\u00e9 \u00e0 l&rsquo;int\u00e9rieur de la salle d&rsquo;audience, pose le journaliste<strong> Paul Gasnier<\/strong>, dans <a href=\"https:\/\/www.tf1.fr\/tmc\/quotidien-avec-yann-barthes\/videos\/les-revenus-de-nicolas-sarkozy-devoiles-au-tribunal-4-5-millions-deuros-en-2023-78154183.html\" target=\"_blank\" rel=\"noopener\">une chronique de l&rsquo;\u00e9mission Quotidien<\/a>\u00a0diffus\u00e9e sur la cha\u00eene TMC dans la soir\u00e9e de mardi 11 novembre. Moi, j&rsquo;y \u00e9tais, et il y a (plusieurs) choses qui m&rsquo;ont marqu\u00e9 personnellement pendant cette audience qui a dur\u00e9 50 minutes.\u00a0\u00bb\u00a0<\/p>\n<p>La premi\u00e8re ? <strong>L&rsquo;\u00e9motion<\/strong> de Nicolas Sarkozy. Le journaliste de <a href=\"https:\/\/www.laprovence.com\/article\/culture-loisirs\/58323547792572\/tout-beau-tout-n9uf-et-quotidien-luttent-et-progressent-le-match-des-talks-show-est-lance\" target=\"_blank\" rel=\"noopener\">Quotidien<\/a> rappelle la pr\u00e9sence de deux de ses fils \u2014 <strong>Jean<\/strong>\u00a0et <strong>Pierre Sarkozy<\/strong> \u2014 ainsi que de son fr\u00e8re <strong>Fran\u00e7ois Sarkozy<\/strong> et enfin de sa femme <strong>Carla Bruni<\/strong>. Paul Gasnier explique que l&rsquo;ex-pr\u00e9sident a eu \u00ab\u00a0un grand sourire\u00a0\u00bb en les voyant.\u00a0<\/p>\n<p>2.3 millions d&rsquo;euros de revenus non-commerciaux<\/p>\n<p>\u00ab\u00a0Le sourire a vite disparu, encha\u00eene <strong>Paul Gasnier<\/strong>. Tr\u00e8s vite le pr\u00e9sident du tribunal a parl\u00e9 argent, c&rsquo;\u00e9tait l&rsquo;autre moment fort. Il a demand\u00e9 au d\u00e9part \u00e0 Nicolas Sarkozy si, \u00e0 cause de ses activit\u00e9s professionnelles, il serait amen\u00e9 \u00e0 quitter le territoire fran\u00e7ais, \u00e0 aller \u00e0 l&rsquo;\u00e9tranger, et il lui a demand\u00e9 de d\u00e9tailler ses r\u00e9mun\u00e9rations.\u00a0\u00bb<\/p>\n<p>Si Sarkozy a tent\u00e9 d&rsquo;esquiver cette demande en expliquant vouloir faire parvenir <strong>sa d\u00e9claration de patrimoine<\/strong>, le pr\u00e9sident du tribunal a indiqu\u00e9 qu&rsquo;il l&rsquo;avait d\u00e9j\u00e0, puis s&rsquo;est lanc\u00e9 dans le d\u00e9tail des r\u00e9mun\u00e9rations de l&rsquo;ancien chef d&rsquo;\u00c9tat, ce qui a \u00ab\u00a0tendu\u00a0\u00bb ce dernier. \u00ab\u00a0Pour la premi\u00e8re fois, on d\u00e9couvrait la richesse de l&rsquo;ancien pr\u00e9sident de la R\u00e9publique\u00a0\u00bb, expose le journaliste de Quotidien.<\/p>\n<p>Pour l&rsquo;ann\u00e9e 2023, Nicolas Sarkozy a re\u00e7u <strong>153 000 euros<\/strong> de pensions de retraites, <strong>1.3 million d&rsquo;euros<\/strong> de capitaux mobiliers, <strong>638 000 euros<\/strong> de salaires (activit\u00e9s d&rsquo;avocat et de conf\u00e9rencier) et <strong>2.3 millions d&rsquo;euros<\/strong> de revenus non-commerciaux (activit\u00e9s de conseiller pour des entreprises, notamment d&rsquo;administrateur pour les groupes Accor et Lagard\u00e8re). Le total ? <strong>4,5 millions d&rsquo;euros<\/strong>.\u00a0<\/p>\n<p>Pour rappel, dans l&rsquo;attente de son proc\u00e8s, qui devrait se tenir <strong>\u00e0 partir de mars<\/strong>, la cour d&rsquo;appel a interdit \u00e0 Nicolas Sarkozy <a href=\"https:\/\/www.laprovence.com\/article\/faits-divers-justice\/38198657151310\/nicolas-sarkozy-remis-en-liberte-pourquoi-il-ne-peut-pas-entrer-en-contact-avec-gerald-darmanin\" target=\"_blank\" rel=\"noopener\">d&rsquo;entrer en contact avec \u00ab\u00a0le ministre de la Justice en exercice\u00a0\u00bb<\/a>, \u00ab\u00a0les membres de son cabinet\u00a0\u00bb ou \u00ab\u00a0tout cadre du minist\u00e8re de la Justice susceptible d&rsquo;avoir connaissance des remont\u00e9es d&rsquo;informations\u00a0\u00bb pr\u00e9vues par le code de proc\u00e9dure p\u00e9nale.<\/p>\n","protected":false},"excerpt":{"rendered":"Combien peut gagner un ancien pr\u00e9sident de la R\u00e9publique fran\u00e7aise ? Une partie de la r\u00e9ponse a \u00e9t\u00e9&hellip;\n","protected":false},"author":2,"featured_media":530078,"comment_status":"","ping_status":"","sticky":false,"template":"","format":"standard","meta":{"footnotes":""},"categories":[2],"tags":[17,15540,9638,11,10183,274,1011,27,151,4657,12,3957,25,10665,22022],"class_list":{"0":"post-530077","1":"post","2":"type-post","3":"status-publish","4":"format-standard","5":"has-post-thumbnail","7":"category-actualites","8":"tag-17","9":"tag-15540","10":"tag-9638","11":"tag-actualites","12":"tag-deuros","13":"tag-faits-divers-justice","14":"tag-fr","15":"tag-france","16":"tag-les","17":"tag-millions","18":"tag-news","19":"tag-nicolas","20":"tag-republique-francaise","21":"tag-revenus","22":"tag-sarkozy"},"share_on_mastodon":{"url":"https:\/\/pubeurope.com\/@fr\/115539377599571343","error":""},"_links":{"self":[{"href":"https:\/\/www.europesays.com\/fr\/wp-json\/wp\/v2\/posts\/530077","targetHints":{"allow":["GET"]}}],"collection":[{"href":"https:\/\/www.europesays.com\/fr\/wp-json\/wp\/v2\/posts"}],"about":[{"href":"https:\/\/www.europesays.com\/fr\/wp-json\/wp\/v2\/types\/post"}],"author":[{"embeddable":true,"href":"https:\/\/www.europesays.com\/fr\/wp-json\/wp\/v2\/users\/2"}],"replies":[{"embeddable":true,"href":"https:\/\/www.europesays.com\/fr\/wp-json\/wp\/v2\/comments?post=530077"}],"version-history":[{"count":0,"href":"https:\/\/www.europesays.com\/fr\/wp-json\/wp\/v2\/posts\/530077\/revisions"}],"wp:featuredmedia":[{"embeddable":true,"href":"https:\/\/www.europesays.com\/fr\/wp-json\/wp\/v2\/media\/530078"}],"wp:attachment":[{"href":"https:\/\/www.europesays.com\/fr\/wp-json\/wp\/v2\/media?parent=530077"}],"wp:term":[{"taxonomy":"category","embeddable":true,"href":"https:\/\/www.europesays.com\/fr\/wp-json\/wp\/v2\/categories?post=530077"},{"taxonomy":"post_tag","embeddable":true,"href":"https:\/\/www.europesays.com\/fr\/wp-json\/wp\/v2\/tags?post=530077"}],"curies":[{"name":"wp","href":"https:\/\/api.w.org\/{rel}","templated":true}]}}