{"id":530079,"date":"2025-11-12T23:42:23","date_gmt":"2025-11-12T23:42:23","guid":{"rendered":"https:\/\/www.europesays.com\/fr\/530079\/"},"modified":"2025-11-12T23:42:23","modified_gmt":"2025-11-12T23:42:23","slug":"la-premiere-casa-loewe-en-france-inauguree-avenue-montaigne","status":"publish","type":"post","link":"https:\/\/www.europesays.com\/fr\/530079\/","title":{"rendered":"La premi\u00e8re Casa Loewe en France inaugur\u00e9e avenue Montaigne"},"content":{"rendered":"<p>\n                                        <b>Traduit par<\/b><br \/>\n                                        <br \/>Cecile Herrero\n                                    <\/p>\n<p>\n                                    <b>Publi\u00e9 le<\/b><br \/>\n                                    <\/p>\n<p>                                        13 novembre 2025<\/p>\n<p class=\"article-content col-md-8 offset-md-1\">\n                                La maison de luxe espagnole <a class=\"fnwAddLinks\" href=\"https:\/\/fr.fashionnetwork.com\/tags-loewe\" title=\"Loewe\" target=\"_blank\" rel=\"noopener\">Loewe<\/a> a inaugur\u00e9 sa premi\u00e8re \u00ab\u00a0Casa Loewe\u00a0\u00bb en France, sur l\u2019avenue <a class=\"fnwAddLinks\" href=\"https:\/\/fr.fashionnetwork.com\/tags-montaigne\" title=\"Montaigne\" target=\"_blank\" rel=\"noopener\">Montaigne<\/a>, la plus prestigieuse art\u00e8re commer\u00e7ante de Paris.<\/p>\n<p><img decoding=\"async\" class=\"news-image\" style=\"width:100%;\" src=\"https:\/\/www.europesays.com\/fr\/wp-content\/uploads\/2025\/11\/7510.jpg\" alt=\"Ext\u00e9rieur de Casa Loewe Montaigne\" loading=\"lazy\"\/>Ext\u00e9rieur de Casa Loewe Montaigne &#8211; Loewe<\/p>\n<p class=\"col-md-8 offset-md-1 article-content--texte\">Casa Loewe Montaigne signe la refonte majeure de cette boutique de 580 m\u00e8tres carr\u00e9s, qui propose des collections de pr\u00eat-\u00e0-porter f\u00e9minin et masculin, de la maroquinerie, des chaussures, des bijoux et des accessoires, ainsi qu\u2019une s\u00e9lection d\u00e9di\u00e9e \u00e0 l\u2019art de vivre, comprenant des plaids, des coussins et des parfums d\u2019ambiance. C\u2019est peut-\u00eatre aussi la boutique la plus impr\u00e9gn\u00e9e d\u2019art de l\u2019avenue Montaigne, toutes marques de <a class=\"fnwAddLinks\" href=\"https:\/\/fr.fashionnetwork.com\/tags-lvmh\" title=\"LVMH\" target=\"_blank\" rel=\"noopener\">LVMH<\/a> confondues, le g\u00e9ant fran\u00e7ais propri\u00e9taire de Loewe.<\/p>\n<p>Au-del\u00e0 des collections, cet espace met en lumi\u00e8re l\u2019ADN de Loewe: un dialogue permanent entre l\u2019art, l\u2019artisanat et la cr\u00e9ation. Plusieurs salles pr\u00e9sentent une s\u00e9lection \u00e9clectique d\u2019\u0153uvres issues de la collection Loewe, ainsi que des pi\u00e8ces de design sign\u00e9es par les laur\u00e9ats du Loewe Foundation Craft Prize, offrant un espace d\u2019expression aux artistes et aux artisans que la maison soutient depuis pr\u00e8s de dix ans.<\/p>\n<p><img decoding=\"async\" class=\"news-image\" style=\"width:100%;\" src=\"https:\/\/www.europesays.com\/fr\/wp-content\/uploads\/2025\/11\/f2b3.jpg\" alt=\"Accessoires expos\u00e9s \u00e0 l'int\u00e9rieur de Casa Loewe Montaigne\" loading=\"lazy\"\/>Accessoires expos\u00e9s \u00e0 l&rsquo;int\u00e9rieur de Casa Loewe Montaigne &#8211; Loewe<\/p>\n<p class=\"col-md-8 offset-md-1 article-content--texte\">Les clients d\u00e9couvriront une \u0153uvre monumentale d\u2019Henry Moore, Two Standing Figures (1948) ; des toiles vibrantes de l\u2019artiste am\u00e9ricain Walter Price ; et la sensualit\u00e9 des c\u00e9ramiques de Zizipho Poswa, issues de sa s\u00e9rie Baobab and Umthwalo (2020), qui \u00e9voquent les rituels et l\u2019h\u00e9ritage matrilin\u00e9aire de la culture xhosa.<\/p>\n<p>Une installation monumentale intitul\u00e9e Gelbe Modellierung (1985) de l\u2019artiste allemand Franz Erhard Walther \u2014 une tenture murale en coton compos\u00e9e de fragments de pantalons et de vestes qui constitua la toile de fond du d\u00e9fil\u00e9 automne-hiver 2019 de Loewe \u2014 incarne le lien profond entre l\u2019art et le v\u00eatement.<\/p>\n<p>Sur plusieurs \u00e9tages, Casa Loewe Montaigne abrite \u00e9galement la sculpture ondulante Ch\u014dt\u014d (2017) de l\u2019artiste japonais Takayuki Sakiyama, mention sp\u00e9ciale du Loewe Foundation Craft Prize 2021 ; un panier en bambou et cuir tress\u00e9 de l\u2019artiste Hafu Matsumoto ; un vase du ma\u00eetre tourneur sur bois Ernst Gamperl, laur\u00e9at de l\u2019\u00e9dition 2017 ; et des pichets du c\u00e9ramiste britannique John Ward.<\/p>\n<p><img decoding=\"async\" class=\"news-image\" style=\"width:100%;\" src=\"https:\/\/www.europesays.com\/fr\/wp-content\/uploads\/2025\/11\/7444.jpg\" alt=\"Casa Loewe Montaigne m\u00eale l'art et la mode\" loading=\"lazy\"\/>Casa Loewe Montaigne m\u00eale l&rsquo;art et la mode &#8211; Loewe<\/p>\n<p class=\"col-md-8 offset-md-1 article-content--texte\">Certaines pi\u00e8ces brouillent la fronti\u00e8re entre sculpture et objet fonctionnel, \u00e0 l\u2019instar du banc Black Terrazzo (2022) du designer br\u00e9silien Domingos T\u00f3tora, fabriqu\u00e9 \u00e0 partir de carton recycl\u00e9, ou de la chaise Curved Block (2018) des designers britanniques Jim Partridge et Liz Walmsley. Les chaises de Gerrit Rietveld, les lampes d\u2019Isamu Noguchi et les tapis tiss\u00e9s en Espagne d\u2019apr\u00e8s des dessins de l\u2019artiste britannique John Allen incarnent une beaut\u00e9 fa\u00e7onn\u00e9e par le temps et le savoir-faire.<\/p>\n<p>Par son architecture, la boutique \u2014 et chacun de ses mat\u00e9riaux \u2014 raconte l\u2019histoire de la maison madril\u00e8ne. Les murs, recouverts de carreaux de c\u00e9ramique verts, bleus, orange et argent\u00e9s, refl\u00e8tent une lumi\u00e8re aux nuances changeantes tout au long de la journ\u00e9e. Ailleurs, un m\u00e9lange de marbre, de laiton et de fer forg\u00e9 compose un contrepoint de textures et de lumi\u00e8res. Des lampes en verre aux formes organiques, r\u00e9alis\u00e9es dans l\u2019esprit des ma\u00eetres de Murano, diffusent \u00e9galement une lumi\u00e8re douce et mouvante.<\/p>\n<p>La boutique marque \u00e9galement le premier r\u00e9am\u00e9nagement d\u2019envergure de Loewe depuis le changement de direction artistique en 2025. Comme indiqu\u00e9, son cr\u00e9ateur de longue date, Jonathan Anderson, a quitt\u00e9 la maison au printemps pour devenir directeur artistique de <a class=\"fnwAddLinks\" href=\"https:\/\/fr.fashionnetwork.com\/tags-dior\" title=\"Dior\" target=\"_blank\" rel=\"noopener\">Dior<\/a>. Ses successeurs \u2014 le duo am\u00e9ricain Jack McCollough et Lazaro Hernandez \u2014 ont pr\u00e9sent\u00e9 en octobre, \u00e0 Paris, leur premi\u00e8re collection pour Loewe, tr\u00e8s applaudie.<\/p>\n<p>Loewe SA, principale soci\u00e9t\u00e9 op\u00e9rationnelle de la marque d\u00e9tenue par LVMH, a r\u00e9alis\u00e9 un chiffre d\u2019affaires de 885,2 millions d\u2019euros au cours de l\u2019exercice 2024, en hausse de 9,2% par rapport \u00e0 l\u2019ann\u00e9e pr\u00e9c\u00e9dente.\n                            <\/p>\n<p>\n                                Cet article est une traduction automatique.<br \/>\n                                    <a href=\"https:\/\/ww.fashionnetwork.com\/news\/Debut-french-casa-loewe-unveiled-on-avenue-montaigne,1781927.html\" target=\"_blank\" rel=\"noopener\">Cliquez ici<\/a> pour consulter l&rsquo;article d&rsquo;origine.\n                            <\/p>\n<p>\n                                Tous droits de reproduction et de repr\u00e9sentation r\u00e9serv\u00e9s.<br \/>\u00a9 2025 FashionNetwork.com\n                            <\/p>\n","protected":false},"excerpt":{"rendered":"Traduit par Cecile Herrero Publi\u00e9 le 13 novembre 2025 La maison de luxe espagnole Loewe a inaugur\u00e9 sa&hellip;\n","protected":false},"author":2,"featured_media":530080,"comment_status":"","ping_status":"","sticky":false,"template":"","format":"standard","meta":{"footnotes":""},"categories":[4],"tags":[11,2424,537,2423,21472,1011,27,41073,2425,7484,985,24261,12,2298,2426,2427,25,2421,2422],"class_list":{"0":"post-530079","1":"post","2":"type-post","3":"status-publish","4":"format-standard","5":"has-post-thumbnail","7":"category-france","8":"tag-actualites","9":"tag-beaute","10":"tag-contact","11":"tag-cosmetiques","12":"tag-dior","13":"tag-fr","14":"tag-france","15":"tag-loewe","16":"tag-luxe","17":"tag-lvmh","18":"tag-mode","19":"tag-montaigne","20":"tag-news","21":"tag-parfum","22":"tag-professionnel","23":"tag-professionnels","24":"tag-republique-francaise","25":"tag-reseau","26":"tag-textile"},"share_on_mastodon":{"url":"https:\/\/pubeurope.com\/@fr\/115539382243102218","error":""},"_links":{"self":[{"href":"https:\/\/www.europesays.com\/fr\/wp-json\/wp\/v2\/posts\/530079","targetHints":{"allow":["GET"]}}],"collection":[{"href":"https:\/\/www.europesays.com\/fr\/wp-json\/wp\/v2\/posts"}],"about":[{"href":"https:\/\/www.europesays.com\/fr\/wp-json\/wp\/v2\/types\/post"}],"author":[{"embeddable":true,"href":"https:\/\/www.europesays.com\/fr\/wp-json\/wp\/v2\/users\/2"}],"replies":[{"embeddable":true,"href":"https:\/\/www.europesays.com\/fr\/wp-json\/wp\/v2\/comments?post=530079"}],"version-history":[{"count":0,"href":"https:\/\/www.europesays.com\/fr\/wp-json\/wp\/v2\/posts\/530079\/revisions"}],"wp:featuredmedia":[{"embeddable":true,"href":"https:\/\/www.europesays.com\/fr\/wp-json\/wp\/v2\/media\/530080"}],"wp:attachment":[{"href":"https:\/\/www.europesays.com\/fr\/wp-json\/wp\/v2\/media?parent=530079"}],"wp:term":[{"taxonomy":"category","embeddable":true,"href":"https:\/\/www.europesays.com\/fr\/wp-json\/wp\/v2\/categories?post=530079"},{"taxonomy":"post_tag","embeddable":true,"href":"https:\/\/www.europesays.com\/fr\/wp-json\/wp\/v2\/tags?post=530079"}],"curies":[{"name":"wp","href":"https:\/\/api.w.org\/{rel}","templated":true}]}}