{"id":530085,"date":"2025-11-12T23:50:13","date_gmt":"2025-11-12T23:50:13","guid":{"rendered":"https:\/\/www.europesays.com\/fr\/530085\/"},"modified":"2025-11-12T23:50:13","modified_gmt":"2025-11-12T23:50:13","slug":"cyclo-cross-cyclo-cross-jeux-olympiques-les-federations-de-sports-dhiver-contre-lentree-du-cyclocross","status":"publish","type":"post","link":"https:\/\/www.europesays.com\/fr\/530085\/","title":{"rendered":"Cyclo-cross. Cyclo-cross. Jeux Olympiques &#8211; Les f\u00e9d\u00e9rations de sports d&rsquo;hiver contre l&rsquo;entr\u00e9e du cyclocross"},"content":{"rendered":"<p>La bataille fait rage autour du futur visage des <strong><a href=\"https:\/\/www.cyclismactu.net\/..\/news-paris-2024-vtt-pauline-ferrand-prevot-championne-olympique-desillusion-lecomte-83185.html\" target=\"_blank\" rel=\"noopener\">Jeux Olympiques<\/a><\/strong> d\u2019hiver 2030. Alors que la candidature du cyclocross, soutenue par le pr\u00e9sident de l\u2019<strong>UCI<\/strong>, <strong><a href=\"https:\/\/www.cyclismactu.net\/..\/news-politique-route-david-lappartient-president-de-uci-et-son-message-nicolas-sarkozy-90702.html\" target=\"_blank\" rel=\"noopener\">David Lappartient<\/a><\/strong> et le patron de <strong>World Athletics<\/strong>,<strong> Sebastian Coe<\/strong>, gagne du terrain, les f\u00e9d\u00e9rations des sports d\u2019hiver tirent la sonnette d\u2019alarme. Elles rejettent cat\u00e9goriquement l\u2019id\u00e9e d\u2019int\u00e9grer des disciplines qui ne se pratiquent ni sur la neige ni sur la glace. Une d\u00e9cision cruciale sera prise en f\u00e9vrier prochain, lors de la session du <strong>CIO<\/strong> pr\u00e9c\u00e9dant les<strong> <a href=\"https:\/\/www.cyclismactu.net\/..\/\" target=\"_blank\" rel=\"noopener\">Jeux de Milan-Cortina 2026<\/a><\/strong>.<\/p>\n<p>Vid\u00e9o &#8211; Le podium de la 3e manche de cyclo-cross \u00e0 Niel Lire la suite de l&rsquo;article&#13;<\/p>\n<p>\u00a0<\/p>\n<p>&#13;<br \/>\n\u00ab\u00a0L&rsquo;ajout du cyclo-cross affaiblirait la culture unique des Jeux\u00a0\u00bb&#13;<\/p>\n<p>Dans un communiqu\u00e9 publi\u00e9 mercredi, les f\u00e9d\u00e9rations des sports d\u2019hiver (repr\u00e9sentant notamment le ski, le biathlon et le bobsleigh) ont d\u00e9nonc\u00e9 une proposition jug\u00e9e contraire \u00e0 \u00ab\u00a0l\u2019identit\u00e9 et \u00e0 l\u2019h\u00e9ritage\u00a0\u00bb des <strong>Jeux Olympiques<\/strong> d\u2019hiver. \u00ab\u00a0L\u2019ajout de sports comme le cyclocross ou le cross-country affaiblirait la marque et la culture uniques de nos Jeux, c\u00e9l\u00e9bration des disciplines pratiqu\u00e9es sur la neige et la glace\u00a0\u00bb, peut-on lire dans le texte relay\u00e9 par l\u2019<a href=\"https:\/\/apnews.com\/\" target=\"_blank\" rel=\"noopener\">Associated Press<\/a>. <strong>Ivo Ferriani<\/strong>, pr\u00e9sident de la <strong>F\u00e9d\u00e9ration internationale de bobsleigh et skeleton<\/strong>, a appel\u00e9 le <strong>CIO<\/strong> \u00e0 \u00ab\u00a0innover en d\u00e9veloppant les sports existants plut\u00f4t qu\u2019en transformant l\u2019esprit des Jeux\u00a0\u00bb.<\/p>\n<p>&#13;<\/p>\n<p>\u00a0<\/p>\n<p>&#13;<br \/>\nL&rsquo;UCI confiante quant \u00e0 son int\u00e9gration&#13;<\/p>\n<p>Cette fronde intervient alors que Sebastian Coe s\u2019est dit \u00ab\u00a0confiant\u00a0\u00bb quant \u00e0 l\u2019int\u00e9gration du cyclocross et du cross-country aux Jeux de 2030, soutenu par David Lappartient. Selon lui, ces disciplines, qui se d\u00e9roulent en hiver et en ext\u00e9rieur, trouvent \u00ab\u00a0naturellement leur place\u00a0\u00bb dans le programme hivernal. Le <strong>CIO<\/strong>, d\u00e9sormais pr\u00e9sid\u00e9 par <strong>Kirsty Coventry<\/strong>, envisage une refonte partielle de sa charte, qui stipule actuellement que seuls les sports \u00ab\u00a0pratiqu\u00e9s sur neige ou sur glace\u00a0\u00bb sont \u00e9ligibles. <strong>La Planche des Belles Filles<\/strong>, dans les <strong>Vosges<\/strong>, serait d\u00e9j\u00e0 pressentie pour accueillir l\u2019\u00e9preuve si le projet venait \u00e0 aboutir.<\/p>\n","protected":false},"excerpt":{"rendered":"La bataille fait rage autour du futur visage des Jeux Olympiques d\u2019hiver 2030. Alors que la candidature du&hellip;\n","protected":false},"author":2,"featured_media":530086,"comment_status":"","ping_status":"","sticky":false,"template":"","format":"standard","meta":{"footnotes":""},"categories":[1411],"tags":[1154,207,59294,211,1011,27,3996,60,210,212,208,213],"class_list":{"0":"post-530085","1":"post","2":"type-post","3":"status-publish","4":"format-standard","5":"has-post-thumbnail","7":"category-cyclisme","8":"tag-cycling","9":"tag-cyclisme","10":"tag-cyclo-cross","11":"tag-ffc","12":"tag-fr","13":"tag-france","14":"tag-jeux-olympiques","15":"tag-sports","16":"tag-tour-de-france","17":"tag-uci","18":"tag-velo","19":"tag-world-tour"},"share_on_mastodon":{"url":"https:\/\/pubeurope.com\/@fr\/115539412671432858","error":""},"_links":{"self":[{"href":"https:\/\/www.europesays.com\/fr\/wp-json\/wp\/v2\/posts\/530085","targetHints":{"allow":["GET"]}}],"collection":[{"href":"https:\/\/www.europesays.com\/fr\/wp-json\/wp\/v2\/posts"}],"about":[{"href":"https:\/\/www.europesays.com\/fr\/wp-json\/wp\/v2\/types\/post"}],"author":[{"embeddable":true,"href":"https:\/\/www.europesays.com\/fr\/wp-json\/wp\/v2\/users\/2"}],"replies":[{"embeddable":true,"href":"https:\/\/www.europesays.com\/fr\/wp-json\/wp\/v2\/comments?post=530085"}],"version-history":[{"count":0,"href":"https:\/\/www.europesays.com\/fr\/wp-json\/wp\/v2\/posts\/530085\/revisions"}],"wp:featuredmedia":[{"embeddable":true,"href":"https:\/\/www.europesays.com\/fr\/wp-json\/wp\/v2\/media\/530086"}],"wp:attachment":[{"href":"https:\/\/www.europesays.com\/fr\/wp-json\/wp\/v2\/media?parent=530085"}],"wp:term":[{"taxonomy":"category","embeddable":true,"href":"https:\/\/www.europesays.com\/fr\/wp-json\/wp\/v2\/categories?post=530085"},{"taxonomy":"post_tag","embeddable":true,"href":"https:\/\/www.europesays.com\/fr\/wp-json\/wp\/v2\/tags?post=530085"}],"curies":[{"name":"wp","href":"https:\/\/api.w.org\/{rel}","templated":true}]}}