{"id":530092,"date":"2025-11-12T23:55:12","date_gmt":"2025-11-12T23:55:12","guid":{"rendered":"https:\/\/www.europesays.com\/fr\/530092\/"},"modified":"2025-11-12T23:55:12","modified_gmt":"2025-11-12T23:55:12","slug":"arthur-sexplique-sur-so","status":"publish","type":"post","link":"https:\/\/www.europesays.com\/fr\/530092\/","title":{"rendered":"Arthur s\u2019explique sur so &#8230;"},"content":{"rendered":"<p>EN BREF<\/p>\n<ul class=\"bloc_resume_post_list\">\n<li>Arthur est revenu dans Quotidien sur les pol\u00e9miques<br \/>\nautour de son comportement dans \u00c0 prendre ou \u00e0 laisser.<\/li>\n<li>L\u2019animateur reconna\u00eet avoir eu des attitudes<br \/>\ninappropri\u00e9es, tout en les repla\u00e7ant dans le contexte des ann\u00e9es<br \/>\n2000.<\/li>\n<li>Il affirme avoir \u00e9t\u00e9 victime de commentaires antis\u00e9mites<br \/>\napr\u00e8s la diffusion d\u2019anciennes s\u00e9quences.<\/li>\n<\/ul>\n<p data-start=\"388\" data-end=\"689\">Figure incontournable du petit<br \/>\n\u00e9cran depuis plus de trente ans, Arthur (de son vrai nom Jacques<br \/>\nEssebag) \u00e9tait l\u2019invit\u00e9 de Yann Barth\u00e8s dans Quotidien, le mercredi 12 novembre. L\u2019occasion<br \/>\nde revenir sur sa riche carri\u00e8re et sur la publication de son<br \/>\npremier roman J\u2019ai perdu mon<br \/>\nb\u00e9douin \u00e0 Paris.<\/p>\n<p data-start=\"691\" data-end=\"1018\">Animateur et producteur, il est<br \/>\nl\u2019<a href=\"https:\/\/www.telestar.fr\/people\/arthur-quelle-est-sa-fortune-1732614\" rel=\"nofollow noopener\" target=\"_blank\">un<br \/>\ndes visages les plus importants du paysage audiovisuel<br \/>\nfran\u00e7ais.<\/a> S\u2019il fait rire les t\u00e9l\u00e9spectateurs de TF1 avec<br \/>\nVendredi tout est permis,<br \/>\nson comportement \u00e0 la t\u00e9l\u00e9 n\u2019a pas toujours \u00e9t\u00e9 exemplaire,<br \/>\nnotamment dans \u00c0 prendre ou \u00e0<br \/>\nlaisser. Pour la premi\u00e8re fois, il revient sur le sujet.<\/p>\n<p><strong data-start=\"1029\" data-end=\"1082\">Quotidien : Arthur revient sur un \u00e9norme bad<br \/>\nbuzz<\/strong><\/p>\n<p data-start=\"1084\" data-end=\"1326\">En d\u00e9but d\u2019ann\u00e9e, Arthur a \u00e9t\u00e9<br \/>\nla cible d\u2019un \u00e9norme bad buzz. En cause ? Une compilation de<br \/>\ns\u00e9quences vid\u00e9o publi\u00e9e par L\u2019Effront\u00e9, dans lesquelles l\u2019animateur adopte un<br \/>\ncomportement limite envers les femmes dans <a href=\"https:\/\/www.telestar.fr\/actu-tv\/a-prendre-ou-a-laisser-le-jeu-culte-bientot-de-retour-sur-tf1-les-confidences-d-arthur-828263\" rel=\"nofollow noopener\" target=\"_blank\"><br \/>\n\u00c0 prendre ou \u00e0<br \/>\nlaisser<\/a>. Dans ce jeu t\u00e9l\u00e9vis\u00e9, 24 candidats, chacun<br \/>\nrepr\u00e9sentant une r\u00e9gion, poss\u00e9daient une bo\u00eete contenant une somme<br \/>\nd\u2019argent allant de quelques centimes \u00e0 plusieurs centaines de<br \/>\nmilliers d\u2019euros. Le joueur du jour ouvre progressivement les<br \/>\nbo\u00eetes des autres et n\u00e9gocie avec <a href=\"https:\/\/www.telestar.fr\/actu_tv\/a-prendre-ou-a-laisser-on-sait-enfin-qui-se-cachait-derriere-le-banquier-20-ans-apres-1703050\" rel=\"nofollow noopener\" target=\"_blank\"><br \/>\n\u201cle banquier\u201d<\/a>, qui lui propose de racheter sa bo\u00eete pour un<br \/>\ncertain montant. Le suspense repose sur un seul choix final :<br \/>\naccepter l\u2019offre ou la refuser.<\/p>\n<p data-start=\"1753\" data-end=\"2158\">\u00c0 l\u2019\u00e9poque, l\u2019\u00e9mission<br \/>\nr\u00e9unissait jusqu\u2019\u00e0 <strong>six millions de<br \/>\nt\u00e9l\u00e9spectateurs,<\/strong> propulsant Arthur sur le devant de la<br \/>\nsc\u00e8ne. Mais dans les s\u00e9quences vid\u00e9o r\u00e9cemment ressorties des<br \/>\narchives, on voit l\u2019animateur <strong>voler un baiser \u00e0 une<br \/>\ncandidate ou susurrer des grognements \u00e0 l\u2019oreille d\u2019une<br \/>\nautre.<\/strong> Des images qui ont fortement entach\u00e9 sa r\u00e9putation,<br \/>\n\u00e0 tel point qu\u2019il y consacre tout un chapitre dans son livre.<\/p>\n<p><strong data-start=\"2169\" data-end=\"2230\">\u00c0 prendre ou \u00e0 laisser :<br \/>\nArthur justifie son comportement<\/strong><\/p>\n<p data-start=\"2232\" data-end=\"2509\">Yann Barth\u00e8s a donc profit\u00e9 du<br \/>\npassage de l\u2019animateur dans son \u00e9mission pour le questionner sur<br \/>\nson comportement. Arthur confesse : \u201cC\u2019est une \u00e9mission qui avait 6 millions de t\u00e9l\u00e9spectateurs<br \/>\ntous les soirs, o\u00f9 <strong>je faisais des blagues lourdingues, dont<br \/>\nje ne suis pas fier.<\/strong>\u201dPar la suite, il tente de se<br \/>\njustifier en disant : \u201cOn les<br \/>\nregarde aujourd\u2019hui, mais <strong>il n\u2019y avait rien, ni de<br \/>\nharc\u00e8lement, ni de quoi que ce soit.<\/strong> Mais on a utilis\u00e9<br \/>\ncette vid\u00e9o pour essayer de me nuire. Bon, \u00e7a partait d\u2019un<br \/>\nsentiment assez bizarre.\u201d<\/p>\n<p data-start=\"2766\" data-end=\"3025\">Il avoue avoir \u00e9t\u00e9 tr\u00e8s<br \/>\nsurpris par les commentaires sous la vid\u00e9o : \u201cLes messages qu\u2019il y avait en dessous, normalement<br \/>\non aurait d\u00fb avoir des messages sur MeToo, genre esp\u00e8ce de pervers,<br \/>\nesp\u00e8ce de sale type et tout, et en fait c\u2019\u00e9tait que <strong>du<br \/>\n\u00ab\u00a0sale juif&rsquo;.<\/strong>\u201d On le voit notamment voler un baiser \u00e0<br \/>\nune candidate ou susurrer des grognements \u00e0 l\u2019oreille d\u2019une autre.<br \/>\nUne attitude qu\u2019Arthur a, depuis, dans une interview au<br \/>\nParisien, mise sur le<br \/>\ncompte de l\u2019\u00e9poque, pr\u00e9cisant qu\u2019\u201ca<strong>ujourd\u2019hui, on ne pourrait plus animer de la m\u00eame<br \/>\nmani\u00e8re.\u201d<\/strong><\/p>\n","protected":false},"excerpt":{"rendered":"EN BREF Arthur est revenu dans Quotidien sur les pol\u00e9miques autour de son comportement dans \u00c0 prendre ou&hellip;\n","protected":false},"author":2,"featured_media":530093,"comment_status":"","ping_status":"","sticky":false,"template":"","format":"standard","meta":{"footnotes":""},"categories":[1356],"tags":[14684,548,58,59,1011,27,1404,252,1364],"class_list":{"0":"post-530092","1":"post","2":"type-post","3":"status-publish","4":"format-standard","5":"has-post-thumbnail","7":"category-television","8":"tag-arthur","9":"tag-article-simple","10":"tag-divertissement","11":"tag-entertainment","12":"tag-fr","13":"tag-france","14":"tag-quotidien","15":"tag-television","16":"tag-tv"},"share_on_mastodon":{"url":"","error":""},"_links":{"self":[{"href":"https:\/\/www.europesays.com\/fr\/wp-json\/wp\/v2\/posts\/530092","targetHints":{"allow":["GET"]}}],"collection":[{"href":"https:\/\/www.europesays.com\/fr\/wp-json\/wp\/v2\/posts"}],"about":[{"href":"https:\/\/www.europesays.com\/fr\/wp-json\/wp\/v2\/types\/post"}],"author":[{"embeddable":true,"href":"https:\/\/www.europesays.com\/fr\/wp-json\/wp\/v2\/users\/2"}],"replies":[{"embeddable":true,"href":"https:\/\/www.europesays.com\/fr\/wp-json\/wp\/v2\/comments?post=530092"}],"version-history":[{"count":0,"href":"https:\/\/www.europesays.com\/fr\/wp-json\/wp\/v2\/posts\/530092\/revisions"}],"wp:featuredmedia":[{"embeddable":true,"href":"https:\/\/www.europesays.com\/fr\/wp-json\/wp\/v2\/media\/530093"}],"wp:attachment":[{"href":"https:\/\/www.europesays.com\/fr\/wp-json\/wp\/v2\/media?parent=530092"}],"wp:term":[{"taxonomy":"category","embeddable":true,"href":"https:\/\/www.europesays.com\/fr\/wp-json\/wp\/v2\/categories?post=530092"},{"taxonomy":"post_tag","embeddable":true,"href":"https:\/\/www.europesays.com\/fr\/wp-json\/wp\/v2\/tags?post=530092"}],"curies":[{"name":"wp","href":"https:\/\/api.w.org\/{rel}","templated":true}]}}