{"id":530110,"date":"2025-11-13T00:05:20","date_gmt":"2025-11-13T00:05:20","guid":{"rendered":"https:\/\/www.europesays.com\/fr\/530110\/"},"modified":"2025-11-13T00:05:20","modified_gmt":"2025-11-13T00:05:20","slug":"affaire-epstein-un-mail-qui-prouve-que-donald-trump-savait-pour-les-filles","status":"publish","type":"post","link":"https:\/\/www.europesays.com\/fr\/530110\/","title":{"rendered":"Affaire Epstein\u00a0: un mail qui prouve que Donald Trump \u00ab\u00a0savait pour les filles\u00a0\u00bb"},"content":{"rendered":"<p>Coup de tonnerre aux \u00c9tats-Unis. Dans une lettre r\u00e9v\u00e9l\u00e9e par les \u00e9lus d\u00e9mocrates mercredi 12\u00a0novembre, le p\u00e9docriminel Jeffrey Epstein mets directement en cause le pr\u00e9sident am\u00e9ricain Donald Trump. \u00ab\u00a0Trump a dit qu\u2019il voulait que je renonce\u00a0\u00bb \u00e0 la carte de membre de Mar-a-Lago, la r\u00e9sidence de Floride du pr\u00e9sident am\u00e9ricain, affirme Jeffrey Epstein, qui pr\u00e9cise n\u2019en avoir jamais \u00e9t\u00e9 membre et ajoute\u00a0: \u00ab\u00a0bien s\u00fbr, il savait \u00e0 propos des filles, comme il a demand\u00e9 \u00e0 Ghislaine d\u2019arr\u00eater\u00a0\u00bb.<\/p>\n<p>Ghislaine Maxwell, complice et ancienne compagne de Jeffrey Epstein, purge actuellement une peine de 20\u00a0ans de prison pour exploitation sexuelle. Le financier new-yorkais avait lui \u00e9t\u00e9 retrouv\u00e9 mort en 2019 dans sa cellule, d\u2019un suicide selon les autorit\u00e9s, avant son proc\u00e8s pour crimes sexuels.<\/p>\n<p>Donald Trump \u00ab\u00a0a pass\u00e9 plusieurs heures\u00a0\u00bb avec une victime d\u2019Epstein<\/p>\n<p>Le pr\u00e9sident am\u00e9ricain a toujours d\u00e9menti avoir connaissance du comportement criminel de celui avec qui il fut proche de nombreuses ann\u00e9es avant de se brouiller dans les ann\u00e9es 2000, affirmant que leur dispute avait eu lieu des ann\u00e9es avant que ces crimes n\u2019\u00e9clatent au grand jour.<\/p>\n<p>Dans un autre mail, publi\u00e9 sur X par les membres d\u00e9mocrates d\u2019une influente commission \u00e0 la Chambre des repr\u00e9sentants, Jeffrey Epstein affirme que Donald Trump \u00ab\u00a0a pass\u00e9 plusieurs heures\u00a0\u00bb avec une victime du financier au domicile de ce dernier.<\/p>\n<p>Ces mails, obtenus par le biais des l\u00e9gataires de Jeffrey Epstein, \u00ab\u00a0soul\u00e8vent de graves questions sur Donald Trump et ce qu\u2019il connaissait des crimes horribles d\u2019Epstein\u00a0\u00bb, affirment les \u00e9lus d\u00e9mocrates.<\/p>\n<p>L\u2019affaire Epstein enflamme les \u00c9tats-Unis depuis que le gouvernement de Donald Trump a annonc\u00e9 d\u00e9but juillet n\u2019avoir d\u00e9couvert aucun \u00e9l\u00e9ment nouveau justifiant la publication de documents suppl\u00e9mentaires dans ce dossier. Sa mort par suicide a aliment\u00e9 d\u2019innombrables th\u00e9ories du complot, selon lesquelles il aurait \u00e9t\u00e9 assassin\u00e9 pour l\u2019emp\u00eacher d\u2019impliquer des personnalit\u00e9s de premier plan.<\/p>\n<p>Apr\u00e8s avoir promis \u00e0 ses partisans pendant sa campagne pr\u00e9sidentielle des r\u00e9v\u00e9lations fracassantes, Donald Trump tente aujourd\u2019hui d\u2019\u00e9teindre la pol\u00e9mique, qu\u2019il a qualifi\u00e9e \u00e0 plusieurs reprises de \u00ab\u00a0canular\u00a0\u00bb mont\u00e9 par l\u2019opposition d\u00e9mocrate.<\/p>\n<p>Figure comme Jeffrey Epstein de la jet-set new-yorkaise des ann\u00e9es 1990-2000, Donald Trump a \u00e9t\u00e9 proche du financier jusqu\u2019au milieu des ann\u00e9es 2000. Une lettre attribu\u00e9e au milliardaire r\u00e9publicain \u00e0 l\u2019attention de Jeffrey Epstein pour son anniversaire en 2003 avait \u00e9t\u00e9 rendue publique d\u00e9but septembre par les m\u00eames parlementaires d\u00e9mocrates.<\/p>\n<p>La lettre aux tonalit\u00e9s lubriques, montre une esquisse de buste f\u00e9minin avec des d\u00e9clarations attribu\u00e9es \u00e0 tour de r\u00f4le \u00e0 Jeffrey Epstein et \u00e0 Donald Trump. La signature du futur pr\u00e9sident am\u00e9ricain figure au pied de la note, \u00e0 la place du pubis de la femme dessin\u00e9e. La Maison Blanche avait d\u00e9menti que Donald Trump en ait \u00e9t\u00e9 l\u2019auteur.<\/p>\n<p><strong>Oui, on s\u2019en doute\u00a0: vous en avez assez<\/strong><\/p>\n<p>Voir ces messages d\u2019appel au don, \u00e7a peut \u00eatre p\u00e9nible. Nous le savons. Et on doit bien vous avouer que nous pr\u00e9f\u00e9rerions ne pas avoir \u00e0 les \u00e9crire\u2026<\/p>\n<p>Mais voil\u00e0\u00a0: c\u2019est crucial pour l\u2019Humanit\u00e9. Si ce titre existe toujours aujourd\u2019hui, c\u2019est gr\u00e2ce au financement r\u00e9gulier de nos lectrices et lecteurs.<\/p>\n<ul class=\"wp-block-list\">\n<li>C\u2019est gr\u00e2ce \u00e0 votre soutien que nous pouvons exercer notre m\u00e9tier avec passion. Nous ne d\u00e9pendons ni des int\u00e9r\u00eats d\u2019un propri\u00e9taire milliardaire, ni de pressions politiques : <strong>personne ne nous dicte ce que nous devons dire ou taire<\/strong>.<\/li>\n<\/ul>\n<ul class=\"wp-block-list\">\n<li>Votre engagement nous lib\u00e8re aussi de la course aux clics et \u00e0 l\u2019audience. <strong>Plut\u00f4t que de chercher \u00e0 capter l\u2019attention \u00e0 tout prix, nous choisissons de traiter les sujets que notre r\u00e9daction juge essentiels<\/strong>\u00a0: parce qu\u2019ils m\u00e9ritent d\u2019\u00eatre lus, compris, partag\u00e9s. Parce que nous estimons qu\u2019ils vous seront utiles<\/li>\n<\/ul>\n<p>\u00c0 l\u2019heure actuelle, <strong>moins d\u2019un quart des lectrices et lecteurs<\/strong> qui viennent plus de 3\u00a0fois sur le site par semaine nous aident \u00e0 financer notre travail, par leur abonnement ou par leurs dons. Si vous voulez prot\u00e9ger le journalisme ind\u00e9pendant, <strong>s\u2019il vous pla\u00eet, rejoignez-les<\/strong>.<\/p>\n","protected":false},"excerpt":{"rendered":"Coup de tonnerre aux \u00c9tats-Unis. Dans une lettre r\u00e9v\u00e9l\u00e9e par les \u00e9lus d\u00e9mocrates mercredi 12\u00a0novembre, le p\u00e9docriminel Jeffrey&hellip;\n","protected":false},"author":2,"featured_media":530111,"comment_status":"","ping_status":"","sticky":false,"template":"","format":"standard","meta":{"footnotes":""},"categories":[2],"tags":[11,75,1011,27,28790,12,47230],"class_list":{"0":"post-530110","1":"post","2":"type-post","3":"status-publish","4":"format-standard","5":"has-post-thumbnail","7":"category-actualites","8":"tag-actualites","9":"tag-donald-trump","10":"tag-fr","11":"tag-france","12":"tag-jeffrey-epstein","13":"tag-news","14":"tag-pu00e9docriminalitu00e9"},"share_on_mastodon":{"url":"https:\/\/pubeurope.com\/@fr\/115539471521235236","error":""},"_links":{"self":[{"href":"https:\/\/www.europesays.com\/fr\/wp-json\/wp\/v2\/posts\/530110","targetHints":{"allow":["GET"]}}],"collection":[{"href":"https:\/\/www.europesays.com\/fr\/wp-json\/wp\/v2\/posts"}],"about":[{"href":"https:\/\/www.europesays.com\/fr\/wp-json\/wp\/v2\/types\/post"}],"author":[{"embeddable":true,"href":"https:\/\/www.europesays.com\/fr\/wp-json\/wp\/v2\/users\/2"}],"replies":[{"embeddable":true,"href":"https:\/\/www.europesays.com\/fr\/wp-json\/wp\/v2\/comments?post=530110"}],"version-history":[{"count":0,"href":"https:\/\/www.europesays.com\/fr\/wp-json\/wp\/v2\/posts\/530110\/revisions"}],"wp:featuredmedia":[{"embeddable":true,"href":"https:\/\/www.europesays.com\/fr\/wp-json\/wp\/v2\/media\/530111"}],"wp:attachment":[{"href":"https:\/\/www.europesays.com\/fr\/wp-json\/wp\/v2\/media?parent=530110"}],"wp:term":[{"taxonomy":"category","embeddable":true,"href":"https:\/\/www.europesays.com\/fr\/wp-json\/wp\/v2\/categories?post=530110"},{"taxonomy":"post_tag","embeddable":true,"href":"https:\/\/www.europesays.com\/fr\/wp-json\/wp\/v2\/tags?post=530110"}],"curies":[{"name":"wp","href":"https:\/\/api.w.org\/{rel}","templated":true}]}}