{"id":530114,"date":"2025-11-13T00:07:27","date_gmt":"2025-11-13T00:07:27","guid":{"rendered":"https:\/\/www.europesays.com\/fr\/530114\/"},"modified":"2025-11-13T00:07:27","modified_gmt":"2025-11-13T00:07:27","slug":"la-date-de-report-de-strasbourg-asse-connue","status":"publish","type":"post","link":"https:\/\/www.europesays.com\/fr\/530114\/","title":{"rendered":"la date de report de Strasbourg-ASSE connue"},"content":{"rendered":"<p>Apr\u00e8s le brouillard, les actrices de Strasbourg-ASSE commencent \u00e0 y voir plus clair.<\/p>\n<p>Apr\u00e8s que le match a \u00e9t\u00e9 arr\u00eat\u00e9 ce samedi \u00e0 la 34e minute, alors que Strasbourg menait au score, la FFF a tranch\u00e9 ce mercredi.<\/p>\n<p>\u00ab\u00a0La Commission f\u00e9d\u00e9rale d\u2019organisation des comp\u00e9titions a d\u00e9cid\u00e9 de programmer la reprise de la rencontre au mercredi 19\u00a0novembre 2025 \u00e0 17 heures, peut-on lire sur le communiqu\u00e9 de la F\u00e9d\u00e9ration. La rencontre reprendra \u00e0 la 34e minute de jeu, dans les conditions dans lesquelles elle a \u00e9t\u00e9 interrompue, conform\u00e9ment au R\u00e8glement des comp\u00e9titions LFFP.\u00a0\u00bb<\/p>\n<p>  Les St\u00e9phanoises repartiront men\u00e9es au score<\/p>\n<p>Cela signifie que les Vertes reprendront avec toujours un but de retard \u00e0 rattraper, apr\u00e8s l\u2019ouverture du score rapide d\u2019Hannequin sur penalty. <a href=\"https:\/\/www.leprogres.fr\/sport\/2025\/11\/08\/les-stephanoises-dans-le-brouillard\" target=\"_blank\" rel=\"noopener\">Mais en sup\u00e9riorit\u00e9 num\u00e9rique pendant pr\u00e8s d\u2019une heure,<\/a> o\u00f9 le deuxi\u00e8me avertissement d\u2019Aigbogun &#8211; synonyme d\u2019exclusion &#8211; sera lui aussi retenu.<\/p>\n<p>Aux joueuses de S\u00e9bastien Joseph d\u2019en profiter, avec des conditions m\u00e9t\u00e9orologiques qui devraient \u00eatre d\u00e9gag\u00e9es, pour tenter d\u2019aller chercher des points cruciaux chez un concurrent direct. Et de s\u2019extirper de la zone rouge.<\/p>\n","protected":false},"excerpt":{"rendered":"Apr\u00e8s le brouillard, les actrices de Strasbourg-ASSE commencent \u00e0 y voir plus clair. Apr\u00e8s que le match a&hellip;\n","protected":false},"author":2,"featured_media":530115,"comment_status":"","ping_status":"","sticky":false,"template":"","format":"standard","meta":{"footnotes":""},"categories":[9653],"tags":[1111,11,4000,26756,2430,7539,1777,674,63,1011,27,3367,12,25,4001,7538,517],"class_list":{"0":"post-530114","1":"post","2":"type-post","3":"status-publish","4":"format-standard","5":"has-post-thumbnail","7":"category-saint-etienne","8":"tag-actu","9":"tag-actualites","10":"tag-asse-as-saint-etienne-football","11":"tag-asse-feminine-as-saint-etienne-football","12":"tag-auvergne-rhone-alpes","13":"tag-edition-loire-sud","14":"tag-eu","15":"tag-europe","16":"tag-football","17":"tag-fr","18":"tag-france","19":"tag-loire","20":"tag-news","21":"tag-republique-francaise","22":"tag-saint-etienne","23":"tag-saint-etienne-ville","24":"tag-sport"},"share_on_mastodon":{"url":"https:\/\/pubeurope.com\/@fr\/115539479308779528","error":""},"_links":{"self":[{"href":"https:\/\/www.europesays.com\/fr\/wp-json\/wp\/v2\/posts\/530114","targetHints":{"allow":["GET"]}}],"collection":[{"href":"https:\/\/www.europesays.com\/fr\/wp-json\/wp\/v2\/posts"}],"about":[{"href":"https:\/\/www.europesays.com\/fr\/wp-json\/wp\/v2\/types\/post"}],"author":[{"embeddable":true,"href":"https:\/\/www.europesays.com\/fr\/wp-json\/wp\/v2\/users\/2"}],"replies":[{"embeddable":true,"href":"https:\/\/www.europesays.com\/fr\/wp-json\/wp\/v2\/comments?post=530114"}],"version-history":[{"count":0,"href":"https:\/\/www.europesays.com\/fr\/wp-json\/wp\/v2\/posts\/530114\/revisions"}],"wp:featuredmedia":[{"embeddable":true,"href":"https:\/\/www.europesays.com\/fr\/wp-json\/wp\/v2\/media\/530115"}],"wp:attachment":[{"href":"https:\/\/www.europesays.com\/fr\/wp-json\/wp\/v2\/media?parent=530114"}],"wp:term":[{"taxonomy":"category","embeddable":true,"href":"https:\/\/www.europesays.com\/fr\/wp-json\/wp\/v2\/categories?post=530114"},{"taxonomy":"post_tag","embeddable":true,"href":"https:\/\/www.europesays.com\/fr\/wp-json\/wp\/v2\/tags?post=530114"}],"curies":[{"name":"wp","href":"https:\/\/api.w.org\/{rel}","templated":true}]}}