{"id":530116,"date":"2025-11-13T00:08:14","date_gmt":"2025-11-13T00:08:14","guid":{"rendered":"https:\/\/www.europesays.com\/fr\/530116\/"},"modified":"2025-11-13T00:08:14","modified_gmt":"2025-11-13T00:08:14","slug":"place-aux-jours-cinna","status":"publish","type":"post","link":"https:\/\/www.europesays.com\/fr\/530116\/","title":{"rendered":"place aux Jours Cinna !"},"content":{"rendered":"<p>Pour les cinquante ans de la marque, Cinna fait rayonner le mobilier fran\u00e7ais. Cr\u00e9\u00e9e en 1975 \u00e0 Briord, au bord du Rh\u00f4ne, la marque a su pr\u00e9server son savoir-faire familial tout en cultivant un go\u00fbt affirm\u00e9 pour l\u2019innovation et l\u2019\u00e9l\u00e9gance. R\u00e9sultat\u00a0? Des collections au style \u00e9pur\u00e9 et chaleureux, qui traversent les \u00e9poques sans se d\u00e9moder.<\/p>\n<p>Pi\u00e8ces embl\u00e9matiques et conseil personnalis\u00e9<\/p>\n<p>\u00c0 Nancy, le showroom Cinna vous invite \u00e0 (re)d\u00e9couvrir cette signature unique \u00e0 l\u2019occasion des Jours Cinna, jusqu\u2019au 23\u00a0novembre. L\u2019occasion de s\u2019offrir des pi\u00e8ces embl\u00e9matiques \u00e0 prix doux\u00a0! Parmi celles-ci, le canap\u00e9 Sandra. R\u00e9\u00e9dit\u00e9e dans des teintes et mati\u00e8res contemporaines, la pi\u00e8ce iconique de\u00a01975 conserve tout le charme du design d\u2019origine, celui d\u2019un mobilier pens\u00e9 pour durer et s\u2019int\u00e9grer dans tous les int\u00e9rieurs. Autre retour remarqu\u00e9\u00a0: celui de la collection Pierre Guariche, c\u00e9l\u00e8bre architecte designer fran\u00e7ais, dont certaines pi\u00e8ces sont r\u00e9\u00e9dit\u00e9es.<\/p>\n<p>Pousser la porte de Cinna, c\u2019est aussi b\u00e9n\u00e9ficier d\u2019un v\u00e9ritable accompagnement.<\/p>\n<p>Christophe de MATTE\u00cfS, tapissier-d\u00e9corateur certifi\u00e9, met son expertise au service de chaque projet. Am\u00e9nagements sur mesure r\u00e9alis\u00e9s \u00e0 partir de plans\u00a03D, rendez-vous \u00e0 domicile, conseils personnalis\u00e9s\u00a0: ici, on prend le temps d\u2019\u00e9couter, d\u2019\u00e9changer, d\u2019imaginer.<\/p>\n<p>Cette approche attentive s\u2019accorde avec les valeurs de la maison\u00a0: un mobilier haut de gamme, mais accessible, fabriqu\u00e9 en\u00a0France et fid\u00e8le \u00e0 une certaine id\u00e9e du design. Et surtout, la promesse d\u2019un int\u00e9rieur \u00e0 votre image\u00a0!<\/p>\n","protected":false},"excerpt":{"rendered":"Pour les cinquante ans de la marque, Cinna fait rayonner le mobilier fran\u00e7ais. Cr\u00e9\u00e9e en 1975 \u00e0 Briord,&hellip;\n","protected":false},"author":2,"featured_media":530117,"comment_status":"","ping_status":"","sticky":false,"template":"","format":"standard","meta":{"footnotes":""},"categories":[9635],"tags":[1111,11,7884,1777,674,1011,27,775,1702,12,25],"class_list":{"0":"post-530116","1":"post","2":"type-post","3":"status-publish","4":"format-standard","5":"has-post-thumbnail","7":"category-nancy","8":"tag-actu","9":"tag-actualites","10":"tag-articles-partenaires","11":"tag-eu","12":"tag-europe","13":"tag-fr","14":"tag-france","15":"tag-grand-est","16":"tag-nancy","17":"tag-news","18":"tag-republique-francaise"},"share_on_mastodon":{"url":"https:\/\/pubeurope.com\/@fr\/115539483298950065","error":""},"_links":{"self":[{"href":"https:\/\/www.europesays.com\/fr\/wp-json\/wp\/v2\/posts\/530116","targetHints":{"allow":["GET"]}}],"collection":[{"href":"https:\/\/www.europesays.com\/fr\/wp-json\/wp\/v2\/posts"}],"about":[{"href":"https:\/\/www.europesays.com\/fr\/wp-json\/wp\/v2\/types\/post"}],"author":[{"embeddable":true,"href":"https:\/\/www.europesays.com\/fr\/wp-json\/wp\/v2\/users\/2"}],"replies":[{"embeddable":true,"href":"https:\/\/www.europesays.com\/fr\/wp-json\/wp\/v2\/comments?post=530116"}],"version-history":[{"count":0,"href":"https:\/\/www.europesays.com\/fr\/wp-json\/wp\/v2\/posts\/530116\/revisions"}],"wp:featuredmedia":[{"embeddable":true,"href":"https:\/\/www.europesays.com\/fr\/wp-json\/wp\/v2\/media\/530117"}],"wp:attachment":[{"href":"https:\/\/www.europesays.com\/fr\/wp-json\/wp\/v2\/media?parent=530116"}],"wp:term":[{"taxonomy":"category","embeddable":true,"href":"https:\/\/www.europesays.com\/fr\/wp-json\/wp\/v2\/categories?post=530116"},{"taxonomy":"post_tag","embeddable":true,"href":"https:\/\/www.europesays.com\/fr\/wp-json\/wp\/v2\/tags?post=530116"}],"curies":[{"name":"wp","href":"https:\/\/api.w.org\/{rel}","templated":true}]}}