{"id":530118,"date":"2025-11-13T00:09:22","date_gmt":"2025-11-13T00:09:22","guid":{"rendered":"https:\/\/www.europesays.com\/fr\/530118\/"},"modified":"2025-11-13T00:09:22","modified_gmt":"2025-11-13T00:09:22","slug":"course-dorientation-sara-oijid-boucle-sa-saison-sur-une-belle-moisson-de-medailles-nationales","status":"publish","type":"post","link":"https:\/\/www.europesays.com\/fr\/530118\/","title":{"rendered":"Course d\u2019orientation. Sara Oijid boucle sa saison sur une belle moisson de m\u00e9dailles nationales"},"content":{"rendered":"<p>Elle avait pris la direction de la Seine-et-Marne avec la ferme intention de confirmer son titre d\u00e9croch\u00e9 l\u2019an dernier chez les D14, alors qu\u2019elle n\u2019\u00e9tait que premi\u00e8re ann\u00e9e de cette cat\u00e9gorie. Mais, pour une poign\u00e9e de secondes, Sara Oijid a d\u00fb se contenter du deuxi\u00e8me rang. 13 exactement lui ont fait d\u00e9faut pour doubler la mise sur le circuit de Vert-Saint-Denis, o\u00f9 se tenait le premier week-end de novembre le grand rendez-vous de la fin de saison.<\/p>\n<p>\u00ab C\u2019est le jeu de la CO \u00bb, observait son p\u00e8re, Yassine. Sa fille a tout de m\u00eame d\u00e9croch\u00e9 un nouveau podium et confirme qu\u2019il faut bien compter avec elle. D\u2019autant que, quelques jours plus t\u00f4t, elle avait \u00e9t\u00e9 couronn\u00e9e championne de la Coupe de France de CO-VTT. \u00ab Elle vise un jour l\u2019\u00e9quipe de France \u00bb, prolonge son paternel. L\u2019\u00e9l\u00e8ve de seconde s\u2019\u00e9lancera ainsi l\u2019ann\u00e9e prochaine \u00e0 la reconqu\u00eate d\u2019un nouveau titre, tout en continuant \u00e0 mettre l\u2019accent sur sa pratique du duathlon.<\/p>\n<p>Et dans la famille Oijid, la grande s\u0153ur, Mellina, n\u2019est pas en reste, \u00e9tant aussi en bonne position dans le classement de la Coupe de France de CO p\u00e9destre. La jeune soci\u00e9taire du VTT Fun Club veut maintenant mettre le cap sur le XCE (Eliminator).<\/p>\n","protected":false},"excerpt":{"rendered":"Elle avait pris la direction de la Seine-et-Marne avec la ferme intention de confirmer son titre d\u00e9croch\u00e9 l\u2019an&hellip;\n","protected":false},"author":2,"featured_media":530119,"comment_status":"","ping_status":"","sticky":false,"template":"","format":"standard","meta":{"footnotes":""},"categories":[9635],"tags":[1111,11,1704,1777,674,1011,27,775,1702,1703,12,25,7135,517,1700],"class_list":{"0":"post-530118","1":"post","2":"type-post","3":"status-publish","4":"format-standard","5":"has-post-thumbnail","7":"category-nancy","8":"tag-actu","9":"tag-actualites","10":"tag-edition-nancy-et-agglomeration","11":"tag-eu","12":"tag-europe","13":"tag-fr","14":"tag-france","15":"tag-grand-est","16":"tag-nancy","17":"tag-nancy-ville-54b","18":"tag-news","19":"tag-republique-francaise","20":"tag-running","21":"tag-sport","22":"tag-sport-lorrain"},"share_on_mastodon":{"url":"https:\/\/pubeurope.com\/@fr\/115539487207651446","error":""},"_links":{"self":[{"href":"https:\/\/www.europesays.com\/fr\/wp-json\/wp\/v2\/posts\/530118","targetHints":{"allow":["GET"]}}],"collection":[{"href":"https:\/\/www.europesays.com\/fr\/wp-json\/wp\/v2\/posts"}],"about":[{"href":"https:\/\/www.europesays.com\/fr\/wp-json\/wp\/v2\/types\/post"}],"author":[{"embeddable":true,"href":"https:\/\/www.europesays.com\/fr\/wp-json\/wp\/v2\/users\/2"}],"replies":[{"embeddable":true,"href":"https:\/\/www.europesays.com\/fr\/wp-json\/wp\/v2\/comments?post=530118"}],"version-history":[{"count":0,"href":"https:\/\/www.europesays.com\/fr\/wp-json\/wp\/v2\/posts\/530118\/revisions"}],"wp:featuredmedia":[{"embeddable":true,"href":"https:\/\/www.europesays.com\/fr\/wp-json\/wp\/v2\/media\/530119"}],"wp:attachment":[{"href":"https:\/\/www.europesays.com\/fr\/wp-json\/wp\/v2\/media?parent=530118"}],"wp:term":[{"taxonomy":"category","embeddable":true,"href":"https:\/\/www.europesays.com\/fr\/wp-json\/wp\/v2\/categories?post=530118"},{"taxonomy":"post_tag","embeddable":true,"href":"https:\/\/www.europesays.com\/fr\/wp-json\/wp\/v2\/tags?post=530118"}],"curies":[{"name":"wp","href":"https:\/\/api.w.org\/{rel}","templated":true}]}}