{"id":530120,"date":"2025-11-13T00:11:13","date_gmt":"2025-11-13T00:11:13","guid":{"rendered":"https:\/\/www.europesays.com\/fr\/530120\/"},"modified":"2025-11-13T00:11:13","modified_gmt":"2025-11-13T00:11:13","slug":"chambray-a-fini-par-epuiser-toulon","status":"publish","type":"post","link":"https:\/\/www.europesays.com\/fr\/530120\/","title":{"rendered":"Chambray a fini par \u00e9puiser Toulon"},"content":{"rendered":"<p><strong>Chambray Touraine Handball\u00a0&#8211; Toulon M\u00e9tropole Var Handball\u00a0: 35-28<\/strong><\/p>\n<p>Re\u00e7u trois sur trois\u00a0! Chambray a empil\u00e9 un troisi\u00e8me succ\u00e8s cons\u00e9cutif en l\u2019espace d\u2019une semaine, ce mercredi 12\u00a0novembre 2025 \u00e0 la Fontaine Blanche, face \u00e0 Toulon. Un succ\u00e8s construit notamment en deuxi\u00e8me p\u00e9riode, qui avait de quoi rendre fier le camp chambraisien. C\u00f4t\u00e9 toulonnais, on regrettait de ne pas avoir su rester coll\u00e9 au score jusque dans le money-time, pour esp\u00e9rer une meilleure issue.<\/p>\n<p><strong>Camille Comte (entra\u00eeneur de Chambray)\u00a0: <\/strong>\u00ab\u00a0Je suis fier, car c\u2019est la troisi\u00e8me prestation d\u2019affil\u00e9e o\u00f9 on impose notre rythme. On arrive \u00e0 vraiment bien associer nos gabarits qui ont de la puissance, de la force, \u00e0 nos gabarits qui ont de la vitesse. On sent qu\u2019il y a quelque chose qui a pris dans cette \u00e9quipe et qui semble inexorable.<\/p>\n<p>J\u2019ai appr\u00e9ci\u00e9 la r\u00e9action d\u00e9fensive en deuxi\u00e8me mi-temps, parce qu\u2019en premi\u00e8re, ni notre d\u00e9fense ni nos gardiennes ne sont bonnes, ou en tout cas au niveau auquel on peut les attendre. Toulon est l\u2019une des \u00e9quipes qui, offensivement, arrive \u00e0 vraiment bien man\u0153uvrer, elle a pos\u00e9 beaucoup de probl\u00e8mes \u00e0 beaucoup de d\u00e9fenses. Sur la longueur du match, il fallait fatiguer les joueuses adverses pour faire baisser le niveau. On savait qu\u2019au bout d\u2019un moment, elles auraient moins de r\u00e9ussite au tir. On a construit le match sur la dur\u00e9e et c\u2019est parfait pour la semaine qu\u2019on est en train de vivre&#8230;. <\/p>\n<p>    Cet article a \u00e9t\u00e9 tronqu\u00e9. Abonnez-vous pour lire l&rsquo;article complet sur notre site.<\/p>\n<p>\u00a0\u00bb<\/p>\n<p style=\"margin: 0 !important; padding: 0 !important; font-size: 12px !important;\">Cet article a \u00e9t\u00e9 tronqu\u00e9. Abonnez-vous pour lire l&rsquo;article complet.<\/p>\n<p>    <a href=\"https:\/\/www.lanouvellerepublique.fr\/abonnements\" style=\"display: inline-block; margin-top: 5px !important; padding: 6px 12px !important; background: #cb1c27; color: white; text-decoration: none; border-radius: 4px; font-size: 12px !important;\" target=\"_blank\" rel=\"noopener\"><br \/>\n      S&rsquo;abonner<br \/>\n    <\/a><\/p>\n","protected":false},"excerpt":{"rendered":"Chambray Touraine Handball\u00a0&#8211; Toulon M\u00e9tropole Var Handball\u00a0: 35-28 Re\u00e7u trois sur trois\u00a0! Chambray a empil\u00e9 un troisi\u00e8me succ\u00e8s&hellip;\n","protected":false},"author":2,"featured_media":530121,"comment_status":"","ping_status":"","sticky":false,"template":"","format":"standard","meta":{"footnotes":""},"categories":[9619],"tags":[1111,11,12891,14662,2206,1777,674,1011,27,1792,1387,12,882,25,60,2310],"class_list":{"0":"post-530120","1":"post","2":"type-post","3":"status-publish","4":"format-standard","5":"has-post-thumbnail","7":"category-toulon","8":"tag-actu","9":"tag-actualites","10":"tag-chambray-touraine-handball","11":"tag-chambray-les-tours","12":"tag-division-1","13":"tag-eu","14":"tag-europe","15":"tag-fr","16":"tag-france","17":"tag-handball","18":"tag-indre-et-loire","19":"tag-news","20":"tag-provence-alpes-cote-dazur","21":"tag-republique-francaise","22":"tag-sports","23":"tag-toulon"},"share_on_mastodon":{"url":"https:\/\/pubeurope.com\/@fr\/115539495115294933","error":""},"_links":{"self":[{"href":"https:\/\/www.europesays.com\/fr\/wp-json\/wp\/v2\/posts\/530120","targetHints":{"allow":["GET"]}}],"collection":[{"href":"https:\/\/www.europesays.com\/fr\/wp-json\/wp\/v2\/posts"}],"about":[{"href":"https:\/\/www.europesays.com\/fr\/wp-json\/wp\/v2\/types\/post"}],"author":[{"embeddable":true,"href":"https:\/\/www.europesays.com\/fr\/wp-json\/wp\/v2\/users\/2"}],"replies":[{"embeddable":true,"href":"https:\/\/www.europesays.com\/fr\/wp-json\/wp\/v2\/comments?post=530120"}],"version-history":[{"count":0,"href":"https:\/\/www.europesays.com\/fr\/wp-json\/wp\/v2\/posts\/530120\/revisions"}],"wp:featuredmedia":[{"embeddable":true,"href":"https:\/\/www.europesays.com\/fr\/wp-json\/wp\/v2\/media\/530121"}],"wp:attachment":[{"href":"https:\/\/www.europesays.com\/fr\/wp-json\/wp\/v2\/media?parent=530120"}],"wp:term":[{"taxonomy":"category","embeddable":true,"href":"https:\/\/www.europesays.com\/fr\/wp-json\/wp\/v2\/categories?post=530120"},{"taxonomy":"post_tag","embeddable":true,"href":"https:\/\/www.europesays.com\/fr\/wp-json\/wp\/v2\/tags?post=530120"}],"curies":[{"name":"wp","href":"https:\/\/api.w.org\/{rel}","templated":true}]}}