{"id":530126,"date":"2025-11-13T00:15:49","date_gmt":"2025-11-13T00:15:49","guid":{"rendered":"https:\/\/www.europesays.com\/fr\/530126\/"},"modified":"2025-11-13T00:15:49","modified_gmt":"2025-11-13T00:15:49","slug":"seine-maritime-pourquoi-les-acces-a-rouen-seront-ils-compliques-en-fin-dapres-midi","status":"publish","type":"post","link":"https:\/\/www.europesays.com\/fr\/530126\/","title":{"rendered":"Seine-Maritime. Pourquoi les acc\u00e8s \u00e0 Rouen seront-ils compliqu\u00e9s en fin d&rsquo;apr\u00e8s-midi\u00a0?"},"content":{"rendered":"<p melodystyle=\"texte\">Prenez vos dispositions si vous devez prendre la route pour aller \u00e0 Rouen ce mercredi 12\u00a0novembre \u00e0 partir de 18\u00a0heures. Les agriculteurs manifestent ce soir devant la pr\u00e9fecture. Pour s&rsquo;y rendre, ils se d\u00e9placent en tracteurs. Plusieurs convois sont pr\u00e9vus. Les services pr\u00e9fectoraux pr\u00e9viennent donc que des axes de circulation conna\u00eetront des ralentissements entre 18 et 20\u00a0heures\u00a0: l&rsquo;A150 dans le sens Barentin &#8211; Rouen\u00a0; l&rsquo;A13 dans le sens Paris &#8211; Rouen\u00a0; la Sud 3 dans le sens Elbeuf &#8211; Rouen et l&rsquo;A28 avec le tunnel de la Grand-Mare \u00e0 l&rsquo;entr\u00e9e de la ville. Des perturbations sont annonc\u00e9es, \u00e9galement, place Saint-Paul.<\/p>\n<p>Deux syndicats contre le Mercosur<\/p>\n<p melodystyle=\"texte\">Le mouvement de protestation est initi\u00e9 par la FNSEA 76, le syndicat majoritaire en Seine-Maritime, et les Jeunes agriculteurs (JA 76). Ces organisations protestent contre \u00ab\u00a0les derniers renoncements du pr\u00e9sident Macron sur les accords du Mercosur\u00a0\u00bb, des \u00e9changes commerciaux avec plusieurs pays d&rsquo;Am\u00e9rique du Sud et latine. Les agriculteurs les consid\u00e8rent comme \u00ab\u00a0une v\u00e9ritable trahison\u00a0\u00bb. Ils pointent \u00e9galement \u00ab\u00a0la mise en place prochaine d&rsquo;une nouvelle taxe sur les engrais import\u00e9s qui va plomber la comp\u00e9titivit\u00e9 des exploitations et fragiliser gravement [leur] capacit\u00e9 \u00e0 produire\u00a0\u00bb. Ils estiment que \u00ab\u00a0l&rsquo;Europe ne s&rsquo;y prendrait pas autrement pour condamner son agriculture et sa souverainet\u00e9 alimentaire\u00a0\u00bb. Ils fustigent la disparition\u00a0annonc\u00e9e de leur m\u00e9tier.<\/p>\n","protected":false},"excerpt":{"rendered":"Prenez vos dispositions si vous devez prendre la route pour aller \u00e0 Rouen ce mercredi 12\u00a0novembre \u00e0 partir&hellip;\n","protected":false},"author":2,"featured_media":530127,"comment_status":"","ping_status":"","sticky":false,"template":"","format":"standard","meta":{"footnotes":""},"categories":[9587],"tags":[1111,11,1777,674,1011,27,12,5161,25,9590],"class_list":{"0":"post-530126","1":"post","2":"type-post","3":"status-publish","4":"format-standard","5":"has-post-thumbnail","7":"category-rouen","8":"tag-actu","9":"tag-actualites","10":"tag-eu","11":"tag-europe","12":"tag-fr","13":"tag-france","14":"tag-news","15":"tag-normandie","16":"tag-republique-francaise","17":"tag-rouen"},"share_on_mastodon":{"url":"https:\/\/pubeurope.com\/@fr\/115539514707315528","error":""},"_links":{"self":[{"href":"https:\/\/www.europesays.com\/fr\/wp-json\/wp\/v2\/posts\/530126","targetHints":{"allow":["GET"]}}],"collection":[{"href":"https:\/\/www.europesays.com\/fr\/wp-json\/wp\/v2\/posts"}],"about":[{"href":"https:\/\/www.europesays.com\/fr\/wp-json\/wp\/v2\/types\/post"}],"author":[{"embeddable":true,"href":"https:\/\/www.europesays.com\/fr\/wp-json\/wp\/v2\/users\/2"}],"replies":[{"embeddable":true,"href":"https:\/\/www.europesays.com\/fr\/wp-json\/wp\/v2\/comments?post=530126"}],"version-history":[{"count":0,"href":"https:\/\/www.europesays.com\/fr\/wp-json\/wp\/v2\/posts\/530126\/revisions"}],"wp:featuredmedia":[{"embeddable":true,"href":"https:\/\/www.europesays.com\/fr\/wp-json\/wp\/v2\/media\/530127"}],"wp:attachment":[{"href":"https:\/\/www.europesays.com\/fr\/wp-json\/wp\/v2\/media?parent=530126"}],"wp:term":[{"taxonomy":"category","embeddable":true,"href":"https:\/\/www.europesays.com\/fr\/wp-json\/wp\/v2\/categories?post=530126"},{"taxonomy":"post_tag","embeddable":true,"href":"https:\/\/www.europesays.com\/fr\/wp-json\/wp\/v2\/tags?post=530126"}],"curies":[{"name":"wp","href":"https:\/\/api.w.org\/{rel}","templated":true}]}}