{"id":530131,"date":"2025-11-13T00:20:22","date_gmt":"2025-11-13T00:20:22","guid":{"rendered":"https:\/\/www.europesays.com\/fr\/530131\/"},"modified":"2025-11-13T00:20:22","modified_gmt":"2025-11-13T00:20:22","slug":"reportage-un-cafe-pour-liberer-la-parole-sur-le-declenchement-de-laccouchement-2","status":"publish","type":"post","link":"https:\/\/www.europesays.com\/fr\/530131\/","title":{"rendered":"REPORTAGE. Un caf\u00e9 pour lib\u00e9rer la parole sur le d\u00e9clenchement de l\u2019accouchement"},"content":{"rendered":"<p>Caf\u00e9s, cookies, biberon\u2026 L\u2019ambiance semble presque famili\u00e8re. Autour de la table, dans un caf\u00e9 du centre de Rennes (Ille-et-Vilaine), six femmes. Trois patientes, toutes d\u00e9clench\u00e9es pour d\u00e9passement de terme, trois professionnelles du CHU\u00a0: la gyn\u00e9cologue Louise Jacquot-Thierry, l\u2019interne Bertille Canton et la sage-femme coordonnateur en maieutique Marie &#8230;<\/p>\n<p>\u00a0<\/p>\n","protected":false},"excerpt":{"rendered":"Caf\u00e9s, cookies, biberon\u2026 L\u2019ambiance semble presque famili\u00e8re. Autour de la table, dans un caf\u00e9 du centre de Rennes&hellip;\n","protected":false},"author":2,"featured_media":529893,"comment_status":"","ping_status":"","sticky":false,"template":"","format":"standard","meta":{"footnotes":""},"categories":[2821],"tags":[22544,1111,11,829,4586,64864,1777,674,1011,27,14340,12,866,584,2687,25],"class_list":{"0":"post-530131","1":"post","2":"type-post","3":"status-publish","4":"format-standard","5":"has-post-thumbnail","7":"category-rennes","8":"tag-accouchement","9":"tag-actu","10":"tag-actualites","11":"tag-bretagne","12":"tag-cafe","13":"tag-declenchement","14":"tag-eu","15":"tag-europe","16":"tag-fr","17":"tag-france","18":"tag-liberer","19":"tag-news","20":"tag-parole","21":"tag-rennes","22":"tag-reportage","23":"tag-republique-francaise"},"share_on_mastodon":{"url":"https:\/\/pubeurope.com\/@fr\/115539530443166682","error":""},"_links":{"self":[{"href":"https:\/\/www.europesays.com\/fr\/wp-json\/wp\/v2\/posts\/530131","targetHints":{"allow":["GET"]}}],"collection":[{"href":"https:\/\/www.europesays.com\/fr\/wp-json\/wp\/v2\/posts"}],"about":[{"href":"https:\/\/www.europesays.com\/fr\/wp-json\/wp\/v2\/types\/post"}],"author":[{"embeddable":true,"href":"https:\/\/www.europesays.com\/fr\/wp-json\/wp\/v2\/users\/2"}],"replies":[{"embeddable":true,"href":"https:\/\/www.europesays.com\/fr\/wp-json\/wp\/v2\/comments?post=530131"}],"version-history":[{"count":0,"href":"https:\/\/www.europesays.com\/fr\/wp-json\/wp\/v2\/posts\/530131\/revisions"}],"wp:featuredmedia":[{"embeddable":true,"href":"https:\/\/www.europesays.com\/fr\/wp-json\/wp\/v2\/media\/529893"}],"wp:attachment":[{"href":"https:\/\/www.europesays.com\/fr\/wp-json\/wp\/v2\/media?parent=530131"}],"wp:term":[{"taxonomy":"category","embeddable":true,"href":"https:\/\/www.europesays.com\/fr\/wp-json\/wp\/v2\/categories?post=530131"},{"taxonomy":"post_tag","embeddable":true,"href":"https:\/\/www.europesays.com\/fr\/wp-json\/wp\/v2\/tags?post=530131"}],"curies":[{"name":"wp","href":"https:\/\/api.w.org\/{rel}","templated":true}]}}