{"id":530172,"date":"2025-11-13T00:43:12","date_gmt":"2025-11-13T00:43:12","guid":{"rendered":"https:\/\/www.europesays.com\/fr\/530172\/"},"modified":"2025-11-13T00:43:12","modified_gmt":"2025-11-13T00:43:12","slug":"que-sest-il-passe-le-13-novembre-2015-a-paris","status":"publish","type":"post","link":"https:\/\/www.europesays.com\/fr\/530172\/","title":{"rendered":"Que s\u2019est-il pass\u00e9 le 13 novembre 2015 \u00e0 Paris\u00a0?"},"content":{"rendered":"<p>Il y a 10 ans, des attentats ont boulevers\u00e9 la France. Et on s\u2019en souvient encore aujourd\u2019hui. Cette vid\u00e9o revient sur ces \u00e9v\u00e8nements tragiques.<\/p>\n<\/p>\n<p>Que s\u2019est-il pass\u00e9 le 13 novembre 2015 \u00e0 Paris\u00a0?<\/p>\n<p>Ce soir-l\u00e0, des attentats ont \u00e9t\u00e9 men\u00e9s \u00e0 Paris. <strong>Des hommes arm\u00e9s ont vis\u00e9 des endroits o\u00f9 les gens \u00e9taient r\u00e9unis pour passer une bonne soir\u00e9e\u2026\u00a0<\/strong>Des terrasses de caf\u00e9 et de restaurant, une salle de concert appel\u00e9e le Bataclan et le Stade de France. En quelques heures, 130\u00a0personnes sont mortes et des centaines d\u2019autres ont \u00e9t\u00e9 bless\u00e9es.\u00a0<\/p>\n<p>Mais qui a fait \u00e7a\u2009?\u00a0<\/p>\n<p>Des <a href=\"https:\/\/www.1jour1actu.com\/monde\/cest-quoi-un-terroriste\" target=\"_blank\" rel=\"noreferrer noopener\">terroristes<\/a> islamistes. Ils faisaient partie d\u2019un groupe tr\u00e8s dangereux appel\u00e9 Daech.<\/p>\n<p><strong>Leur but\u00a0: faire r\u00e9gner la peur <\/strong>pour punir la France d\u2019avoir envoy\u00e9 son arm\u00e9e s\u2019opposer \u00e0 eux dans d\u2019autres pays.\u00a0D\u2019ailleurs, ces attentats ont \u00e9t\u00e9 organis\u00e9s depuis l\u2019un de ces pays\u00a0: la <a href=\"https:\/\/www.1jour1actu.com\/monde\/cest-ou-la-syrie\" target=\"_blank\" rel=\"noreferrer noopener\">Syrie<\/a>, au Moyen-Orient.\u00a0\u00a0<\/p>\n<p>Mieux se prot\u00e9ger<\/p>\n<p>\u00c0 la suite de ce drame et d\u2019autres attentats \u00e0 cette p\u00e9riode, <strong>des lois ont \u00e9t\u00e9 chang\u00e9es pour mieux lutter contre le terrorisme.<\/strong>\u00a0Par exemple, en cas de risque, il est devenu plus facile de faire des contr\u00f4les, des fouilles, ou de bloquer certains \u00e9v\u00e9nements aux voitures.\u00a0Les pays de l\u2019Europe ont aussi d\u00e9cid\u00e9 de mieux partager leurs informations. Car \u00e0 plusieurs, on est plus fort\u2009!\u00a0\u00a0<\/p>\n<p>Pour ne pas oublier ce qui s\u2019est pass\u00e9, des c\u00e9r\u00e9monies ont lieu chaque ann\u00e9e. Et des livres, des films et des chansons continuent de raconter cette terrible soir\u00e9e. Un jardin sp\u00e9cial a aussi \u00e9t\u00e9 cr\u00e9\u00e9 \u00e0 Paris pour se recueillir\u00a0: le Jardin m\u00e9moriel des attentats du 13 novembre.\u00a0<\/p>\n<p class=\"author\">\n                            <a href=\"https:\/\/www.1jour1actu.com\/auteurs\/camillel\" title=\"Articles par Camille Laurans\" class=\"author url fn\" rel=\"author noopener\" target=\"_blank\">Camille Laurans<\/a>                        <\/p>\n","protected":false},"excerpt":{"rendered":"Il y a 10 ans, des attentats ont boulevers\u00e9 la France. Et on s\u2019en souvient encore aujourd\u2019hui. Cette&hellip;\n","protected":false},"author":2,"featured_media":530173,"comment_status":"","ping_status":"","sticky":false,"template":"","format":"standard","meta":{"footnotes":""},"categories":[1888],"tags":[11,64910,1777,674,1011,27,12,626,25,64911,2955],"class_list":{"0":"post-530172","1":"post","2":"type-post","3":"status-publish","4":"format-standard","5":"has-post-thumbnail","7":"category-paris","8":"tag-actualites","9":"tag-attentats-en-france","10":"tag-eu","11":"tag-europe","12":"tag-fr","13":"tag-france","14":"tag-news","15":"tag-paris","16":"tag-republique-francaise","17":"tag-terrorisme-et-attentats","18":"tag-videos"},"share_on_mastodon":{"url":"https:\/\/pubeurope.com\/@fr\/115539620925084903","error":""},"_links":{"self":[{"href":"https:\/\/www.europesays.com\/fr\/wp-json\/wp\/v2\/posts\/530172","targetHints":{"allow":["GET"]}}],"collection":[{"href":"https:\/\/www.europesays.com\/fr\/wp-json\/wp\/v2\/posts"}],"about":[{"href":"https:\/\/www.europesays.com\/fr\/wp-json\/wp\/v2\/types\/post"}],"author":[{"embeddable":true,"href":"https:\/\/www.europesays.com\/fr\/wp-json\/wp\/v2\/users\/2"}],"replies":[{"embeddable":true,"href":"https:\/\/www.europesays.com\/fr\/wp-json\/wp\/v2\/comments?post=530172"}],"version-history":[{"count":0,"href":"https:\/\/www.europesays.com\/fr\/wp-json\/wp\/v2\/posts\/530172\/revisions"}],"wp:featuredmedia":[{"embeddable":true,"href":"https:\/\/www.europesays.com\/fr\/wp-json\/wp\/v2\/media\/530173"}],"wp:attachment":[{"href":"https:\/\/www.europesays.com\/fr\/wp-json\/wp\/v2\/media?parent=530172"}],"wp:term":[{"taxonomy":"category","embeddable":true,"href":"https:\/\/www.europesays.com\/fr\/wp-json\/wp\/v2\/categories?post=530172"},{"taxonomy":"post_tag","embeddable":true,"href":"https:\/\/www.europesays.com\/fr\/wp-json\/wp\/v2\/tags?post=530172"}],"curies":[{"name":"wp","href":"https:\/\/api.w.org\/{rel}","templated":true}]}}