{"id":53018,"date":"2025-04-26T00:05:08","date_gmt":"2025-04-26T00:05:08","guid":{"rendered":"https:\/\/www.europesays.com\/fr\/53018\/"},"modified":"2025-04-26T00:05:08","modified_gmt":"2025-04-26T00:05:08","slug":"marc-lavoine-se-confie-sur-les-sombres-moments-quil-a-traverses-avant-detre-sauve-par-adriana-karembeu","status":"publish","type":"post","link":"https:\/\/www.europesays.com\/fr\/53018\/","title":{"rendered":"Marc Lavoine se confie sur les sombres moments qu\u2019il a travers\u00e9s avant d\u2019\u00eatre sauv\u00e9 par Adriana Karembeu"},"content":{"rendered":"<p>    Marc Lavoine et Adriana Karembeu au th\u00e9\u00e2tre des Champs \u00c9lys\u00e9e. (Paris, le 18 septembre 2024.)<br \/>\n                Shootpix\/ABACA<\/p>\n<p>Le chanteur s\u2019est livr\u00e9 au sujet de son histoire d\u2019amour avec la c\u00e9l\u00e8bre mannequin dans une interview publi\u00e9e ce vendredi 25 avril dans Le Parisien .<\/p>\n<p class=\"fig-paragraph\">On a toujours connu\u00a0<a href=\"https:\/\/madame.lefigaro.fr\/tag\/marc-lavoine\" target=\"_blank\" rel=\"noopener\" data-gtm-custom-categorie=\"navigation\" data-gtm-custom-action=\"crossclick\" data-gtm-custom-label=\"Contextuel\" data-gtm-event=\"customEventSPE\">Marc Lavoine<\/a>\u00a0lyrique. Sans jamais se douter que toutes ses belles chansons d\u2019amour, dont la tr\u00e8s c\u00e9l\u00e8bre \u00abelle a les yeux revolver\u00bb sortie en 1985, \u00e9taient en fait destin\u00e9es \u00e0 sa m\u00e8re. Mais depuis l\u2019officialisation de sa relation avec\u00a0<a href=\"https:\/\/madame.lefigaro.fr\/tag\/adriana-karembeu\" target=\"_blank\" rel=\"noopener\" data-gtm-custom-categorie=\"navigation\" data-gtm-custom-action=\"crossclick\" data-gtm-custom-label=\"Contextuel\" data-gtm-event=\"customEventSPE\">Adriana Karembeu<\/a> \u00a0en septembre dernier, Marc Lavoine semble avoir chang\u00e9 de muse et livre tout son\u00a0<a href=\"https:\/\/madame.lefigaro.fr\/tag\/art-lyrique\" target=\"_blank\" rel=\"noopener\" data-gtm-custom-categorie=\"navigation\" data-gtm-custom-action=\"crossclick\" data-gtm-custom-label=\"Contextuel\" data-gtm-event=\"customEventSPE\">lyrisme\u00a0<\/a>dans les interviews qu\u2019il accorde \u00e0 l\u2019occasion de sa tourn\u00e9e \u00abrevolver\u00bb.<\/p>\n<p class=\"fig-body-link&#10;    \">\n            \u00c0 lire aussi<br \/>\n        <a class=\"fig-body-link__link\" href=\"http:\/\/madame.lefigaro.fr\/celebrites\/actu-people\/je-ne-veux-qu-elle-en-video-marc-lavoine-chante-les-yeux-revolver-a-adriana-karembeu-en-plein-paris-20241107\" data-fig-type=\"Article\" data-gtm-custom-categorie=\"navigation\" data-gtm-custom-action=\"crossclick\" data-gtm-custom-label=\"Contextuel\" data-gtm-event=\"customEventSPE\" data-fig-domain=\"MADAME\" target=\"_blank\" rel=\"noopener\">En vid\u00e9o, Marc Lavoine chante Les Yeux revolver \u00e0 Adriana Karembeu en plein Paris<\/a>\n<\/p>\n<p>Celle qu\u2019il n\u2019attendait plus<\/p>\n<p class=\"fig-paragraph\">Leur histoire grandit \u00e0 partir d\u2019un terreau quasiment st\u00e9rile. \u00c0 cet instant de sa vie, Marc Lavoine ne supporte plus sa vie. \u00abJe ne voulais plus chanter, je ne voulais plus rien faire. C\u2019\u00e9tait devenu insupportable, irrespirable de vivre \u00e0 Paris.\u00bb, confie-t-il au\u00a0<a href=\"https:\/\/www.leparisien.fr\/culture-loisirs\/musique\/on-a-fait-expres-de-se-montrer-adriana-karembeu-sa-tournee-ses-projets-marc-lavoine-se-confie-25-04-2025-ECOI2SXT7RBWPDICSLRL7GD7EA.php\" target=\"_blank\" rel=\"nofollow noopener\" data-gtm-custom-categorie=\"navigation\" data-gtm-custom-action=\"crossclick\" data-gtm-custom-label=\"Contextuel\" data-gtm-event=\"customEventSPE\">Parisien<\/a> . \u00abLe bonheur existe, et pourtant j\u2019\u00e9tais pr\u00eat \u00e0 me barrer, \u00e0 partir. C\u2019est un miracle\u00bb. Malgr\u00e9 ces temps sombres, il r\u00e9ussit \u00e0 s\u2019ouvrir \u00e0\u00a0<a href=\"https:\/\/madame.lefigaro.fr\/tag\/amour\" target=\"_blank\" rel=\"noopener\" data-gtm-custom-categorie=\"navigation\" data-gtm-custom-action=\"crossclick\" data-gtm-custom-label=\"Contextuel\" data-gtm-event=\"customEventSPE\">l\u2019amour\u00a0<\/a>au contact d\u2019Adriana Karembeu. \u00abEt puis un jour, vous voyez quelque chose, quelqu\u2019un qui vous parle, et vous la croyez. \u00c0 ce moment-l\u00e0, tout ce dont vous avez r\u00eav\u00e9 appara\u00eet. J\u2019ai cherch\u00e9 \u00e7a toute ma vie. Qu\u2019est-ce qu\u2019il y aurait de mieux, entre vivre et mourir, que d\u2019aimer\u00a0?\u00bb<\/p>\n<p>\u00abJe n\u2019avan\u00e7ais pas\u00bb<\/p>\n<p class=\"fig-paragraph\">Le\u00a0<a href=\"https:\/\/madame.lefigaro.fr\/tag\/chanteur\" target=\"_blank\" rel=\"noopener\" data-gtm-custom-categorie=\"navigation\" data-gtm-custom-action=\"crossclick\" data-gtm-custom-label=\"Contextuel\" data-gtm-event=\"customEventSPE\">chanteur\u00a0<\/a>n\u2019a pas honte d\u2019\u00e9voquer cette sombre p\u00e9riode qu\u2019il a travers\u00e9e, lui permettant, \u00e0 terme, de r\u00e9aliser les changements \u00e0 op\u00e9rer apr\u00e8s le tournant de ses 60 ans. \u00abIl faut se tromper, avaler la pilule, comprendre comment on en est arriv\u00e9 l\u00e0, quelles sont les failles, pourquoi on tombe tout le temps dans le m\u00eame sch\u00e9ma. Un jour, on en a marre et il faut que ce sch\u00e9ma s\u2019arr\u00eate\u00bb, confie-t-il. \u00abJe n\u2019avan\u00e7ais pas. Et on r\u00e9p\u00e8te, on se ressert souvent les m\u00eames plats.\u00bb Heureusement, ce temps est d\u00e9sormais derri\u00e8re lui. \u00abJe me sens enfin lib\u00e9r\u00e9. L\u2019amour m\u2019est revenu comme un cadeau incroyable, que je n\u2019arrive m\u00eame pas \u00e0 comprendre. Le bonheur a les yeux bleus. Comme ceux de ma m\u00e8re.\u00bb<\/p>\n<p>\u00abMaintenant, je suis bien dans la vie\u00bb<\/p>\n<p class=\"fig-paragraph\">Il n\u2019h\u00e9site pas \u00e0 admettre qu\u2019Adriana Karembeu l\u2019a sorti de ces moments de doutes et de frustrations. \u00abAvant, j\u2019\u00e9tais bien dans mes chansons, dans mes films, dans mes pi\u00e8ces de\u00a0<a href=\"https:\/\/madame.lefigaro.fr\/tag\/theatre\" target=\"_blank\" rel=\"noopener\" data-gtm-custom-categorie=\"navigation\" data-gtm-custom-action=\"crossclick\" data-gtm-custom-label=\"Contextuel\" data-gtm-event=\"customEventSPE\">th\u00e9\u00e2tre<\/a>. Maintenant, je suis bien dans ma vie, c\u2019est tr\u00e8s diff\u00e9rent. J\u2019ai de la chance.\u00a0\u00bb Un bonheur qui d\u00e9passe absolument tout ce qu\u2019il a connu dans la vie auparavant. \u00abJ\u2019ai connu des petits bonheurs, mais le bonheur, c\u2019est autre chose, c\u2019est un parfum, entrer dans une pi\u00e8ce et vous comprenez tout, vous comprenez pourquoi vous \u00eates vivant\u00bb, s\u2019\u00e9panche-t-il.<\/p>\n","protected":false},"excerpt":{"rendered":"Marc Lavoine et Adriana Karembeu au th\u00e9\u00e2tre des Champs \u00c9lys\u00e9e. (Paris, le 18 septembre 2024.) Shootpix\/ABACA Le chanteur&hellip;\n","protected":false},"author":2,"featured_media":53019,"comment_status":"","ping_status":"","sticky":false,"template":"","format":"standard","meta":{"footnotes":""},"categories":[8],"tags":[976,6382,1376,972,1696,1193,58,59,638,1011,27,977,13505,7593,973,975,974],"class_list":{"0":"post-53018","1":"post","2":"type-post","3":"status-publish","4":"format-standard","5":"has-post-thumbnail","7":"category-divertissement","8":"tag-actu-people","9":"tag-adriana-karembeu","10":"tag-amour","11":"tag-celebrite","12":"tag-chanteur","13":"tag-couple","14":"tag-divertissement","15":"tag-entertainment","16":"tag-figaro","17":"tag-fr","18":"tag-france","19":"tag-madame","20":"tag-mannequin","21":"tag-marc-lavoine","22":"tag-people","23":"tag-potain-de-stars","24":"tag-star"},"share_on_mastodon":{"url":"https:\/\/pubeurope.com\/@fr\/114401347188059427","error":""},"_links":{"self":[{"href":"https:\/\/www.europesays.com\/fr\/wp-json\/wp\/v2\/posts\/53018","targetHints":{"allow":["GET"]}}],"collection":[{"href":"https:\/\/www.europesays.com\/fr\/wp-json\/wp\/v2\/posts"}],"about":[{"href":"https:\/\/www.europesays.com\/fr\/wp-json\/wp\/v2\/types\/post"}],"author":[{"embeddable":true,"href":"https:\/\/www.europesays.com\/fr\/wp-json\/wp\/v2\/users\/2"}],"replies":[{"embeddable":true,"href":"https:\/\/www.europesays.com\/fr\/wp-json\/wp\/v2\/comments?post=53018"}],"version-history":[{"count":0,"href":"https:\/\/www.europesays.com\/fr\/wp-json\/wp\/v2\/posts\/53018\/revisions"}],"wp:featuredmedia":[{"embeddable":true,"href":"https:\/\/www.europesays.com\/fr\/wp-json\/wp\/v2\/media\/53019"}],"wp:attachment":[{"href":"https:\/\/www.europesays.com\/fr\/wp-json\/wp\/v2\/media?parent=53018"}],"wp:term":[{"taxonomy":"category","embeddable":true,"href":"https:\/\/www.europesays.com\/fr\/wp-json\/wp\/v2\/categories?post=53018"},{"taxonomy":"post_tag","embeddable":true,"href":"https:\/\/www.europesays.com\/fr\/wp-json\/wp\/v2\/tags?post=53018"}],"curies":[{"name":"wp","href":"https:\/\/api.w.org\/{rel}","templated":true}]}}