{"id":530194,"date":"2025-11-13T00:57:20","date_gmt":"2025-11-13T00:57:20","guid":{"rendered":"https:\/\/www.europesays.com\/fr\/530194\/"},"modified":"2025-11-13T00:57:20","modified_gmt":"2025-11-13T00:57:20","slug":"le-programme-du-jeudi-13-novembre-a-turin-avec-alcaraz-fritz-musetti-et-de-minaur","status":"publish","type":"post","link":"https:\/\/www.europesays.com\/fr\/530194\/","title":{"rendered":"le programme du jeudi 13 novembre \u00e0 Turin avec Alcaraz, Fritz, Musetti et De Minaur"},"content":{"rendered":"<p>\n\t\t\t\t\tDerni\u00e8re journ\u00e9e du groupe Jimmy Connors, ce jeudi. Tout reste encore \u00e0 jouer entre les quatre protagonistes, qui se battent pour les deux tickets synonymes de qualification pour le dernier carr\u00e9.\t\t\t\t<\/p>\n<p>\t\t\t\t\t<img loading=\"lazy\" width=\"527\" height=\"297\" src=\"https:\/\/www.europesays.com\/fr\/wp-content\/uploads\/2025\/11\/gettyimages-2245713840-2048x2048-1-e1762974390419-527x297.jpg\" class=\"attachment-csco-thumbnail-uncropped size-csco-thumbnail-uncropped wp-post-image\" alt=\"Carlos Alcaraz d\u00e9fiera Lorenzo Musetti ce jeudi. (Getty Images)\" decoding=\"async\"  \/>\t\t\t\t\t<img loading=\"lazy\" width=\"1044\" height=\"587\" src=\"https:\/\/www.europesays.com\/fr\/wp-content\/uploads\/2025\/11\/gettyimages-2245713840-2048x2048-1-e1762974390419-1044x587.jpg\" class=\"attachment-csco-large-uncropped size-csco-large-uncropped wp-post-image\" alt=\"Carlos Alcaraz d\u00e9fiera Lorenzo Musetti ce jeudi. (Getty Images)\" decoding=\"async\"  \/>\t\t\t\t<\/p>\n<p>\n\t\t\t\t\t\tCarlos Alcaraz d\u00e9fiera Lorenzo Musetti ce jeudi. (Getty Images)\t\t\t\t\t<\/p>\n<p data-start=\"1079\" data-end=\"1115\">Quatre joueurs, deux places en demi-finales. Programme charg\u00e9 ce jeudi \u00e0 Turin, o\u00f9 <strong>Carlos Alcaraz<\/strong> affrontera <strong>Lorenzo Musetti<\/strong>, tandis que <strong>Taylor Fritz<\/strong> sera oppos\u00e9 \u00e0 <strong>Alex De Minaur<\/strong>.<\/p>\n<p><strong data-start=\"1083\" data-end=\"1115\">O\u00f9 regarder les ATP Finals ?<\/strong><\/p>\n<p><strong data-start=\"1187\" data-end=\"1216\">La programmation compl\u00e8te<\/strong><\/p>\n<p data-start=\"1217\" data-end=\"1244\"><strong data-start=\"1217\" data-end=\"1242\">Pala Alpitour \u2013 Turin<\/strong><\/p>\n<p data-start=\"157\" data-end=\"655\">Le premier match opposera <strong data-start=\"183\" data-end=\"216\">Taylor Fritz \u00e0 Alex De Minaur<\/strong>. Ce dernier, avec deux d\u00e9faites, est en tr\u00e8s mauvaise posture dans le groupe Jimmy Connors. De son c\u00f4t\u00e9, <strong data-start=\"322\" data-end=\"420\">l\u2019Am\u00e9ricain affiche un bilan d\u2019une victoire (contre Musetti) pour une d\u00e9faite (face \u00e0 Alcaraz)<\/strong>. Lors de son match pr\u00e9c\u00e9dent, il a <strong data-start=\"456\" data-end=\"488\">plus que bouscul\u00e9 l\u2019Espagnol<\/strong>, qui s\u2019est finalement impos\u00e9 en trois sets. Les deux joueurs vont <strong data-start=\"555\" data-end=\"587\">s\u2019affronter pour la 11e fois<\/strong>, et le face-\u00e0-face est pour l\u2019instant parfaitement \u00e9quilibr\u00e9 (5\u20135).<\/p>\n<p data-start=\"657\" data-end=\"1263\">Enfin, <strong data-start=\"664\" data-end=\"690\">grand favori du groupe<\/strong>, Carlos Alcaraz d\u00e9fiera <strong data-start=\"715\" data-end=\"734\">Lorenzo Musetti<\/strong>. Plus qu\u2019une simple qualification, l\u2019Espagnol jouera <strong data-start=\"788\" data-end=\"815\">la place de n\u00b01 mondial<\/strong>. En effet, en cas de succ\u00e8s, il sera assur\u00e9 de terminer l\u2019ann\u00e9e en t\u00eate du classement ATP. Pour l\u2019instant, il compte <strong data-start=\"933\" data-end=\"971\">deux victoires en autant de matchs<\/strong>, tandis que <strong data-start=\"984\" data-end=\"1093\">l\u2019Italien s\u2019est inclin\u00e9 face \u00e0 Fritz mais s\u2019est impos\u00e9 au terme d\u2019une fin de match folle contre De Minaur<\/strong>.<br data-start=\"1094\" data-end=\"1097\"\/>Le face-\u00e0-face est de <strong data-start=\"1119\" data-end=\"1151\">6\u20131 en faveur du n\u00b01 mondial<\/strong>, qui a remport\u00e9 les <strong data-start=\"1172\" data-end=\"1205\" data-is-only-node=\"\">cinq derni\u00e8res confrontations<\/strong>, dont <strong data-start=\"1212\" data-end=\"1233\">trois cette ann\u00e9e<\/strong>, toutes sur <strong data-start=\"1246\" data-end=\"1262\">terre battue<\/strong>.<\/p>\n","protected":false},"excerpt":{"rendered":"Derni\u00e8re journ\u00e9e du groupe Jimmy Connors, ce jeudi. Tout reste encore \u00e0 jouer entre les quatre protagonistes, qui&hellip;\n","protected":false},"author":2,"featured_media":530195,"comment_status":"","ping_status":"","sticky":false,"template":"","format":"standard","meta":{"footnotes":""},"categories":[1415],"tags":[10859,62964,7779,1011,27,19896,60,15535,1467],"class_list":{"0":"post-530194","1":"post","2":"type-post","3":"status-publish","4":"format-standard","5":"has-post-thumbnail","7":"category-tennis","8":"tag-alex-de-minaur","9":"tag-atp-finals","10":"tag-carlos-alcaraz","11":"tag-fr","12":"tag-france","13":"tag-lorenzo-musetti","14":"tag-sports","15":"tag-taylor-fritz","16":"tag-tennis"},"share_on_mastodon":{"url":"https:\/\/pubeurope.com\/@fr\/115539676651408579","error":""},"_links":{"self":[{"href":"https:\/\/www.europesays.com\/fr\/wp-json\/wp\/v2\/posts\/530194","targetHints":{"allow":["GET"]}}],"collection":[{"href":"https:\/\/www.europesays.com\/fr\/wp-json\/wp\/v2\/posts"}],"about":[{"href":"https:\/\/www.europesays.com\/fr\/wp-json\/wp\/v2\/types\/post"}],"author":[{"embeddable":true,"href":"https:\/\/www.europesays.com\/fr\/wp-json\/wp\/v2\/users\/2"}],"replies":[{"embeddable":true,"href":"https:\/\/www.europesays.com\/fr\/wp-json\/wp\/v2\/comments?post=530194"}],"version-history":[{"count":0,"href":"https:\/\/www.europesays.com\/fr\/wp-json\/wp\/v2\/posts\/530194\/revisions"}],"wp:featuredmedia":[{"embeddable":true,"href":"https:\/\/www.europesays.com\/fr\/wp-json\/wp\/v2\/media\/530195"}],"wp:attachment":[{"href":"https:\/\/www.europesays.com\/fr\/wp-json\/wp\/v2\/media?parent=530194"}],"wp:term":[{"taxonomy":"category","embeddable":true,"href":"https:\/\/www.europesays.com\/fr\/wp-json\/wp\/v2\/categories?post=530194"},{"taxonomy":"post_tag","embeddable":true,"href":"https:\/\/www.europesays.com\/fr\/wp-json\/wp\/v2\/tags?post=530194"}],"curies":[{"name":"wp","href":"https:\/\/api.w.org\/{rel}","templated":true}]}}