{"id":530207,"date":"2025-11-13T01:08:28","date_gmt":"2025-11-13T01:08:28","guid":{"rendered":"https:\/\/www.europesays.com\/fr\/530207\/"},"modified":"2025-11-13T01:08:28","modified_gmt":"2025-11-13T01:08:28","slug":"le-gang-des-amazones-lhistoire-vraie-dun-gang-de-braqueuses","status":"publish","type":"post","link":"https:\/\/www.europesays.com\/fr\/530207\/","title":{"rendered":"\u00ab\u00a0Le Gang des Amazones\u00a0\u00bb, l&rsquo;histoire vraie d&rsquo;un gang de braqueuses"},"content":{"rendered":"<p>      lire plus tard<\/p>\n<p id=\"dialog__title\" class=\"dialog__title\">Pour sauvegarder cet article, connectez-vous ou cr\u00e9ez un compte franceinfo<\/p>\n<p class=\"dialog__description\">Sans paiement. Sans abonnement.<\/p>\n<p>        Fermer la fen\u00eatre d\u2019activation des notifications France Info<\/p>\n<p>      cr\u00e9er votre compte<\/p>\n<p>      se connecter<\/p>\n<p>        Fermer la fen\u00eatre de pr\u00e9sentation<\/p>\n<p>    Publi\u00e9 le 12\/11\/2025 16:21<\/p>\n<p>        Temps de lecture : 2min &#8211; vid\u00e9o : 2min<\/p>\n<p>    <img decoding=\"async\" class=\"francetv-player-wrapper__image\" alt=\"Cin\u00e9ma : &quot;Le Gang des Amazones&quot;, l'histoire vraie d'un gang de braqueuses\"  width=\"432\" height=\"243\" src=\"https:\/\/www.europesays.com\/fr\/wp-content\/uploads\/2025\/11\/gang-6914a5a3d7088750726593.png\" fetchpriority=\"high\"\/><\/p>\n<p>              Cin\u00e9ma : \u00ab\u00a0Le Gang des Amazones\u00a0\u00bb, l&rsquo;histoire vraie d&rsquo;un gang de braqueuses<br \/>\n                    (France 2)<\/p>\n<p>      2min<\/p>\n<p>\n  \u00ab\u00a0Le Gang des Amazones\u00a0\u00bb sort mercredi 12 novembre au cin\u00e9ma. Le film raconte l&rsquo;histoire vraie de cinq amies d\u2019enfance, qui au d\u00e9but des ann\u00e9es 90 braquaient les banques dans la r\u00e9gion d&rsquo;Avignon. Pr\u00e9sentation.\n<\/p>\n<p><strong>Ce texte correspond \u00e0 une partie de la retranscription du reportage ci-dessus. Cliquez sur la vid\u00e9o pour la regarder en int\u00e9gralit\u00e9.<\/strong><\/p>\n<p>Elles n&rsquo;ont gu\u00e8re plus de 20 ans, et du mal \u00e0 joindre les deux. \u00c0 court de solutions, elles basculent. Le film est inspir\u00e9 d&rsquo;une histoire vraie : celle d&rsquo;un groupe de jeunes femmes, pour certaines m\u00e8res de famille, <a href=\"https:\/\/www.franceinfo.fr\/culture\/cinema\/sorties-de-films\/le-gang-des-amazones-izia-higelin-lyna-khoudri-mallory-wanecque-et-laura-felpin-dans-un-film-de-braquage-au-feminin_7597169.html\" target=\"_blank\" rel=\"noopener nofollow\" data-tooltip-url=\"https:\/\/www.franceinfo.fr\/culture\/cinema\/sorties-de-films\/le-gang-des-amazones-izia-higelin-lyna-khoudri-mallory-wanecque-et-laura-felpin-dans-un-film-de-braquage-au-feminin_7597169.html\">auteures de sept braquages dans le sud de la France<\/a> entre 1989 et 1991. \u00ab\u00a0Elles ont fait courir les gendarmes pendant plus de deux ans, et donn\u00e9 quelques insomnies \u00e0 tous les banquiers du secteur\u00a0\u00bb, pouvait-on entendre \u00e0 la t\u00e9l\u00e9vision.<\/p>\n<p>35 ans plus tard, l&rsquo;avant-premi\u00e8re du film a lieu \u00e0 Paris. Deux des ex-braqueuses accompagnent la promotion du film. \u00ab\u00a0Ce film me permet de me justifier devant mes enfants, devant mes petits-enfants et devant les personnes \u00e0 qui j&rsquo;ai d\u00fb faire du mal inconsciemment\u00a0\u00bb, explique H\u00e9l\u00e8ne Trinidad, membre du \u00ab\u00a0Gang des Amazones\u00a0\u00bb de 1989 \u00e0 1991.<\/p>\n<p>Les Amazones, comme on les a surnomm\u00e9es, ont m\u00eame conseill\u00e9 les actrices pendant le tournage. \u00ab\u00a0\u00c7a, c&rsquo;est beau. Des histoires vraies, on en fait assez rarement. Mais alors des histoires vraies avec des personnes bien vivantes comme ces deux-ci, c&rsquo;est exceptionnel. Du coup, c&rsquo;est hyper enrichissant. C&rsquo;est une chance, de les rencontrer\u00a0\u00bb, confie la com\u00e9dienne Mallory Wanecque.<\/p>\n<p>Le film revient aussi sur le proc\u00e8s et la ligne de d\u00e9fense choisie par leurs avocats. \u00ab\u00a0La pauvret\u00e9 produit la frustration, la frustration produit la col\u00e8re\u00a0\u00bb, entend-on dans le film. Strat\u00e9gie payante : apr\u00e8s quelques mois de d\u00e9tention provisoire, elles n&rsquo;\u00e9coperont que de peines avec sursis. Une seule d&rsquo;entre elles fera un an de prison. \u00ab\u00a0On met un peu en avant une cat\u00e9gorie et des probl\u00e8mes soci\u00e9taux qui sont un peu laiss\u00e9s de c\u00f4t\u00e9. Et du coup, je trouve que le film \u00e9tait vraiment g\u00e9nial et moi, j&rsquo;ai l\u00e2ch\u00e9 ma petite larme \u00e0 la fin, voil\u00e0\u00a0\u00bb, r\u00e9agit une spectatrice.<\/p>\n<p>\u00c0 chacun de se faire une id\u00e9e sur la morale de l&rsquo;histoire. Les ex-braqueuses, elles, n&rsquo;ont jamais replong\u00e9.<\/p>\n","protected":false},"excerpt":{"rendered":"lire plus tard Pour sauvegarder cet article, connectez-vous ou cr\u00e9ez un compte franceinfo Sans paiement. Sans abonnement. Fermer&hellip;\n","protected":false},"author":2,"featured_media":530208,"comment_status":"","ping_status":"","sticky":false,"template":"","format":"standard","meta":{"footnotes":""},"categories":[1354],"tags":[58,59,1346,1011,27,1360],"class_list":{"0":"post-530207","1":"post","2":"type-post","3":"status-publish","4":"format-standard","5":"has-post-thumbnail","7":"category-films","8":"tag-divertissement","9":"tag-entertainment","10":"tag-films","11":"tag-fr","12":"tag-france","13":"tag-movies"},"share_on_mastodon":{"url":"https:\/\/pubeurope.com\/@fr\/115539720519708594","error":""},"_links":{"self":[{"href":"https:\/\/www.europesays.com\/fr\/wp-json\/wp\/v2\/posts\/530207","targetHints":{"allow":["GET"]}}],"collection":[{"href":"https:\/\/www.europesays.com\/fr\/wp-json\/wp\/v2\/posts"}],"about":[{"href":"https:\/\/www.europesays.com\/fr\/wp-json\/wp\/v2\/types\/post"}],"author":[{"embeddable":true,"href":"https:\/\/www.europesays.com\/fr\/wp-json\/wp\/v2\/users\/2"}],"replies":[{"embeddable":true,"href":"https:\/\/www.europesays.com\/fr\/wp-json\/wp\/v2\/comments?post=530207"}],"version-history":[{"count":0,"href":"https:\/\/www.europesays.com\/fr\/wp-json\/wp\/v2\/posts\/530207\/revisions"}],"wp:featuredmedia":[{"embeddable":true,"href":"https:\/\/www.europesays.com\/fr\/wp-json\/wp\/v2\/media\/530208"}],"wp:attachment":[{"href":"https:\/\/www.europesays.com\/fr\/wp-json\/wp\/v2\/media?parent=530207"}],"wp:term":[{"taxonomy":"category","embeddable":true,"href":"https:\/\/www.europesays.com\/fr\/wp-json\/wp\/v2\/categories?post=530207"},{"taxonomy":"post_tag","embeddable":true,"href":"https:\/\/www.europesays.com\/fr\/wp-json\/wp\/v2\/tags?post=530207"}],"curies":[{"name":"wp","href":"https:\/\/api.w.org\/{rel}","templated":true}]}}