{"id":530217,"date":"2025-11-13T01:13:15","date_gmt":"2025-11-13T01:13:15","guid":{"rendered":"https:\/\/www.europesays.com\/fr\/530217\/"},"modified":"2025-11-13T01:13:15","modified_gmt":"2025-11-13T01:13:15","slug":"estimant-que-leur-radio-perd-son-ame-les-salaries-de-france-inter-ecrivent-a-adele-van-reeth-et-a-sibyle-veil-liberation","status":"publish","type":"post","link":"https:\/\/www.europesays.com\/fr\/530217\/","title":{"rendered":"Estimant que leur radio \u00abperd son \u00e2me\u00bb, les salari\u00e9s de France Inter \u00e9crivent \u00e0 Ad\u00e8le Van Reeth et \u00e0 Sibyle Veil \u2013 Lib\u00e9ration"},"content":{"rendered":"<p class=\"sc-cPiKLX AiZTS text-element\">Elles estiment ni plus ni moins que France Inter \u00abperd son \u00e2me\u00bb et que la direction \u00absemble avancer en pilotage automatique\u00bb. Les diff\u00e9rentes instances repr\u00e9sentantes des salari\u00e9s de la radio ont envoy\u00e9 ce mercredi matin une lettre \u00e0 Ad\u00e8le Van Reeth et \u00e0 Sibyle Veil, respectivement directrice de <a href=\"https:\/\/www.liberation.fr\/economie\/medias\/france-inter-se-separe-de-marie-sinfiltre-lhumoriste-qui-ne-fait-pas-rire-20251028_VASM3O6H45CA3NJMIBE3QNTGUY\/\" target=\"_blank\" rel=\"noreferrer noopener\" title=\"https:\/\/www.liberation.fr\/economie\/medias\/france-inter-se-separe-de-marie-sinfiltre-lhumoriste-qui-ne-fait-pas-rire-20251028_VASM3O6H45CA3NJMIBE3QNTGUY\/\">France Inter<\/a> et PDG de Radio France, pour se plaindre \u00abd\u2019un mal-\u00eatre profond\u00bb au sein des \u00e9quipes de la premi\u00e8re radio de France.<\/p>\n<p class=\"sc-cPiKLX AiZTS text-element\">Sur trois pages, dont Lib\u00e9ration a pu prendre connaissance, la soci\u00e9t\u00e9 des journalistes, celle des producteurs, des r\u00e9alisateurs, le collectif des programmateurs et des attach\u00e9s de production et les techniciens du son s\u2019alarment de divers \u00ab\u00e9v\u00e9nements graves [qui] ont secou\u00e9 la station et suscit\u00e9 l\u2019indignation des salari\u00e9s\u00bb.<\/p>\n<p class=\"sc-cPiKLX AiZTS text-element\">Le premier \u00e9l\u00e9ment pr\u00e9cis\u00e9ment \u00e9voqu\u00e9 concerne Thomas Legrand, par ailleurs journaliste \u00e0 Lib\u00e9ration, \u00e9cart\u00e9 de l\u2019antenne \u00e0 la rentr\u00e9e apr\u00e8s ce qui est devenu, <a href=\"https:\/\/www.liberation.fr\/economie\/medias\/affaire-legrand-cohen-lobsession-des-medias-de-bollore-en-chiffres-20251001_FL7FW5CSDBHYFJNPSYXVMBSZTQ\/\" target=\"_blank\" rel=\"noreferr&lt;\/p&gt;&lt;\/div&gt;&lt;\/article&gt;&lt;\/div&gt;&lt;div data-fusion-lazy-id= noopener\" f0f8vgvlad832fw=\"\"><\/p>\n","protected":false},"excerpt":{"rendered":"Elles estiment ni plus ni moins que France Inter \u00abperd son \u00e2me\u00bb et que la direction \u00absemble avancer&hellip;\n","protected":false},"author":2,"featured_media":530218,"comment_status":"","ping_status":"","sticky":false,"template":"","format":"standard","meta":{"footnotes":""},"categories":[6],"tags":[35,33,34,1011,27,9102],"class_list":{"0":"post-530217","1":"post","2":"type-post","3":"status-publish","4":"format-standard","5":"has-post-thumbnail","7":"category-economie","8":"tag-business","9":"tag-economie","10":"tag-economy","11":"tag-fr","12":"tag-france","13":"tag-france-inter"},"share_on_mastodon":{"url":"https:\/\/pubeurope.com\/@fr\/115539738915356308","error":""},"_links":{"self":[{"href":"https:\/\/www.europesays.com\/fr\/wp-json\/wp\/v2\/posts\/530217","targetHints":{"allow":["GET"]}}],"collection":[{"href":"https:\/\/www.europesays.com\/fr\/wp-json\/wp\/v2\/posts"}],"about":[{"href":"https:\/\/www.europesays.com\/fr\/wp-json\/wp\/v2\/types\/post"}],"author":[{"embeddable":true,"href":"https:\/\/www.europesays.com\/fr\/wp-json\/wp\/v2\/users\/2"}],"replies":[{"embeddable":true,"href":"https:\/\/www.europesays.com\/fr\/wp-json\/wp\/v2\/comments?post=530217"}],"version-history":[{"count":0,"href":"https:\/\/www.europesays.com\/fr\/wp-json\/wp\/v2\/posts\/530217\/revisions"}],"wp:featuredmedia":[{"embeddable":true,"href":"https:\/\/www.europesays.com\/fr\/wp-json\/wp\/v2\/media\/530218"}],"wp:attachment":[{"href":"https:\/\/www.europesays.com\/fr\/wp-json\/wp\/v2\/media?parent=530217"}],"wp:term":[{"taxonomy":"category","embeddable":true,"href":"https:\/\/www.europesays.com\/fr\/wp-json\/wp\/v2\/categories?post=530217"},{"taxonomy":"post_tag","embeddable":true,"href":"https:\/\/www.europesays.com\/fr\/wp-json\/wp\/v2\/tags?post=530217"}],"curies":[{"name":"wp","href":"https:\/\/api.w.org\/{rel}","templated":true}]}}